{"id":11762,"date":"2024-08-12T08:19:05","date_gmt":"2024-08-12T08:19:05","guid":{"rendered":"https:\/\/jag.se\/assistans\/?p=11762"},"modified":"2024-08-12T08:19:10","modified_gmt":"2024-08-12T08:19:10","slug":"jag-ar-med-och-paverkar-varlden","status":"publish","type":"post","link":"https:\/\/jag.se\/assistans\/jag-ar-med-och-paverkar-varlden\/","title":{"rendered":"JAG \u00e4r med och p\u00e5verkar v\u00e4rlden\u00a0"},"content":{"rendered":"<section class=\"text-block white  \">\n    <div class=\"block-icon\"><\/div>\n\t<div class=\"inner\">\n\t\t<div class=\"text-block-content\">\n\t\t\t\t<p><span class=\"ui-provider a b c d e f g h i j k l m n o p q r s t u v w x y z ab ac ae af ag ah ai aj ak\" dir=\"ltr\">F\u00f6rra veckan tog jag Hillevi Larsson och min kollega Linnea Nystr\u00f6m emot studenter och l\u00e4rare fr\u00e5n College of Law in California med fokus p\u00e5 &#8221;The Intersectionality of Health, Education, Accessibility, and Disability Law\u201d. <\/span><\/p>\n<p><span class=\"ui-provider a b c d e f g h i j k l m n o p q r s t u v w x y z ab ac ae af ag ah ai aj ak\" dir=\"ltr\">Det blev ett starkt m\u00f6te d\u00e4r de fick nya perspektiv och ny f\u00f6rst\u00e5else om Independent Living som de kommer ta med sig hem till USA. De sa att det h\u00e4r studiebes\u00f6ket var det bes\u00f6k som gav dem allra mest under deras bes\u00f6k i Sverige. Det g\u00f6r mig stolt!<\/span><\/p>\n\t\t<\/div>\n<\/section>\n\n\n<section class=\"text-block ocean  \">\n    <div class=\"block-icon\"><\/div>\n\t<div class=\"inner\">\n\t\t<div class=\"text-block-content\">\n\t\t\t\t<p>Blogginl\u00e4gg av <span class=\"ui-provider a b c d e f g h i j k l m n o p q r s t u v w x y z ab ac ae af ag ah ai aj ak\" dir=\"ltr\"> Hillevi Larsson<\/span>, deltagare p\u00e5 JAG-Center ( JAGs dagliga verksamhet som finns p\u00e5 kansliet i Stockholm).<\/p>\n\t\t<\/div>\n<\/section>\n\n\n<section class=\"links-list white-bg\">\n\t<div class=\"inner\">\n\t\t\t\t<ul >\n\t\t\t\t\t\t\t<li><a href=\"https:\/\/jag.se\/assistans\/daglig-verksamhet\/\">Daglig verksamhet<\/a><\/li>\n\t\t\t\t\t\t\t\t<li><a href=\"https:\/\/jag.se\/opinion\/\">Riksf\u00f6reningen JAG<\/a><\/li>\n\t\t\t\t\t\t<\/ul>\n\t\t\t\t<\/div>\n<\/section>\n","protected":false},"excerpt":{"rendered":"","protected":false},"author":6,"featured_media":11773,"comment_status":"open","ping_status":"open","sticky":false,"template":"","format":"standard","meta":{"footnotes":""},"categories":[16,17],"tags":[],"class_list":["post-11762","post","type-post","status-publish","format-standard","has-post-thumbnail","hentry","category-medborgerligrattighet","category-personligassistans"],"acf":[],"_links":{"self":[{"href":"https:\/\/jag.se\/assistans\/wp-json\/wp\/v2\/posts\/11762","targetHints":{"allow":["GET"]}}],"collection":[{"href":"https:\/\/jag.se\/assistans\/wp-json\/wp\/v2\/posts"}],"about":[{"href":"https:\/\/jag.se\/assistans\/wp-json\/wp\/v2\/types\/post"}],"author":[{"embeddable":true,"href":"https:\/\/jag.se\/assistans\/wp-json\/wp\/v2\/users\/6"}],"replies":[{"embeddable":true,"href":"https:\/\/jag.se\/assistans\/wp-json\/wp\/v2\/comments?post=11762"}],"version-history":[{"count":30,"href":"https:\/\/jag.se\/assistans\/wp-json\/wp\/v2\/posts\/11762\/revisions"}],"predecessor-version":[{"id":11795,"href":"https:\/\/jag.se\/assistans\/wp-json\/wp\/v2\/posts\/11762\/revisions\/11795"}],"wp:featuredmedia":[{"embeddable":true,"href":"https:\/\/jag.se\/assistans\/wp-json\/wp\/v2\/media\/11773"}],"wp:attachment":[{"href":"https:\/\/jag.se\/assistans\/wp-json\/wp\/v2\/media?parent=11762"}],"wp:term":[{"taxonomy":"category","embeddable":true,"href":"https:\/\/jag.se\/assistans\/wp-json\/wp\/v2\/categories?post=11762"},{"taxonomy":"post_tag","embeddable":true,"href":"https:\/\/jag.se\/assistans\/wp-json\/wp\/v2\/tags?post=11762"}],"curies":[{"name":"wp","href":"https:\/\/api.w.org\/{rel}","templated":true}]}}