{"id":1859,"date":"2021-08-02T09:44:21","date_gmt":"2021-08-02T09:44:21","guid":{"rendered":"https:\/\/jag.se\/assistans\/rimligt-och-skaligt-sager-de\/"},"modified":"2023-08-09T14:58:00","modified_gmt":"2023-08-09T14:58:00","slug":"rimligt-och-skaligt-sager-de","status":"publish","type":"post","link":"https:\/\/jag.se\/assistans\/rimligt-och-skaligt-sager-de\/","title":{"rendered":"Rimligt och sk\u00e4ligt, s\u00e4ger de"},"content":{"rendered":"<section class=\"text-block white  \">\n    <div class=\"block-icon\"><\/div>\n\t<div class=\"inner\">\n\t\t<div class=\"text-block-content\">\n\t\t\t\t<p><\/p>\n<p>\u201dDet \u00e4r inte rimligt och sk\u00e4ligt att duscha tv\u00e5 g\u00e5nger om dagen\u201d<\/p>\n<p><\/p>\n<p><\/p>\n<p>\u201dDet \u00e4r inte rimligt och sk\u00e4ligt att g\u00e5 p\u00e5 toaletten fem g\u00e5nger om dagen\u201d<\/p>\n<p><\/p>\n<p><\/p>\n<p>\u201dDet \u00e4r inte rimligt och sk\u00e4ligt att tr\u00e4na varje dag\u201d<\/p>\n<p><\/p>\n<p><\/p>\n<p>\u201dDu f\u00e5r precis som vem som helst prioritera bland dina behov\u201d<\/p>\n<p><\/p>\n<p><\/p>\n<p>P\u00e5 detta s\u00e4tt resonerar handl\u00e4ggare i svenska myndigheter.<\/p>\n<p><\/p>\n<p><\/p>\n<p>Att LSS och assistansr\u00e4tten ska utg\u00e5 fr\u00e5n den enskildes alldeles egna behov verkar ha bl\u00e5st bort ur handl\u00e4ggningen. Ist\u00e4llet j\u00e4mf\u00f6rs den s\u00f6kande med n\u00e5gon slags standardperson som vill duscha, g\u00e5 p\u00e5 toaletten och tr\u00e4na si eller s\u00e5 m\u00e5nga g\u00e5nger per dygn.<\/p>\n<p><\/p>\n<p><\/p>\n<p>Vad \u00e4r rimligt med att g\u00f6ra denna j\u00e4mf\u00f6relse? Vem utg\u00f6r denna standardperson? Assistansanv\u00e4ndare hos oss har ofta flera och omfattande funktionsvariationer och varje person har sina individuella behov. Eller som n\u00e5gon sa en g\u00e5ng: vi har samma behov men olika s\u00e4tt att f\u00e5 dem tillgodosedda.<\/p>\n<p><\/p>\n<p><\/p>\n<p>S\u00e5 forts\u00e4tt h\u00e4vda r\u00e4tten till att just dina behov ska beaktas och v\u00e4gra j\u00e4mf\u00f6ras med en fiktiv standardperson.<\/p>\n<p><\/p>\n<p><\/p>\n<p>F\u00f6r det \u00e4r banne mig fullst\u00e4ndigt orimligt och osk\u00e4ligt!<\/p>\n<p><\/p>\n<p><\/p>\n<p>Inl\u00e4gget <a href=\"https:\/\/jag.se\/rimligt-och-skaligt-sager-de\/\" rel=\"nofollow\">Rimligt och sk\u00e4ligt, s\u00e4ger de<\/a> d\u00f6k f\u00f6rst upp p\u00e5 <a href=\"https:\/\/jag.se\" rel=\"nofollow\">JAG Personlig assistans<\/a>.<\/p>\n<p><\/p>\n\t\t<\/div>\n<\/section>\n\n\n\n<p><\/p>\n","protected":false},"excerpt":{"rendered":"","protected":false},"author":1,"featured_media":0,"comment_status":"closed","ping_status":"open","sticky":false,"template":"","format":"standard","meta":{"footnotes":""},"categories":[1],"tags":[],"class_list":["post-1859","post","type-post","status-publish","format-standard","hentry","category-uncategorized"],"acf":[],"_links":{"self":[{"href":"https:\/\/jag.se\/assistans\/wp-json\/wp\/v2\/posts\/1859","targetHints":{"allow":["GET"]}}],"collection":[{"href":"https:\/\/jag.se\/assistans\/wp-json\/wp\/v2\/posts"}],"about":[{"href":"https:\/\/jag.se\/assistans\/wp-json\/wp\/v2\/types\/post"}],"author":[{"embeddable":true,"href":"https:\/\/jag.se\/assistans\/wp-json\/wp\/v2\/users\/1"}],"replies":[{"embeddable":true,"href":"https:\/\/jag.se\/assistans\/wp-json\/wp\/v2\/comments?post=1859"}],"version-history":[{"count":3,"href":"https:\/\/jag.se\/assistans\/wp-json\/wp\/v2\/posts\/1859\/revisions"}],"predecessor-version":[{"id":6155,"href":"https:\/\/jag.se\/assistans\/wp-json\/wp\/v2\/posts\/1859\/revisions\/6155"}],"wp:attachment":[{"href":"https:\/\/jag.se\/assistans\/wp-json\/wp\/v2\/media?parent=1859"}],"wp:term":[{"taxonomy":"category","embeddable":true,"href":"https:\/\/jag.se\/assistans\/wp-json\/wp\/v2\/categories?post=1859"},{"taxonomy":"post_tag","embeddable":true,"href":"https:\/\/jag.se\/assistans\/wp-json\/wp\/v2\/tags?post=1859"}],"curies":[{"name":"wp","href":"https:\/\/api.w.org\/{rel}","templated":true}]}}