{"id":1866,"date":"2020-07-03T14:30:47","date_gmt":"2020-07-03T14:30:47","guid":{"rendered":"https:\/\/jag.se\/assistans\/independent-living-for-fler-efter-lagandring\/"},"modified":"2022-03-18T16:05:02","modified_gmt":"2022-03-18T16:05:02","slug":"independent-living-for-fler-efter-lagandring","status":"publish","type":"post","link":"https:\/\/jag.se\/assistans\/independent-living-for-fler-efter-lagandring\/","title":{"rendered":"Independent Living f\u00f6r fler efter lag\u00e4ndring"},"content":{"rendered":"<p>Den 1 juli f\u00f6rtydligades\u00a0de grundl\u00e4ggande behoven f\u00f6r r\u00e4tt till personlig assistans.\u00a0<\/p>\n<ul>\n<li>De grundl\u00e4ggande behoven\u00a0\u201dandning\u201doch\u00a0\u201datt\u00a0\u00e4ta\u00a0via sond\u201d\u00a0ska\u00a0nu\u00a0bed\u00f6mas i sin helhet\u00a0och assistans ska beviljas f\u00f6r hela hj\u00e4lpbehovet\u00a0oavsett hj\u00e4lpens karakt\u00e4r.\u00a0<\/li>\n<li>Behov som\u00a0\u00e4r direkt n\u00f6dv\u00e4ndiga f\u00f6r andning,\u00a0som till exempel sk\u00f6tsel av andningshj\u00e4lpmedel, och\u00a0hj\u00e4lpbehov av \u00e5tg\u00e4rder som \u00e4r direkt n\u00f6dv\u00e4ndiga\u00a0f\u00f6r f\u00f6rberedelse och efterarbete\u00a0f\u00f6r att \u00e4ta via sond, som till exempel reng\u00f6ring av sondspruta,\u00a0ska ocks\u00e5 ber\u00e4ttiga till assistans men ing\u00e5 i \u00f6vriga\u00a0personliga behov<\/li>\n<li>I lagtexten anges att inget avdrag f\u00f6r f\u00f6r\u00e4ldraansvar f\u00e5r g\u00f6ras f\u00f6r vare sig\u00a0andning eller\u00a0f\u00f6r att \u00e4ta\u00a0via sond. <\/li>\n<\/ul>\n<p>Lag\u00e4ndringen inneb\u00e4r en \u00e4ndring b\u00e5de i LSS och\u00a0i\u00a0socialf\u00f6rs\u00e4kringsbalken\u00a0d\u00e4r best\u00e4mmelserna\u00a0om assistansers\u00e4ttning\u00a0finns.\u00a0\u00a0<\/p>\n<p><em>S\u00e5 h\u00e4r gick det till<br \/>n<\/em>Den 1 november\u00a02019\u00a0\u00e4ndrades LSS och best\u00e4mmelserna i\u00a0socialf\u00f6rs\u00e4kringsbalken om assistansers\u00e4ttning\u00a0s\u00e5 att\u00a0katalogen\u00a0ut\u00f6kades fr\u00e5n fem till sex grundl\u00e4ggande behov:<\/p>\n<ul>\n<li>andning<\/li>\n<li>personlig hygien<\/li>\n<li>m\u00e5ltider<\/li>\n<li>att kl\u00e4 av och p\u00e5 sig<\/li>\n<li>att kommunicera med andra och<\/li>\n<li>annan hj\u00e4lp som f\u00f6ruts\u00e4tter ing\u00e5ende kunskap som grundl\u00e4ggande behov<\/li>\n<\/ul>\n<p>Tidigare har\u00a0stora delar av den\u00a0assistans som ges f\u00f6r att \u00e4ta med sond i de allra flesta fall bed\u00f6mts som ett \u00f6vrigt\u00a0personligt\u00a0behov.\u00a0Det\u00a0beror\u00a0fr\u00e4mst\u00a0p\u00e5\u00a0F\u00f6rs\u00e4kringskassans\u00a0<a href=\"https:\/\/www.forsakringskassan.se\/wps\/wcm\/connect\/1f7f5e55-caea-4200-bda6-86e6b592b3ee\/rs-sondmatning-2018-04.pdf?MOD=AJPERES&#038;CVID=\">tolkning<\/a>\u00a0av\u00a0en uppm\u00e4rksammad\u00a0<a href=\"https:\/\/www.domstol.se\/globalassets\/filer\/domstol\/hogstaforvaltningsdomstolen\/avgoranden\/2018\/hfd-2018-ref.-21.pdf\">dom<\/a>\u00a0fr\u00e5n H\u00f6gsta f\u00f6rvaltningsdomstolen\u00a0fr\u00e5n 2018. P\u00e5 grund av den restriktiva tolkningen har m\u00e5nga personer st\u00e4ngts ute fr\u00e5n assistansen eftersom deras grundl\u00e4ggande behov\u00a0inte\u00a0bed\u00f6mts n\u00e5\u00a0upp\u00a0till\u00a020-timmars gr\u00e4nsen.\u00a0<\/p>\n<p>I regeringens f\u00f6rsta lagf\u00f6rslag skulle\u00a0den pr\u00f6vning av behovets integritetsk\u00e4nslighet \u2013 som g\u00f6rs\u00a0vid bed\u00f6mningen av grundl\u00e4ggande behov\u00a0\u2013 skrivas in i lagtexten som huvudregel, en s\u00e5 kallad kodifiering av praxis. Sedan skulle undantag g\u00f6ras f\u00f6r behoven andning och sondm\u00e5ltider.\u00a0M\u00e5nga remissinstanser, d\u00e4ribland Riksf\u00f6reningen JAG,\u00a0var mycket kritiska till f\u00f6rslaget. Det skulle begr\u00e4nsa r\u00e4tten till assistans ytterligare och st\u00e5 i strid med lagens intentioner.\u00a0<\/p>\n<p>I det slutliga f\u00f6rslaget som r\u00f6stades igenom i riksdagen den 3 juni\u00a0i \u00e5r\u00a0hade rekvisitet mycket\u00a0\u201cprivat och integritetsk\u00e4nslig karakt\u00e4r\u201d tagits bort. En stor seger f\u00f6r alla i behov av assistans!<\/p>\n<p><em>Vilka kan f\u00e5 r\u00e4tt till personlig assistans efter lag\u00e4ndringen<\/em>?\u00a0<br \/>nDen tydligaste gruppen som kan beviljas\u00a0personlig assistans och\u00a0assistansers\u00e4ttning tack vare\u00a0lag\u00e4ndringen \u00e4r barn. P\u00e5 grund av de restriktiva\u00a0bed\u00f6mningarna\u00a0av andningshj\u00e4lp och\u00a0hj\u00e4lp\u00a0att \u00e4ta med sond \u2013\u00a0i kombination med\u00a0stora avdrag f\u00f6r f\u00f6r\u00e4ldraansvar\u00a0\u2013\u00a0har m\u00e5nga barn utest\u00e4ngts fr\u00e5n personlig assistans\u00a0eftersom\u00a0de\u00a0inte kommit upp i 20 timmar\u00a0sammanlagt\u00a0f\u00f6r grundl\u00e4ggande behov.\u00a0Detta trots att de inte kunnat l\u00e4mnas utan assistans\u00a0en enda minut under dygnet. Familjer har ibland tvingats l\u00e4mna bort barnet\u00a0till barnboende\u00a0som en sista utv\u00e4g\u00a0d\u00e5 familjens situation blivit oh\u00e5llbar.<\/p>\n<p>Att behoven andning och sondm\u00e5ltider\u00a0nu\u00a0ska\u00a0r\u00e4knas i sin helhet samt att avdraget f\u00f6r f\u00f6r\u00e4ldraansvar begr\u00e4nsas f\u00f6r dessa tv\u00e5 grundl\u00e4ggande behov g\u00f6r det nu m\u00f6jligt barn och deras familjer att f\u00e5 en chans till ett liv med assistans\u00a0och en framtid att planera f\u00f6r.\u00a0Som\u00a0min kollega Johanna skrev i ett tidigare\u00a0<a href=\"https:\/\/jag.se\/barnkonventionen-som-svensk-lag-starker-barns-ratt-till-personlig-assistans\/\">blogginl\u00e4gg<\/a>\u00a0hoppas vi p\u00e5, och arbetar aktivt f\u00f6r, en r\u00e4ttstill\u00e4mpning och praxisutveckling d\u00e4r barnets b\u00e4sta\u00a0ska komma i fokus!<\/p>\n<p>Har du fr\u00e5gor om lag\u00e4ndringen eller beh\u00f6ver hj\u00e4lp att\u00a0ans\u00f6ka om personlig assistans\u00a0\u00e4r du v\u00e4lkommen att h\u00f6ra av dig till mig eller n\u00e5gon av mina kollegor p\u00e5\u00a0<a href=\"https:\/\/jag.se\/juridisk-hjalp\/\">JAG<\/a>.\u00a0<\/p>\n<p>H\u00e4r kan du l\u00e4sa\u00a0en sammanfattning av\u00a0Riksf\u00f6reningen\u00a0JAG:s\u00a0<a href=\"https:\/\/jag.se\/opinion\/personlig-assistans-med-andning-och-sondatning\/\">remissyttrande<\/a>\u00a0g\u00e4llande lag\u00e4ndringen.\u00a0\u00a0<\/p>\n<p>H\u00e4r kan du l\u00e4sa\u00a0<a href=\"https:\/\/www.regeringen.se\/493e9b\/contentassets\/e8c3576103654a298ee47ebce992e356\/personlig-assistans-for-samtliga-hjalpmoment-som-avser-andning-och-maltider-i-form-av-sondmatning-prop.-2019_20_92.pdf\">lagf\u00f6rslaget<\/a>.\u00a0\u00a0<\/p>\n<p>F\u00f6rs\u00e4kringskassan har ocks\u00e5\u00a0publicerat en ny\u00a0<a href=\"https:\/\/www.forsakringskassan.se\/wps\/wcm\/connect\/70eaa1bf-90c0-4ee7-b750-05797f45f306\/vagledning-2003-06.pdf?MOD=AJPERES&#038;CVID=\">v\u00e4gledning<\/a>\u00a0med anledning\u00a0av lag\u00e4ndringen.\u00a0\u00a0<\/p>\n<p>The post <a rel=\"nofollow\" href=\"https:\/\/jag.se\/independent-living-for-fler-efter-lagandring\/\">Independent Living f\u00f6r fler efter lag\u00e4ndring<\/a> appeared first on <a rel=\"nofollow\" href=\"https:\/\/jag.se\">JAG Personlig assistans<\/a>.<\/p>\n","protected":false},"excerpt":{"rendered":"<p>Den 1 juli f\u00f6rtydligades\u00a0de grundl\u00e4ggande behoven f\u00f6r r\u00e4tt till personlig assistans.\u00a0 De grundl\u00e4ggande behoven\u00a0\u201dandning\u201doch\u00a0\u201datt\u00a0\u00e4ta\u00a0via sond\u201d\u00a0ska\u00a0nu\u00a0bed\u00f6mas i sin helhet\u00a0och assistans ska beviljas f\u00f6r hela hj\u00e4lpbehovet\u00a0oavsett hj\u00e4lpens karakt\u00e4r.\u00a0 Behov som\u00a0\u00e4r direkt n\u00f6dv\u00e4ndiga f\u00f6r andning,\u00a0som till exempel sk\u00f6tsel av andningshj\u00e4lpmedel, och\u00a0hj\u00e4lpbehov av \u00e5tg\u00e4rder som \u00e4r direkt n\u00f6dv\u00e4ndiga\u00a0f\u00f6r f\u00f6rberedelse och efterarbete\u00a0f\u00f6r att \u00e4ta via sond, som till exempel reng\u00f6ring<\/p>\n","protected":false},"author":1,"featured_media":0,"comment_status":"closed","ping_status":"open","sticky":false,"template":"","format":"standard","meta":{"footnotes":""},"categories":[1],"tags":[],"class_list":["post-1866","post","type-post","status-publish","format-standard","hentry","category-uncategorized"],"acf":[],"_links":{"self":[{"href":"https:\/\/jag.se\/assistans\/wp-json\/wp\/v2\/posts\/1866","targetHints":{"allow":["GET"]}}],"collection":[{"href":"https:\/\/jag.se\/assistans\/wp-json\/wp\/v2\/posts"}],"about":[{"href":"https:\/\/jag.se\/assistans\/wp-json\/wp\/v2\/types\/post"}],"author":[{"embeddable":true,"href":"https:\/\/jag.se\/assistans\/wp-json\/wp\/v2\/users\/1"}],"replies":[{"embeddable":true,"href":"https:\/\/jag.se\/assistans\/wp-json\/wp\/v2\/comments?post=1866"}],"version-history":[{"count":1,"href":"https:\/\/jag.se\/assistans\/wp-json\/wp\/v2\/posts\/1866\/revisions"}],"predecessor-version":[{"id":2000,"href":"https:\/\/jag.se\/assistans\/wp-json\/wp\/v2\/posts\/1866\/revisions\/2000"}],"wp:attachment":[{"href":"https:\/\/jag.se\/assistans\/wp-json\/wp\/v2\/media?parent=1866"}],"wp:term":[{"taxonomy":"category","embeddable":true,"href":"https:\/\/jag.se\/assistans\/wp-json\/wp\/v2\/categories?post=1866"},{"taxonomy":"post_tag","embeddable":true,"href":"https:\/\/jag.se\/assistans\/wp-json\/wp\/v2\/tags?post=1866"}],"curies":[{"name":"wp","href":"https:\/\/api.w.org\/{rel}","templated":true}]}}