{"id":1873,"date":"2019-12-11T06:04:49","date_gmt":"2019-12-11T06:04:49","guid":{"rendered":"https:\/\/jag.se\/assistans\/funkisrattigheter-ar-manskliga-rattigheter\/"},"modified":"2023-08-08T12:04:26","modified_gmt":"2023-08-08T12:04:26","slug":"funkisrattigheter-ar-manskliga-rattigheter","status":"publish","type":"post","link":"https:\/\/jag.se\/assistans\/funkisrattigheter-ar-manskliga-rattigheter\/","title":{"rendered":"Funkisr\u00e4ttigheter \u00e4r m\u00e4nskliga r\u00e4ttigheter!\u00a0"},"content":{"rendered":"\n<p><strong>F\u00f6rra veckan, den 3 december,&nbsp; var det Internationella Funktionshinderdagen. &nbsp;Det \u00e4r en dag att uppm\u00e4rksamma v\u00e5ra fri- och r\u00e4ttigheter, att skapa kunskap och k\u00e4nnedom om v\u00e5r situation och hur vi lever.<\/strong><strong>&nbsp;<\/strong><strong>Dagen instiftades&nbsp;1992 av FN f\u00f6r att \u00f6ka medvetenheten och st\u00f6det f\u00f6r inkludering av personer med funktionsneds\u00e4ttning.<\/strong><\/p>\n\n\n\n<p><strong>I Sverige idag ska alla m\u00e4nniskor vara garanterade m\u00e4nskliga fri- och r\u00e4ttigheter<\/strong> b\u00e5de enligt FN:s \u201dAllm\u00e4n f\u00f6rklaring om de m\u00e4nskliga r\u00e4ttigheterna\u201d samt till\u00e4ggsprotokoll (MR-konventionen) men ocks\u00e5 enligt Europeiska konventionen om skydd f\u00f6r de m\u00e4nskliga r\u00e4ttigheterna och de grundl\u00e4ggande friheterna (Europakonventionen). Den 13 december 2006 s\u00e5g \u201dKonventionen om r\u00e4ttigheter f\u00f6r personer med funktionsneds\u00e4ttning\u201d (funktionsr\u00e4ttskonventionen) dagens ljus. En konvention som fokuserar p\u00e5 hur de m\u00e4nskliga r\u00e4ttigheterna kan p\u00e5verka en person med funktionsneds\u00e4ttningar och hur de r\u00e4ttigheterna ska tolkas i den personens liv. <strong>Sverige beslutade den 15 mars 2007 att skriva under konventionen och de frivilliga protokollen vilket g\u00f6r att Sverige \u00e4r bunden \u00e4ven av denna r\u00e4ttighetsdeklaration.<\/strong><strong>&nbsp;<\/strong><\/p>\n\n\n\n<p><strong>Trots att Sverige har skrivit p\u00e5 den nya funktionsr\u00e4ttskonventionen,<\/strong> och d\u00e4rmed lovat att garantera alla personer med funktionsneds\u00e4ttningar de r\u00e4ttigheter som finns d\u00e4ri, <strong>uppfylls inte kraven som st\u00e4lls i den.<\/strong> Faktum \u00e4r att de krav som finns i MR-konventionen och Europakonventionen inte heller uppfylls n\u00e4r det g\u00e4ller oss med funktionsvariationer.&nbsp;<\/p>\n\n\n\n<p><strong>\u00d6vertr\u00e4delser sker varje dag.<\/strong> Kommuner best\u00e4mmer godtyckligt var personer med funktionsneds\u00e4ttningar ska bo, de byter boende \u00e5t en eller \u00e4ndrar ens boendeform utan h\u00e4nsyn och utan att man k\u00e4nner att man kan p\u00e5verka, trots att r\u00e4tten till att sj\u00e4lv v\u00e4lja sin bostadsort finns b\u00e5de i art. 13 i MR-konventionen och art. 18 funktionsr\u00e4ttskonventionen.<\/p>\n\n\n\n<p><strong>F\u00f6rs\u00e4kringskassan inkr\u00e4ktar i ens privatliv<\/strong>, g\u00e5r in i ens hem, ser och l\u00e4ser om det mest privata i sina utredningar, trots att r\u00e4tten till privat- och familjeliv enligt art. 12 MR-konventionen, art. 5 Europakonventionen och art. 17 funktionsr\u00e4ttskonventionen ska tillf\u00f6rs\u00e4kras oss.<\/p>\n\n\n\n<p><strong>Myndighetspersoner kr\u00e4ver att f\u00e5 tillg\u00e5ng till ens liv<\/strong>, och hur f\u00f6rnedrande det \u00e4n \u00e4r st\u00e5r de d\u00e4r, de klockar toalettbes\u00f6k och duschar, st\u00e4ller extremt intima fr\u00e5gor och kr\u00e4ver svar trots att r\u00e4tten att slippa f\u00f6rnedrande eller kr\u00e4nkande behandling enligt art. 3 Europakonventionen och art. 15 funktionsr\u00e4ttskonventionen finns. Och, \u00e4ven om det strider mot de m\u00e4nskliga r\u00e4ttigheterna, finns det inget att s\u00e4tta emot, f\u00f6r dessa ingrepp \u00e4r kravet f\u00f6r att kunna f\u00e5 det st\u00f6det man har r\u00e4tt till, f\u00f6r att kunna f\u00e5 andra r\u00e4ttigheter tillgodosedda, s\u00e5 som r\u00e4tt att leva sj\u00e4lvst\u00e4ndigt och delta i samh\u00e4llet, f\u00f6r att kunna f\u00e5 personlig assistans. Trots de fina uppr\u00e4kningarna av r\u00e4ttigheter i konventionerna, s\u00e5 slutar det \u00e4nd\u00e5 med att vi som beh\u00f6ver r\u00e4ttigheterna som mest, vi med en eller fler funktionsvariationer, har minst sannolikhet att f\u00e5 ta del av dem.&nbsp;<\/p>\n\n\n\n<p><strong>Idag, i landet som ska vara ett av de mest j\u00e4mst\u00e4llda, \u00e4r kr\u00e4nkningar av de m\u00e4nskliga r\u00e4ttigheterna n\u00e5got vi med funktionsvariationer f\u00e5r st\u00e5 ut med f\u00f6r att f\u00e5 tillg\u00e5ng till den hj\u00e4lp vi beh\u00f6ver f\u00f6r att leva ett liv som alla andra.<\/strong> M\u00e4nskliga r\u00e4ttigheter \u00e4r fortfarande n\u00e5got som enbart tillf\u00f6rs\u00e4kras de funktionsnormativa. Men, faktum \u00e4r att r\u00e4ttigheter f\u00f6r personer med funktionsvariationer \u00c4R m\u00e4nskliga r\u00e4ttigheter! Vi \u00e4r inte en andra klassens medborgare som bara kan f\u00e5 v\u00e5r r\u00e4tt tillgodosedd om det finns tid, plats och m\u00f6jlighet, som ska ta det vi f\u00e5r och vara tacksamma! Vi \u00e4r en grupp med hj\u00e4rta, intellekt, f\u00f6rm\u00e5gan att bidra och g\u00f6ra nytta, med samvete, skyldigheter och r\u00e4ttspatos! Vi f\u00f6rtj\u00e4nar att leva ett liv i frihet och v\u00e4rdighet som alla andra! D\u00e4rf\u00f6r st\u00e4llde vi oss upp f\u00f6rra veckan, den 3 december, och skrek: R\u00e4dda LSS! R\u00e4dda assistansen! L\u00e5t oss leva det liv vi v\u00e4ljer, och m\u00f6jligg\u00f6r det valet! Ge oss v\u00e5ra m\u00e4nskliga r\u00e4ttigheter!&nbsp;<\/p>\n\n\n\n<p><strong>I det moderna Sverige m\u00e5ste det finnas plats f\u00f6r alla m\u00e4nniskor<\/strong>, f\u00f6r alla dr\u00f6mmar och f\u00f6rhoppningar, f\u00f6r alla liv och alla val, oavsett om personen som allt det h\u00e4r bor i f\u00f6ljer funktionsnormen eller inte. R\u00e4ttigheter f\u00f6r personer med funktionsvariationer \u00c4R m\u00e4nskliga r\u00e4ttigheter, och s\u00e5 M\u00c5STE det vara! D\u00e4rf\u00f6r \u00e4r jag lite extra glad och stolt \u00f6ver att kunna s\u00e4ga att jag, tillsammans med alla uppdragsgivare, medlemmar och kollegor p\u00e5 JAG, f\u00f6r den kampen vidare. Dagligen f\u00f6rs\u00f6ker vi tillsammans \u00e4ndra p\u00e5 v\u00e4rlden och hur den ser p\u00e5 oss med funktionsvariationer! B\u00e5de den 3 december, och alla andra 364 dagar om \u00e5ret! Tillsammans g\u00f6r vi en f\u00f6rbaskat stor skillnad och det vr\u00e5let vi \u00e4r med och skapar kring att r\u00e4ttigheter och friheter ska g\u00e4lla alla oavsett funktion kommer eka i historien!&nbsp;<\/p>\n\n\n\n<p><a href=\"https:\/\/jag.se\/juridisk-hjalp\/\">Kontaktuppgifter till alla juridiska r\u00e5dgivare hos oss.&nbsp;<\/a><\/p>\n\n\n\n<p>Inl\u00e4gget <a href=\"https:\/\/jag.se\/funkisrattigheter-ar-manskliga-rattigheter\/\" rel=\"nofollow\">Funkisr\u00e4ttigheter \u00e4r m\u00e4nskliga r\u00e4ttigheter!\u00a0<\/a> d\u00f6k f\u00f6rst upp p\u00e5 <a href=\"https:\/\/jag.se\" rel=\"nofollow\">JAG Personlig assistans<\/a>.<\/p>\n\n\n<section class=\"links-list white-bg\">\n\t<div class=\"inner\">\n\t\t\t\t<ul >\n\t\t\t\t\t\t\t<li><a href=\"https:\/\/jag.se\/assistans\/yrket-personlig-assistent\/\">Vad g\u00f6r en personlig assistent?<\/a><\/li>\n\t\t\t\t\t\t\t\t<li><a href=\"https:\/\/jag.se\/assistans\/vart-erbjudande\/\">Att ha sin assistans hos oss<\/a><\/li>\n\t\t\t\t\t\t<\/ul>\n\t\t\t\t<\/div>\n<\/section>\n","protected":false},"excerpt":{"rendered":"<p>F\u00f6rra veckan, den 3 december,&nbsp; var det Internationella Funktionshinderdagen. &nbsp;Det \u00e4r en dag att uppm\u00e4rksamma v\u00e5ra fri- och r\u00e4ttigheter, att skapa kunskap och k\u00e4nnedom om v\u00e5r situation och hur vi lever.&nbsp;Dagen instiftades&nbsp;1992 av FN f\u00f6r att \u00f6ka medvetenheten och st\u00f6det f\u00f6r inkludering av personer med funktionsneds\u00e4ttning. I Sverige idag ska alla m\u00e4nniskor vara garanterade m\u00e4nskliga<\/p>\n","protected":false},"author":1,"featured_media":0,"comment_status":"closed","ping_status":"open","sticky":false,"template":"","format":"standard","meta":{"footnotes":""},"categories":[1],"tags":[],"class_list":["post-1873","post","type-post","status-publish","format-standard","hentry","category-uncategorized"],"acf":[],"_links":{"self":[{"href":"https:\/\/jag.se\/assistans\/wp-json\/wp\/v2\/posts\/1873","targetHints":{"allow":["GET"]}}],"collection":[{"href":"https:\/\/jag.se\/assistans\/wp-json\/wp\/v2\/posts"}],"about":[{"href":"https:\/\/jag.se\/assistans\/wp-json\/wp\/v2\/types\/post"}],"author":[{"embeddable":true,"href":"https:\/\/jag.se\/assistans\/wp-json\/wp\/v2\/users\/1"}],"replies":[{"embeddable":true,"href":"https:\/\/jag.se\/assistans\/wp-json\/wp\/v2\/comments?post=1873"}],"version-history":[{"count":3,"href":"https:\/\/jag.se\/assistans\/wp-json\/wp\/v2\/posts\/1873\/revisions"}],"predecessor-version":[{"id":5951,"href":"https:\/\/jag.se\/assistans\/wp-json\/wp\/v2\/posts\/1873\/revisions\/5951"}],"wp:attachment":[{"href":"https:\/\/jag.se\/assistans\/wp-json\/wp\/v2\/media?parent=1873"}],"wp:term":[{"taxonomy":"category","embeddable":true,"href":"https:\/\/jag.se\/assistans\/wp-json\/wp\/v2\/categories?post=1873"},{"taxonomy":"post_tag","embeddable":true,"href":"https:\/\/jag.se\/assistans\/wp-json\/wp\/v2\/tags?post=1873"}],"curies":[{"name":"wp","href":"https:\/\/api.w.org\/{rel}","templated":true}]}}