{"id":1880,"date":"2019-07-22T08:48:49","date_gmt":"2019-07-22T08:48:49","guid":{"rendered":"https:\/\/jag.se\/assistans\/vad-betyder-forandringen-av-myndigheters-sprakbruk\/"},"modified":"2022-03-18T16:04:39","modified_gmt":"2022-03-18T16:04:39","slug":"vad-betyder-forandringen-av-myndigheters-sprakbruk","status":"publish","type":"post","link":"https:\/\/jag.se\/assistans\/vad-betyder-forandringen-av-myndigheters-sprakbruk\/","title":{"rendered":"Vad betyder f\u00f6r\u00e4ndringen av myndigheters spr\u00e5kbruk?"},"content":{"rendered":"<p><strong>P\u00e5 en lunchrast h\u00e4romdagen pratade vi om vad som h\u00e4nder n\u00e4r ett fenomen vi tidigare tagit avst\u00e5nd fr\u00e5n blir s\u00e5 vanligt f\u00f6rekommande att vi knappt rycker p\u00e5 axlarna. En s\u00e5dan normf\u00f6rskjutning \u00e4r sv\u00e5r att uppt\u00e4cka n\u00e4r du st\u00e5r mitt i den. Det \u00e4r f\u00f6rst n\u00e4r du tittar bak\u00e5t som du kan sk\u00f6nja f\u00f6r\u00e4ndringen.\u00a0\u00a0<\/strong><\/p>\n<p>Jag t\u00e4nker mycket p\u00e5 vad som st\u00e5r i de beslut, kommunikationer, utredningar som b\u00e5de kommuner och F\u00f6rs\u00e4kringskassan skriver. I ett verkligt exempel fr\u00e5n en skrivelse fr\u00e5n F\u00f6rs\u00e4kringskassan hade handl\u00e4ggaren f\u00f6reslagit att den assistansber\u00e4ttigade skulle \u201d<i>placeras mellan assistenten och v\u00e4ggen<\/i>\u201d. Detta f\u00f6r att f\u00f6rhindra att den assistansber\u00e4ttigade var f\u00f6r n\u00e4rg\u00e5ngen\u00a0med andra personer i rummet. Personen\u00a0hade ans\u00f6kt om dubbel assistans\u00a0f\u00f6r\u00a0bland annat bad och bastubad.\u00a0 Men m\u00f6ttes allts\u00e5 med kalla handen om att behovet kunde l\u00f6sas p\u00e5 annat s\u00e4tt.\u00a0\u00a0Veckan d\u00e4rp\u00e5 l\u00e4ste jag i ett beslut\u00a0fr\u00e5n\u00a0F\u00f6rs\u00e4kringskassan\u00a0att man\u00a0bed\u00f6mde att \u201d<i>hen har ingen f\u00f6rm\u00e5ga\u00a0<\/i><i>att kommunicera<\/i>\u201d. D\u00e4rf\u00f6r\u00a0ans\u00e5gs personen inte ha\u00a0r\u00e4tt till assistansers\u00e4ttning\u00a0f\u00f6r\u00a0behovet\u00a0kommunikation.\u00a0Det h\u00f6r kanske inte till vanligheten att l\u00e4sa att \u201d<i>hen kan placeras mellan v\u00e4ggen och assistenten\u201d. <\/i>Men tyv\u00e4rr \u00e4r det\u00a0h\u00e4mtat direkt fr\u00e5n verkligheten och nya exempel finns att h\u00e4mta n\u00e4stan varje vecka. I det f\u00f6rsta exemplet bad F\u00f6rs\u00e4kringskassan om urs\u00e4kt efter att man p\u00e5talat skrivningen men skadad var redan skedd.<\/p>\n<h3>N\u00e4r b\u00f6rjade detta ske?<\/h3>\n<p>N\u00e4r b\u00f6rjade myndigheter l\u00e5ngsamt att n\u00e4stan\u00a0avpersonifiera personer med funktionsneds\u00e4ttningar? Att beskriva\u00a0personer som objekt utan behov som \u201d<i>kan placeras intill en v\u00e4gg<\/i>\u201d?\u00a0Avpersonifiering har genom historien varit ett effektivt maktmedel f\u00f6r att bryta ner och tillintetg\u00f6ra olika grupper i samh\u00e4llet.\u00a0Jag vill p\u00e5st\u00e5 att det \u00e4r precis vad F\u00f6rs\u00e4kringskassan i de tv\u00e5 exemplen ovan gjort. Men\u00a0att handl\u00e4ggarna bakom besluten\u00a0kanske inte ens reflekterat \u00f6ver sitt ordval\u00a0och hur det\u00a0kommer\u00a0tolkas och tas emot av den enskilde. Att bli tillsagd att sitta intill en v\u00e4gg eller \u00e4r att f\u00e5 h\u00f6ra att man inte kan kommunicera \u00e4r en kr\u00e4nkning som sitter kvar hos den enskilde l\u00e5ngt efter att myndigheten fattat sitt beslut.\u00a0Myndigheterna\u00a0har ett enormt ansvar i de utredningar och beslut som de\u00a0skriver\u00a0att bem\u00f6ta och beskriva personen som beslutet ber\u00f6r p\u00e5 ett v\u00e4rdigt och korrekt s\u00e4tt.\u00a0\u00a0<\/p>\n<p>Vi som arbetar med LSS har givetvis ocks\u00e5 ett ansvar att hela tiden ifr\u00e5gas\u00e4tta och s\u00e4ga ifr\u00e5n och tillsammans m\u00e5ste vi arbeta f\u00f6r att s\u00e4kerst\u00e4lla att alla m\u00e4nniskor\u00a0bem\u00f6ts p\u00e5 ett respektfullt s\u00e4tt.\u00a0\u00a0<\/p>\n<p><a href=\"https:\/\/jag.se\/author\/isabell-bolander\/\">H\u00e4r hittar du alla mina tidigare blogginl\u00e4gg.<\/a><\/p>\n<p><a href=\"https:\/\/jag.se\/assistans-for-barn-unga-och-vuxna\/juridisk-hjalp\/\">H\u00e4r hittar du kontaktuppgifter till alla oss juridiska r\u00e5dgivare p\u00e5 JAG Personlig assistans, vi svarar g\u00e4rna p\u00e5 dina fr\u00e5gor.\u00a0<\/a><\/p>\n<p>The post <a rel=\"nofollow\" href=\"https:\/\/jag.se\/vad-betyder-forandringen-av-myndigheters-sprakbruk\/\">Vad betyder f\u00f6r\u00e4ndringen av myndigheters spr\u00e5kbruk?<\/a> appeared first on <a rel=\"nofollow\" href=\"https:\/\/jag.se\">JAG Personlig assistans<\/a>.<\/p>\n","protected":false},"excerpt":{"rendered":"<p>P\u00e5 en lunchrast h\u00e4romdagen pratade vi om vad som h\u00e4nder n\u00e4r ett fenomen vi tidigare tagit avst\u00e5nd fr\u00e5n blir s\u00e5 vanligt f\u00f6rekommande att vi knappt rycker p\u00e5 axlarna. En s\u00e5dan normf\u00f6rskjutning \u00e4r sv\u00e5r att uppt\u00e4cka n\u00e4r du st\u00e5r mitt i den. Det \u00e4r f\u00f6rst n\u00e4r du tittar bak\u00e5t som du kan sk\u00f6nja f\u00f6r\u00e4ndringen.\u00a0\u00a0 Jag t\u00e4nker<\/p>\n","protected":false},"author":1,"featured_media":0,"comment_status":"closed","ping_status":"open","sticky":false,"template":"","format":"standard","meta":{"footnotes":""},"categories":[1],"tags":[],"class_list":["post-1880","post","type-post","status-publish","format-standard","hentry","category-uncategorized"],"acf":[],"_links":{"self":[{"href":"https:\/\/jag.se\/assistans\/wp-json\/wp\/v2\/posts\/1880","targetHints":{"allow":["GET"]}}],"collection":[{"href":"https:\/\/jag.se\/assistans\/wp-json\/wp\/v2\/posts"}],"about":[{"href":"https:\/\/jag.se\/assistans\/wp-json\/wp\/v2\/types\/post"}],"author":[{"embeddable":true,"href":"https:\/\/jag.se\/assistans\/wp-json\/wp\/v2\/users\/1"}],"replies":[{"embeddable":true,"href":"https:\/\/jag.se\/assistans\/wp-json\/wp\/v2\/comments?post=1880"}],"version-history":[{"count":1,"href":"https:\/\/jag.se\/assistans\/wp-json\/wp\/v2\/posts\/1880\/revisions"}],"predecessor-version":[{"id":1974,"href":"https:\/\/jag.se\/assistans\/wp-json\/wp\/v2\/posts\/1880\/revisions\/1974"}],"wp:attachment":[{"href":"https:\/\/jag.se\/assistans\/wp-json\/wp\/v2\/media?parent=1880"}],"wp:term":[{"taxonomy":"category","embeddable":true,"href":"https:\/\/jag.se\/assistans\/wp-json\/wp\/v2\/categories?post=1880"},{"taxonomy":"post_tag","embeddable":true,"href":"https:\/\/jag.se\/assistans\/wp-json\/wp\/v2\/tags?post=1880"}],"curies":[{"name":"wp","href":"https:\/\/api.w.org\/{rel}","templated":true}]}}