{"id":1883,"date":"2019-06-04T08:11:44","date_gmt":"2019-06-04T08:11:44","guid":{"rendered":"https:\/\/jag.se\/assistans\/dags-for-statlig-e-legitimation\/"},"modified":"2022-03-18T16:04:34","modified_gmt":"2022-03-18T16:04:34","slug":"dags-for-statlig-e-legitimation","status":"publish","type":"post","link":"https:\/\/jag.se\/assistans\/dags-for-statlig-e-legitimation\/","title":{"rendered":"Dags f\u00f6r statlig e-legitimation"},"content":{"rendered":"<p><strong>Bank-<\/strong><strong>ID \u00e4r idag en sj\u00e4lvklarhet f\u00f6r en stor del av Sveriges befolkning.<\/strong>\u00a0P\u00e5 kort tid har tj\u00e4nsten blivit en f\u00f6ruts\u00e4ttning f\u00f6r att utan bekymmer sk\u00f6ta sina vardagliga \u00e4renden. Enligt Bank&#8211;ID:s egna statistik anv\u00e4ndes tj\u00e4nsten\u00a02018 av\u00a097,5 {6924fdced0ee9148fe89ae94b502f777828cf6065801fb39462cbc020ac9c74a} av svenskar mellan 21 och 50 \u00e5r.<\/p>\n<p><strong>Vi vet att personer med funktionsneds\u00e4ttning<\/strong><strong>\u00a0diskrimineras av modern teknik.<\/strong>\u00a0<a href=\"https:\/\/jag.se\/opinion\/iq-diskriminering-vad-ar-det\/\" target=\"_blank\" rel=\"noopener noreferrer\">Under parollen SlutaIQ-diskriminera<\/a> har Riksf\u00f6reningen JAG\u00a0lyft fram hur s\u00e4rskilt personer som f\u00f6retr\u00e4ds av\u00a0en god man eller\u00a0ett\u00a0annat\u00a0legalt ombud nekas m\u00f6jlighet\u00a0till att anv\u00e4nda mobilt bank-id. \u00a0\u00a0<\/p>\n<p><strong>\u00c5r 2017 publicerades en rapport om <\/strong><a href=\"https:\/\/internetstiftelsen.se\/kunskap\/rapporter-och-guider\/svenskarna-med-funktionsnedsattning-och-internet\/\" target=\"_blank\" rel=\"noopener noreferrer\">Hur personer med olika funktionsneds\u00e4ttningar anv\u00e4nder internet<i>\u00a0<\/i><\/a>av projektet Begripsam,\u00a0ett tre\u00e5rigt projekt finansierat av Arvsfonden som drevs av Dyslexif\u00f6rbundet, Riksf\u00f6rbundet FUB och\u00a0Autism- och\u00a0Aspergerf\u00f6rbundet. En f\u00f6rtj\u00e4nst med rapporten var att den inte som tidigare studier behandlade\u00a0personer med funktionsneds\u00e4ttning som en homogen grupp. Tyv\u00e4rr l\u00e4mnade \u00e4ven Begripsams kategorier mycket att \u00f6nska.\u00a0Exempelvis\u00a0tog man inte h\u00e4nsyn till\u00a0om\u00a0personer f\u00f6retr\u00e4ds\u00a0av god man eller\u00a0ombud. Rapporten\u00a0visade\u00a0\u00e5 andra sidan att en betydande del av m\u00e4nniskor med funktionsneds\u00e4ttning saknar m\u00f6jlighet att identifiera sig digitalt. 22{6924fdced0ee9148fe89ae94b502f777828cf6065801fb39462cbc020ac9c74a} av de tillfr\u00e5gade saknade\u00a0b\u00e5de e-legitimation och\u00a0ett\u00a0mobilt bank-id. <strong>M\u00e5nga svenskar exkluderas p\u00e5 s\u00e5 s\u00e4tt fr\u00e5n idag sj\u00e4lvklara samh\u00e4llstj\u00e4nster.<\/strong>\u00a0<\/p>\n<h3>Statlig e-legitimation<\/h3>\n<p><strong>Med den bakgrunden var det <\/strong><strong>gl\u00e4djande att<\/strong> i slutet av mars l\u00e4sa att\u00a0<a href=\"https:\/\/www.regeringen.se\/rattsliga-dokument\/statens-offentliga-utredningar\/2019\/03\/sou-201914\/\" target=\"_blank\" rel=\"noopener noreferrer\">en statlig utredning f\u00f6resl\u00e5r ett nytt statligt id-kort och e-legitimation.\u00a0 <\/a>Utredningen lyfter s\u00e4rskilt\u00a0fram dagens sv\u00e5righeter f\u00f6r\u00a0personer som f\u00f6retr\u00e4ds av exempelvis en god man. I dagsl\u00e4get \u00e4r det bankerna som utf\u00e4rdar Bank&#8211;ID.\u00a0De\u00a0\u00e4r privata f\u00f6retag som inte\u00a0har n\u00e5gon skyldighet att utf\u00e4rda en e-legitimation till alla som vill ha en s\u00e5dan.\u00a0Utredningen konstaterar att det\u00a0har\u00a0resulterat i att det idag finns personer som inte har m\u00f6jlighet att f\u00e5 Bank&#8211;ID. Ambitionen med en\u00a0statligt utf\u00e4rdad\u00a0e-legitimation \u00e4r\u00a0d\u00e4rf\u00f6r\u00a0att fler ska\u00a0ges\u00a0tillg\u00e5ng till en s\u00e5dan\u00a0ID-handling.\u00a0\u00a0\u00a0<\/p>\n<p><strong>Som r\u00e5dgivare f\u00e5r jag \u00e5terkommande vittnesm\u00e5l om hur assistansanv\u00e4ndare <\/strong><strong>drabbas av bankernas diskriminering<\/strong> och v\u00e4lkomnar d\u00e4rf\u00f6r varmt utredningens f\u00f6rslag. Justitiedepartementet har\u00a0nu\u00a0tagit emot utredningen och\u00a0har\u00a0meddelat att f\u00f6rslagen ska behandlas i en s\u00e5 kallad remissrunda.\u00a0Riksf\u00f6reningen\u00a0JAG har\u00a0kontaktat departementet och beg\u00e4rt att f\u00e5\u00a0delta i en s\u00e5dan. Om inte annat f\u00f6rv\u00e4ntar vi oss att en\u00a0framtida statlig e-legitimation\u00a0ocks\u00e5\u00a0inkluderar personer som f\u00f6retr\u00e4ds\u00a0av god man eller annat\u00a0ombud. <strong>Full tillg\u00e5ng till internet och digitala tj\u00e4nster \u00e4r<\/strong><strong> och ska vara en medborgerlig r\u00e4ttighet.\u00a0\u00a0<\/strong><\/p>\n<p><a href=\"https:\/\/jag.se\/juridisk-hjalp\/\">\u00a0Har du fr\u00e5gor kring det h\u00e4r eller andra juridiska fr\u00e5gor inom personlig assistans kontakta g\u00e4rna mig eller n\u00e5gon av mina kollegor.\u00a0<\/a><\/p>\n<p><a href=\"https:\/\/jag.se\/author\/jens-ericsson\/\">H\u00e4r hittar du mina tidigare blogginl\u00e4gg.\u00a0<\/a><\/p>\n<p>The post <a rel=\"nofollow\" href=\"https:\/\/jag.se\/dags-for-statlig-e-legitimation\/\">Dags f\u00f6r statlig e-legitimation<\/a> appeared first on <a rel=\"nofollow\" href=\"https:\/\/jag.se\">JAG Personlig assistans<\/a>.<\/p>\n","protected":false},"excerpt":{"rendered":"<p>Bank-ID \u00e4r idag en sj\u00e4lvklarhet f\u00f6r en stor del av Sveriges befolkning.\u00a0P\u00e5 kort tid har tj\u00e4nsten blivit en f\u00f6ruts\u00e4ttning f\u00f6r att utan bekymmer sk\u00f6ta sina vardagliga \u00e4renden. Enligt Bank&#8211;ID:s egna statistik anv\u00e4ndes tj\u00e4nsten\u00a02018 av\u00a097,5 {6924fdced0ee9148fe89ae94b502f777828cf6065801fb39462cbc020ac9c74a} av svenskar mellan 21 och 50 \u00e5r. Vi vet att personer med funktionsneds\u00e4ttning\u00a0diskrimineras av modern teknik.\u00a0Under parollen SlutaIQ-diskriminera har Riksf\u00f6reningen<\/p>\n","protected":false},"author":1,"featured_media":0,"comment_status":"closed","ping_status":"open","sticky":false,"template":"","format":"standard","meta":{"footnotes":""},"categories":[1],"tags":[],"class_list":["post-1883","post","type-post","status-publish","format-standard","hentry","category-uncategorized"],"acf":[],"_links":{"self":[{"href":"https:\/\/jag.se\/assistans\/wp-json\/wp\/v2\/posts\/1883","targetHints":{"allow":["GET"]}}],"collection":[{"href":"https:\/\/jag.se\/assistans\/wp-json\/wp\/v2\/posts"}],"about":[{"href":"https:\/\/jag.se\/assistans\/wp-json\/wp\/v2\/types\/post"}],"author":[{"embeddable":true,"href":"https:\/\/jag.se\/assistans\/wp-json\/wp\/v2\/users\/1"}],"replies":[{"embeddable":true,"href":"https:\/\/jag.se\/assistans\/wp-json\/wp\/v2\/comments?post=1883"}],"version-history":[{"count":1,"href":"https:\/\/jag.se\/assistans\/wp-json\/wp\/v2\/posts\/1883\/revisions"}],"predecessor-version":[{"id":1969,"href":"https:\/\/jag.se\/assistans\/wp-json\/wp\/v2\/posts\/1883\/revisions\/1969"}],"wp:attachment":[{"href":"https:\/\/jag.se\/assistans\/wp-json\/wp\/v2\/media?parent=1883"}],"wp:term":[{"taxonomy":"category","embeddable":true,"href":"https:\/\/jag.se\/assistans\/wp-json\/wp\/v2\/categories?post=1883"},{"taxonomy":"post_tag","embeddable":true,"href":"https:\/\/jag.se\/assistans\/wp-json\/wp\/v2\/tags?post=1883"}],"curies":[{"name":"wp","href":"https:\/\/api.w.org\/{rel}","templated":true}]}}