{"id":1884,"date":"2019-05-23T09:05:31","date_gmt":"2019-05-23T09:05:31","guid":{"rendered":"https:\/\/jag.se\/assistans\/vaga-jo-anmala\/"},"modified":"2022-03-18T16:04:33","modified_gmt":"2022-03-18T16:04:33","slug":"vaga-jo-anmala","status":"publish","type":"post","link":"https:\/\/jag.se\/assistans\/vaga-jo-anmala\/","title":{"rendered":"V\u00e5ga JO-anm\u00e4la"},"content":{"rendered":"<p><strong>N\u00e4r jag som enskild v\u00e4nder mig till en myndighet<\/strong>, till exempel kommunen eller F\u00f6rs\u00e4kringskassan, f\u00f6r att ans\u00f6ka om st\u00f6d, har jag r\u00e4tt att f\u00f6rv\u00e4nta mig en korrekt handl\u00e4ggning av mitt \u00e4rende. Sj\u00e4lvklart ska\u00a0myndigheten\u00a0f\u00f6lja alla de regler och principer som g\u00e4ller\u00a0f\u00f6r myndighetsut\u00f6vning.\u00a0De\u00a0flesta reglerna\u00a0finns samlade i f\u00f6rvaltningslagen.\u00a0Bland annat kan jag f\u00f6rv\u00e4nta mig:\u00a0\u00a0<\/p>\n<ul>\n<li data-leveltext=\"\uf0b7\" data-font=\"Symbol\" data-listid=\"1\" aria-setsize=\"-1\" data-aria-posinset=\"1\" data-aria-level=\"1\">Att kunna f\u00e5 kontakt med handl\u00e4ggaren per telefon och mejl\u00a0<\/li>\n<\/ul>\n<ul>\n<li data-leveltext=\"\uf0b7\" data-font=\"Symbol\" data-listid=\"1\" aria-setsize=\"-1\" data-aria-posinset=\"1\" data-aria-level=\"1\">Ett respektfullt och bra bem\u00f6tande\u00a0<\/li>\n<li data-leveltext=\"\uf0b7\" data-font=\"Symbol\" data-listid=\"1\" aria-setsize=\"-1\" data-aria-posinset=\"2\" data-aria-level=\"1\">Korrekt\u00a0information om\u00a0reglerna och\u00a0vilka krav som m\u00e5ste vara uppfyllda f\u00f6r att jag ska f\u00e5\u00a0det\u00a0st\u00f6d\u00a0jag har ans\u00f6kt om\u00a0<\/li>\n<li data-leveltext=\"\uf0b7\" data-font=\"Symbol\" data-listid=\"1\" aria-setsize=\"-1\" data-aria-posinset=\"3\" data-aria-level=\"1\">Att handl\u00e4ggaren tar h\u00e4nsyn till de uppgifter jag sj\u00e4lv l\u00e4mnar om mitt behov och min livssituation\u00a0<\/li>\n<li data-leveltext=\"\uf0b7\" data-font=\"Symbol\" data-listid=\"1\" aria-setsize=\"-1\" data-aria-posinset=\"4\" data-aria-level=\"1\">Att handl\u00e4ggaren\u00a0&#8211;\u00a0innan beslutet tas &#8211; \u00e5terkommer till mig med\u00a0fr\u00e5gor\u00a0om n\u00e5got \u00e4r oklart,\u00a0och\u00a0ger mig m\u00f6jlighet att\u00a0l\u00e4mna\u00a0ytterligare\u00a0intyg eller liknande\u00a0om det beh\u00f6vs\u00a0<\/li>\n<li data-leveltext=\"\uf0b7\" data-font=\"Symbol\" data-listid=\"1\" aria-setsize=\"-1\" data-aria-posinset=\"5\" data-aria-level=\"1\">En saklig bed\u00f6mning av min r\u00e4tt till st\u00f6det utifr\u00e5n reglerna. Och att h\u00e4nsyn bara tas till s\u00e5dant som \u00e4r relevant\u00a0<\/li>\n<\/ul>\n<ul>\n<li data-leveltext=\"\uf0b7\" data-font=\"Symbol\" data-listid=\"1\" aria-setsize=\"-1\" data-aria-posinset=\"1\" data-aria-level=\"1\">Att min integritet skyddas<\/li>\n<li data-leveltext=\"\uf0b7\" data-font=\"Symbol\" data-listid=\"1\" aria-setsize=\"-1\" data-aria-posinset=\"2\" data-aria-level=\"1\">Att inte beh\u00f6va v\u00e4nta alltf\u00f6r l\u00e4nge p\u00e5 beslutet. H\u00e4r finns inte n\u00e5gon generell tidsgr\u00e4ns i lagen. Olika \u00e4renden \u00e4r olika komplicerade och kan d\u00e4rf\u00f6r ta olika l\u00e5ng tid att utreda. Men i allm\u00e4nhet b\u00f6r en utredning enligt LSS t.ex. inte ta mer \u00e4n ett halv\u00e5r.\u00a0<\/li>\n<li data-leveltext=\"\uf0b7\" data-font=\"Symbol\" data-listid=\"1\" aria-setsize=\"-1\" data-aria-posinset=\"3\" data-aria-level=\"1\">Att ett eventuellt avslagsbeslut motiveras\u00a0tydligt och konkret, s\u00e5 att jag f\u00e5r f\u00f6rklarat precis\u00a0vad det var\u00a0som gjorde att jag inte bed\u00f6mdes ha r\u00e4tt till st\u00f6det.\u00a0<\/li>\n<\/ul>\n<h3>Du har r\u00e4tt att st\u00e4lla\u00a0krav!\u00a0<\/h3>\n<p><strong>Om du tycker att ditt \u00e4rende har handlagts\u00a0p\u00e5 ett\u00a0felaktigt<\/strong><strong>\u00a0s\u00e4tt<\/strong> av\u00a0en\u00a0myndighet <a href=\"https:\/\/www.jo.se\/sv\/JO-anmalan\/\" target=\"_blank\" rel=\"noopener noreferrer\">kan du g\u00f6ra en anm\u00e4lan till JO (Justitieombudsmannen). P\u00e5 JOs hemsida \u00e4r det enkelt att fylla i en blankett.<\/a> \u00a0<\/p>\n<p>JOs\u00a0makt \u00e4r begr\u00e4nsad. JO\u00a0f\u00e5r inte \u00e4ndra ett beslut\u00a0eller en dom\u00a0\u2013 det \u00e4r domstolarnas jobb. Inte heller kan JO tvinga en myndighet att r\u00e4tta till brister och fel i en utredning.\u00a0MEN\u00a0JO kan rikta kritik mot en myndighet eller en enskild tj\u00e4nsteperson som brustit i sin myndighetsut\u00f6vning.\u00a0JOs\u00a0kritik\u00a0\u00e4r\u00a0offentlig och fungerar ofta som ett effektivt p\u00e5tryckningsmedel mot myndigheten.\u00a0\u00a0<\/p>\n<p>Gl\u00f6m inte att om du anser att ett beslut enligt exempelvis LSS eller socialf\u00f6rs\u00e4kringsbalken \u00e4r felaktigt till sitt inneh\u00e5ll, kan du \u00f6verklaga det till domstol. Domstolen kan \u00e4ndra beslutet om den finner att du har r\u00e4tt.\u00a0<\/p>\n<p><a href=\"https:\/\/jag.se\/assistans-for-barn-unga-och-vuxna\/juridisk-hjalp\/\">\u00a0Har du fr\u00e5gor kring det h\u00e4r eller andra juridiska fr\u00e5gor inom personlig assistans kontakta g\u00e4rna mig eller n\u00e5gon av mina kollegor.\u00a0<\/a><\/p>\n<p><a href=\"https:\/\/jag.se\/author\/anna-strimbold\/\">H\u00e4r hittar du mina tidigare blogginl\u00e4gg.\u00a0<\/a><\/p>\n<p>The post <a rel=\"nofollow\" href=\"https:\/\/jag.se\/vaga-jo-anmala\/\">V\u00e5ga JO-anm\u00e4la<\/a> appeared first on <a rel=\"nofollow\" href=\"https:\/\/jag.se\">JAG Personlig assistans<\/a>.<\/p>\n","protected":false},"excerpt":{"rendered":"<p>N\u00e4r jag som enskild v\u00e4nder mig till en myndighet, till exempel kommunen eller F\u00f6rs\u00e4kringskassan, f\u00f6r att ans\u00f6ka om st\u00f6d, har jag r\u00e4tt att f\u00f6rv\u00e4nta mig en korrekt handl\u00e4ggning av mitt \u00e4rende. Sj\u00e4lvklart ska\u00a0myndigheten\u00a0f\u00f6lja alla de regler och principer som g\u00e4ller\u00a0f\u00f6r myndighetsut\u00f6vning.\u00a0De\u00a0flesta reglerna\u00a0finns samlade i f\u00f6rvaltningslagen.\u00a0Bland annat kan jag f\u00f6rv\u00e4nta mig:\u00a0\u00a0 Att kunna f\u00e5 kontakt med<\/p>\n","protected":false},"author":1,"featured_media":0,"comment_status":"closed","ping_status":"open","sticky":false,"template":"","format":"standard","meta":{"footnotes":""},"categories":[1],"tags":[],"class_list":["post-1884","post","type-post","status-publish","format-standard","hentry","category-uncategorized"],"acf":[],"_links":{"self":[{"href":"https:\/\/jag.se\/assistans\/wp-json\/wp\/v2\/posts\/1884","targetHints":{"allow":["GET"]}}],"collection":[{"href":"https:\/\/jag.se\/assistans\/wp-json\/wp\/v2\/posts"}],"about":[{"href":"https:\/\/jag.se\/assistans\/wp-json\/wp\/v2\/types\/post"}],"author":[{"embeddable":true,"href":"https:\/\/jag.se\/assistans\/wp-json\/wp\/v2\/users\/1"}],"replies":[{"embeddable":true,"href":"https:\/\/jag.se\/assistans\/wp-json\/wp\/v2\/comments?post=1884"}],"version-history":[{"count":1,"href":"https:\/\/jag.se\/assistans\/wp-json\/wp\/v2\/posts\/1884\/revisions"}],"predecessor-version":[{"id":1967,"href":"https:\/\/jag.se\/assistans\/wp-json\/wp\/v2\/posts\/1884\/revisions\/1967"}],"wp:attachment":[{"href":"https:\/\/jag.se\/assistans\/wp-json\/wp\/v2\/media?parent=1884"}],"wp:term":[{"taxonomy":"category","embeddable":true,"href":"https:\/\/jag.se\/assistans\/wp-json\/wp\/v2\/categories?post=1884"},{"taxonomy":"post_tag","embeddable":true,"href":"https:\/\/jag.se\/assistans\/wp-json\/wp\/v2\/tags?post=1884"}],"curies":[{"name":"wp","href":"https:\/\/api.w.org\/{rel}","templated":true}]}}