{"id":1885,"date":"2019-03-29T15:44:06","date_gmt":"2019-03-29T15:44:06","guid":{"rendered":"https:\/\/jag.se\/assistans\/du-har-inte-fel-du-har-ratt\/"},"modified":"2023-08-08T12:01:23","modified_gmt":"2023-08-08T12:01:23","slug":"du-har-inte-fel-du-har-ratt","status":"publish","type":"post","link":"https:\/\/jag.se\/assistans\/du-har-inte-fel-du-har-ratt\/","title":{"rendered":"Du har inte fel \u2013 du har r\u00e4tt!"},"content":{"rendered":"\n<p>Visste du att det finns en FN-konvention som skyddar de m\u00e4nskliga r\u00e4ttigheterna f\u00f6r personer med funktionsneds\u00e4ttning?<\/p>\n\n\n\n<p>FN antog en allm\u00e4n f\u00f6rklaring om m\u00e4nskliga r\u00e4ttigheter 1948. D\u00e4refter har en rad konventioner tillkommit. Funktionsr\u00e4ttskonventionen med r\u00e4ttigheter f\u00f6r personer med funktionsneds\u00e4ttning kom 2006.<\/p>\n\n\n\n<p>M\u00e4nskliga r\u00e4ttigheter inneb\u00e4r att alla m\u00e4nniskor \u00e4r f\u00f6dda fria och lika i v\u00e4rde. De grundl\u00e4ggande r\u00e4ttigheterna \u00e4r universella. De g\u00e4ller alla m\u00e4nniskor i hela v\u00e4rlden bara f\u00f6r att vi \u00e4r m\u00e4nniskor.<\/p>\n\n\n\n<p>Funktionsr\u00e4ttskonventionen ska fr\u00e4mja, skydda och s\u00e4kerst\u00e4lla ett fullt och lika \u00e5tnjutande av alla m\u00e4nskliga r\u00e4ttigheter och grundl\u00e4ggande friheter f\u00f6r alla personer med funktionsneds\u00e4ttning och respekten f\u00f6r deras inneboende v\u00e4rde. Konventionen tar ocks\u00e5 upp r\u00e4tten till utbildning, tillg\u00e4nglighet, sjukv\u00e5rd, arbetsliv, levnadsvillkor, social trygghet med mera. Personer med funktionsneds\u00e4ttning har lika r\u00e4tt att leva i samh\u00e4llet med valm\u00f6jligheter som andra personer.<\/p>\n\n\n\n<p>Staterna som skrivit p\u00e5 konventionen ska vidta de \u00e5tg\u00e4rder som beh\u00f6vs f\u00f6r att personer med funktionsneds\u00e4ttning f\u00e5r denna r\u00e4tt och att de inkluderas och kan delta fullt ut i samh\u00e4llet. <strong>S\u00e4rskilt viktig \u00e4r artikel 19 som sl\u00e5r fast r\u00e4tten till personlig assistans och att ingen mot sin vilja ska beh\u00f6va leva p\u00e5 institution f\u00f6r att f\u00e5 st\u00f6d.<\/strong><\/p>\n\n\n\n<p>En f\u00f6rtydligande kommentar till artikel 19 (General Comment no 5) h\u00e5ller just nu p\u00e5 att \u00f6vers\u00e4ttas till svenska. Den kommer vara till stor hj\u00e4lp f\u00f6r att f\u00f6rst\u00e5 och genomdriva r\u00e4ttigheterna.<\/p>\n\n\n\n<p>Sverige skrev under Funktionsr\u00e4ttskonventionen 2009. Den \u00e4r dock inte svensk lag. Det inneb\u00e4r att den inte till\u00e4mpas direkt av svenska myndigheter eller domstolar. D\u00e4remot ska de tolka de svenska lagarna s\u00e5 att de s\u00e5 l\u00e5ngt som m\u00f6jligt \u00f6verensst\u00e4mmer med konventionen. De ska ocks\u00e5 f\u00f6lja ett till\u00e4ggsprotokoll om att personer har m\u00f6jlighet att klaga till en \u00f6vervakningskommitt\u00e9 om de anser att deras r\u00e4ttigheter kr\u00e4nkts.<\/p>\n\n\n\n<p>Trots detta f\u00f6rekommer allt f\u00f6r ofta \u00f6vertr\u00e4delser mot Funktionsr\u00e4ttskonventionen av svenska myndigheter och domstolar! D\u00e4rf\u00f6r \u00e4r det viktigt att du med funktionsneds\u00e4ttning k\u00e4nner till att konventionen finns f\u00f6r att skydda dig! Funktionsr\u00e4tt Sverige har tagit fram <a href=\"https:\/\/guide.funktionsrattskonventionen.se\/\">en guide som beskriver konventionen<\/a> och hur du kan ta hj\u00e4lp av den.<\/p>\n\n\n\n<p>Funktionsr\u00e4ttskonventionen \u00e4r viktig f\u00f6r att den fastst\u00e4ller att alla m\u00e4nniskor har r\u00e4tt till inflytande, m\u00f6jlighet att p\u00e5verka sitt eget liv och kr\u00e4va sina r\u00e4ttigheter. Den b\u00f6r anv\u00e4ndas som ett komplement till LSS d\u00e5 den omfattar fler personer och tydligg\u00f6r r\u00e4ttigheterna.<\/p>\n\n\n\n<p>M\u00e5nga vill nu att Funktionsr\u00e4ttskonventionen ska bli svensk lag. Det \u00e4r en l\u00e5ng och komplicerad process. Vi beh\u00f6ver d\u00e4rf\u00f6r se till att gapet mellan LSS och Funktionsr\u00e4ttskonventionen minskar. Det g\u00f6r vi fr\u00e4mst genom att uppm\u00e4rksamma svenska myndigheter och domstolar p\u00e5 Funktionsr\u00e4ttskonventionen. M\u00e5nga g\u00e5nger k\u00e4nner de inte ens till den!<\/p>\n\n\n\n<p>Vi juridiska r\u00e5dgivare p\u00e5 JAG arbetar aktivt f\u00f6r det h\u00e4r, men det beh\u00f6vs ocks\u00e5 ett ljudligt civilsamh\u00e4lle. Du som har funktionsneds\u00e4ttningar: kr\u00e4v dina r\u00e4ttigheter! Tillsammans kan vi g\u00f6ra skillnad!<\/p>\n\n\n\n<p><em>Suzana Brandt<\/em><\/p>\n\n\n\n<p>Inl\u00e4gget <a href=\"https:\/\/jag.se\/du-har-inte-fel-du-har-ratt\/\" rel=\"nofollow\">Du har inte fel \u2013 du har r\u00e4tt!<\/a> d\u00f6k f\u00f6rst upp p\u00e5 <a href=\"https:\/\/jag.se\" rel=\"nofollow\">JAG Personlig assistans<\/a>.<\/p>\n\n\n<section class=\"links-list white-bg\">\n\t<div class=\"inner\">\n\t\t\t\t<ul >\n\t\t\t\t\t\t\t<li><a href=\"https:\/\/jag.se\/assistans\/yrket-personlig-assistent\/\">Vad g\u00f6r en personlig assistent?<\/a><\/li>\n\t\t\t\t\t\t\t\t<li><a href=\"https:\/\/jag.se\/assistans\/vart-erbjudande\/\">Att ha sin assistans hos oss<\/a><\/li>\n\t\t\t\t\t\t<\/ul>\n\t\t\t\t<\/div>\n<\/section>\n","protected":false},"excerpt":{"rendered":"<p>Visste du att det finns en FN-konvention som skyddar de m\u00e4nskliga r\u00e4ttigheterna f\u00f6r personer med funktionsneds\u00e4ttning? FN antog en allm\u00e4n f\u00f6rklaring om m\u00e4nskliga r\u00e4ttigheter 1948. D\u00e4refter har en rad konventioner tillkommit. Funktionsr\u00e4ttskonventionen med r\u00e4ttigheter f\u00f6r personer med funktionsneds\u00e4ttning kom 2006. M\u00e4nskliga r\u00e4ttigheter inneb\u00e4r att alla m\u00e4nniskor \u00e4r f\u00f6dda fria och lika i v\u00e4rde. De grundl\u00e4ggande<\/p>\n","protected":false},"author":1,"featured_media":0,"comment_status":"closed","ping_status":"open","sticky":false,"template":"","format":"standard","meta":{"footnotes":""},"categories":[1],"tags":[],"class_list":["post-1885","post","type-post","status-publish","format-standard","hentry","category-uncategorized"],"acf":[],"_links":{"self":[{"href":"https:\/\/jag.se\/assistans\/wp-json\/wp\/v2\/posts\/1885","targetHints":{"allow":["GET"]}}],"collection":[{"href":"https:\/\/jag.se\/assistans\/wp-json\/wp\/v2\/posts"}],"about":[{"href":"https:\/\/jag.se\/assistans\/wp-json\/wp\/v2\/types\/post"}],"author":[{"embeddable":true,"href":"https:\/\/jag.se\/assistans\/wp-json\/wp\/v2\/users\/1"}],"replies":[{"embeddable":true,"href":"https:\/\/jag.se\/assistans\/wp-json\/wp\/v2\/comments?post=1885"}],"version-history":[{"count":3,"href":"https:\/\/jag.se\/assistans\/wp-json\/wp\/v2\/posts\/1885\/revisions"}],"predecessor-version":[{"id":5945,"href":"https:\/\/jag.se\/assistans\/wp-json\/wp\/v2\/posts\/1885\/revisions\/5945"}],"wp:attachment":[{"href":"https:\/\/jag.se\/assistans\/wp-json\/wp\/v2\/media?parent=1885"}],"wp:term":[{"taxonomy":"category","embeddable":true,"href":"https:\/\/jag.se\/assistans\/wp-json\/wp\/v2\/categories?post=1885"},{"taxonomy":"post_tag","embeddable":true,"href":"https:\/\/jag.se\/assistans\/wp-json\/wp\/v2\/tags?post=1885"}],"curies":[{"name":"wp","href":"https:\/\/api.w.org\/{rel}","templated":true}]}}