{"id":1887,"date":"2019-02-22T09:43:00","date_gmt":"2019-02-22T09:43:00","guid":{"rendered":"https:\/\/jag.se\/assistans\/hur-uppmarksammar-eu-funktionsrattsfragor\/"},"modified":"2023-08-08T12:17:20","modified_gmt":"2023-08-08T12:17:20","slug":"hur-uppmarksammar-eu-funktionsrattsfragor","status":"publish","type":"post","link":"https:\/\/jag.se\/assistans\/hur-uppmarksammar-eu-funktionsrattsfragor\/","title":{"rendered":"Hur uppm\u00e4rksammar EU funktionsr\u00e4ttsfr\u00e5gor?"},"content":{"rendered":"\n<p><strong>Idag har bloggen R\u00e4ttskraft gl\u00e4djen att presentera en g\u00e4stbloggare! Det \u00e4r Nasim Soleimanpour, som tidigare jobbade som jurist hos oss men som har l\u00e4mnat oss f\u00f6r EU-kommissionen. Vi fr\u00e5gade Nasim vad EU g\u00f6r i fr\u00e5gor om r\u00e4ttigheter f\u00f6r personer med funktionsneds\u00e4ttning.<\/strong><\/p>\n\n\n\n<p>H\u00e4r p\u00e5 EU-kommissionen f\u00e5r jag ofta mejl fr\u00e5n fackf\u00f6reningar som har tillst\u00e4llningar f\u00f6r att informera om r\u00e4ttigheter f\u00f6r arbetstagare med funktionsneds\u00e4ttning och deras n\u00e4rst\u00e5ende. Den 3 december, internationella dagen f\u00f6r personer med funktionsneds\u00e4ttning, brukar kommissionen och dess personal markera med flera initiativ och h\u00e4ndelser under en hel vecka. F\u00f6rra \u00e5ret h\u00f6lls en stor konferens och den f\u00f6rsta generalf\u00f6rsamlingen av ASDEC, en fackf\u00f6rening f\u00f6r personal med funktionsneds\u00e4ttning i Europeiska kommissionen. Med j\u00e4mna mellanrum anordnas ocks\u00e5 lunchkonferenser inom omr\u00e5det. Strategin f\u00f6r att fr\u00e4mja m\u00e5ngfald och integration inom kommissionen f\u00f6ljs upp med en \u00e5rlig rapport. Inom institutionen kan man allts\u00e5 s\u00e4ga att det g\u00f6rs en del f\u00f6r att uppm\u00e4rksamma funktionsr\u00e4ttsfr\u00e5gorna.<\/p>\n\n\n\n<p>EU har inga lagstiftande befogenheter inom omr\u00e5det. Trots det har man p\u00e5b\u00f6rjat arbetet med den europeiska pelaren f\u00f6r sociala r\u00e4ttigheter. Ett initiativ utan r\u00e4ttsligt bindande kraft men som fastsl\u00e5r den gemensamma viljeinriktningen p\u00e5 EU-niv\u00e5. I korta drag handlar det om att ge m\u00e4nniskor nya och effektiva r\u00e4ttigheter. Pelaren inneh\u00e5ller 20 principer som t\u00e4cker ett brett spektrum av socialpolitiska omr\u00e5den samt arbetsr\u00e4tt. Den \u00e4r uppdelad i tre kapitel:<\/p>\n\n\n\n<ul class=\"wp-block-list\">\n<li>Lika m\u00f6jligheter och tillg\u00e5ng till arbetsmarknaden<\/li>\n\n\n\n<li>R\u00e4ttvisa arbetsvillkor<\/li>\n\n\n\n<li>Social trygghet och social integration<\/li>\n<\/ul>\n\n\n\n<h5 class=\"wp-block-heading\">Jag som jurist undrar d\u00e5 om det finns n\u00e5got matnyttigt att tugga p\u00e5 h\u00e4r p\u00e5 EU-niv\u00e5?<\/h5>\n\n\n\n<p>Europeiska unionens stadga om de grundl\u00e4ggande r\u00e4ttigheterna f\u00f6rbjuder diskriminering p\u00e5 grund av funktionsneds\u00e4ttning. Stadgan erk\u00e4nner r\u00e4tten f\u00f6r personer med funktionsneds\u00e4ttning till \u00e5tg\u00e4rder f\u00f6r att s\u00e4kerst\u00e4lla deras oberoende, sociala och yrkesm\u00e4ssiga integration och deltagande i samh\u00e4llslivet. D\u00e4rut\u00f6ver skyddas r\u00e4ttigheter f\u00f6r personer med funktionsneds\u00e4ttning i EU fr\u00e4mst genom FN:s konvention om r\u00e4ttigheter f\u00f6r personer med funktionsneds\u00e4ttning (EKMR) som antogs av EU 2010. Det var f\u00f6rsta g\u00e5ngen EU sj\u00e4lv har undertecknat ett internationellt avtal om m\u00e4nskliga r\u00e4ttigheter. Detta har i sin tur lett till antagandet av EU:s handikappstrategi 2010\u20132020, ett ramverk som beskriver hur EU ska genomf\u00f6ra EKMR. Det kan bidra till en aktiv granskning av EU:s genomf\u00f6rande av konventionen, men ocks\u00e5 till att utvecklingen av EU-lagstiftning p\u00e5 omr\u00e5det fortg\u00e5r. Genom skyldigheter som kommer fr\u00e5n konventionen har EU prelimin\u00e4rt antagit ett tillg\u00e4nglighetsdirektiv i november 2018. Europeiska unionens byr\u00e5 f\u00f6r grundl\u00e4ggande r\u00e4ttigheter arbetar med r\u00e4ttigheter f\u00f6r personer med funktionsneds\u00e4ttning utifr\u00e5n konventionens principer om sj\u00e4lvbest\u00e4mmande, deltagande och inkludering. Men i j\u00e4mf\u00f6relse med \u00f6vriga EU-r\u00e4ttsliga spektra kan man s\u00e4ga att utvecklingen \u00e4r tr\u00f6g p\u00e5 denna front.<\/p>\n\n\n\n<p>Slutsatsen \u00e4r att det finns ambitioner p\u00e5 EU-niv\u00e5 och r\u00e4ttighetsfr\u00e5gorna f\u00f6r personer med funktionsneds\u00e4ttning \u00e4r st\u00e4ndigt aktuella!<\/p>\n\n\n\n<p>Inl\u00e4gget <a href=\"https:\/\/jag.se\/eu-uppmarksammar-funktionsrattsfragor\/\" rel=\"nofollow\">Hur uppm\u00e4rksammar EU funktionsr\u00e4ttsfr\u00e5gor?<\/a> d\u00f6k f\u00f6rst upp p\u00e5 <a href=\"https:\/\/jag.se\" rel=\"nofollow\">JAG Personlig assistans<\/a>.<\/p>\n\n\n<section class=\"links-list white-bg\">\n\t<div class=\"inner\">\n\t\t\t\t<ul >\n\t\t\t\t\t\t\t<li><a href=\"https:\/\/jag.se\/assistans\/yrket-personlig-assistent\/\">Vad g\u00f6r en personlig assistent?<\/a><\/li>\n\t\t\t\t\t\t\t\t<li><a href=\"https:\/\/jag.se\/assistans\/vart-erbjudande\/\">Att ha sin assistans hos oss<\/a><\/li>\n\t\t\t\t\t\t<\/ul>\n\t\t\t\t<\/div>\n<\/section>\n","protected":false},"excerpt":{"rendered":"<p>Idag har bloggen R\u00e4ttskraft gl\u00e4djen att presentera en g\u00e4stbloggare! Det \u00e4r Nasim Soleimanpour, som tidigare jobbade som jurist hos oss men som har l\u00e4mnat oss f\u00f6r EU-kommissionen. Vi fr\u00e5gade Nasim vad EU g\u00f6r i fr\u00e5gor om r\u00e4ttigheter f\u00f6r personer med funktionsneds\u00e4ttning. H\u00e4r p\u00e5 EU-kommissionen f\u00e5r jag ofta mejl fr\u00e5n fackf\u00f6reningar som har tillst\u00e4llningar f\u00f6r att<\/p>\n","protected":false},"author":1,"featured_media":0,"comment_status":"closed","ping_status":"open","sticky":false,"template":"","format":"standard","meta":{"footnotes":""},"categories":[1],"tags":[],"class_list":["post-1887","post","type-post","status-publish","format-standard","hentry","category-uncategorized"],"acf":[],"_links":{"self":[{"href":"https:\/\/jag.se\/assistans\/wp-json\/wp\/v2\/posts\/1887","targetHints":{"allow":["GET"]}}],"collection":[{"href":"https:\/\/jag.se\/assistans\/wp-json\/wp\/v2\/posts"}],"about":[{"href":"https:\/\/jag.se\/assistans\/wp-json\/wp\/v2\/types\/post"}],"author":[{"embeddable":true,"href":"https:\/\/jag.se\/assistans\/wp-json\/wp\/v2\/users\/1"}],"replies":[{"embeddable":true,"href":"https:\/\/jag.se\/assistans\/wp-json\/wp\/v2\/comments?post=1887"}],"version-history":[{"count":3,"href":"https:\/\/jag.se\/assistans\/wp-json\/wp\/v2\/posts\/1887\/revisions"}],"predecessor-version":[{"id":5969,"href":"https:\/\/jag.se\/assistans\/wp-json\/wp\/v2\/posts\/1887\/revisions\/5969"}],"wp:attachment":[{"href":"https:\/\/jag.se\/assistans\/wp-json\/wp\/v2\/media?parent=1887"}],"wp:term":[{"taxonomy":"category","embeddable":true,"href":"https:\/\/jag.se\/assistans\/wp-json\/wp\/v2\/categories?post=1887"},{"taxonomy":"post_tag","embeddable":true,"href":"https:\/\/jag.se\/assistans\/wp-json\/wp\/v2\/tags?post=1887"}],"curies":[{"name":"wp","href":"https:\/\/api.w.org\/{rel}","templated":true}]}}