{"id":1896,"date":"2018-09-11T12:02:20","date_gmt":"2018-09-11T12:02:20","guid":{"rendered":"https:\/\/jag.se\/assistans\/lss-efter-valet\/"},"modified":"2022-03-18T16:04:22","modified_gmt":"2022-03-18T16:04:22","slug":"lss-efter-valet","status":"publish","type":"post","link":"https:\/\/jag.se\/assistans\/lss-efter-valet\/","title":{"rendered":"LSS efter valet"},"content":{"rendered":"<p>S\u00e5 h\u00e4r dagarna efter valet \u00e4r det m\u00e5nga fr\u00e5gor som h\u00e4nger obesvarade i luften. Det \u00e4r stora fr\u00e5gor om vem som ska vara v\u00e5r statsminister de kommande fyra \u00e5ren och vilka partier som kommer sitta i regering tillsammans. Det \u00e4r naturligtvis ocks\u00e5 fr\u00e5gor om alla de vall\u00f6ften som getts. Kommer partierna st\u00e5 f\u00f6r vad de lovat? <a href=\"https:\/\/assistanskoll.se\/20180903-Hur-svarar-riksdagspartierna-S-loften.html#behovsb4\" target=\"_blank\" rel=\"noopener\">Assistanskoll har st\u00e4llt fr\u00e5gor till partierna<\/a> om vad de vill g\u00f6ra n\u00e4r det kommer till LSS och st\u00f6d till personer med funktionsneds\u00e4ttning. <a href=\"https:\/\/www.expressen.se\/nyheter\/val-2018\/vard\/sa-tycker-partier-om-assistans-for-barn\/\" target=\"_blank\" rel=\"noopener\">Expressen har ocks\u00e5 gjort en granskning<\/a> av var partierna st\u00e5r i fr\u00e5gor om LSS och d\u00e5 fr\u00e4mst i fr\u00e5gan om alla de barn och familjer som inte f\u00e5r det st\u00f6d som man kan f\u00f6rv\u00e4nta sig fr\u00e5n samh\u00e4llet. Det \u00e4r tydligt att det finns en stor majoritet i riksdagen f\u00f6r att \u00e5terst\u00e4lla LSS och r\u00e4ttigheter f\u00f6r personer med funktionsneds\u00e4ttning. Detta ger hopp om framtiden!<\/p>\n<p>Jag vill \u00e5terv\u00e4nda till den fr\u00e5ga som jag tog upp i ett <a href=\"https:\/\/jag.se\/ingen-tvekan-om-att-behov-av-stod-finns-men-vem-ska-utfora-assistansen\/\">blogginl\u00e4gg i januari.<\/a> Inl\u00e4gget handlar om alla de m\u00e4nniskor som har f\u00f6rlorat sin r\u00e4tt till assistans med anledning av att de har behov av assistans av n\u00e5gon med ing\u00e5ende kunskaper om deras person och funktionsneds\u00e4ttning. Det s\u00e5 kallade femte grundl\u00e4ggande behovet. M\u00e5nga av de som f\u00e5tt r\u00e4tt till assistans utifr\u00e5n det femte grundl\u00e4ggande behovet har under de senaste \u00e5ren f\u00f6rlorat denna r\u00e4ttighet. Motiveringarna till att assistans nekas &#8211; trots att varken funktionsneds\u00e4ttningar eller behov f\u00f6r\u00e4ndrats \u2013 \u00e4r grumliga och mycket sv\u00e5ra att f\u00f6rst\u00e5. S\u00e5 h\u00e4r skrev jag i januari.<\/p>\n<p><em>Men det som verkligen bekymrar \u00e4r att myndigheter och domstolar konstaterar att behovet av st\u00f6d fr\u00e5n en annan person f\u00f6r att klara av att leva finns d\u00e4r, men det ger inte r\u00e4tt till personlig assistans. Och med det beslutet s\u00e5 l\u00e4mnas personen \u00e5t sitt \u00f6de. Myndigheter med ansvar f\u00f6r en enskild individs m\u00f6jligheter att leva som andra tar inget som helst ansvar f\u00f6r att en f\u00e5r det st\u00f6d en har behov av.<\/em><\/p>\n<p>Jag hoppas och tror att politikerna h\u00e5ller p\u00e5 att hitta r\u00e4tt i assistansfr\u00e5gan nu. Att de faktiskt ser hur det drabbar enskilda och familjer n\u00e4r man drar undan ett livsviktigt st\u00f6d. Det faktum att assistansen blev en valfr\u00e5ga visar ocks\u00e5 tydligt p\u00e5 att vi fortfarande lever i ett samh\u00e4lle d\u00e4r vi st\u00e5r upp f\u00f6r m\u00e4nniskors lika v\u00e4rde och m\u00e4nskliga r\u00e4ttigheter! Till alla de politiker som nu ska ge sig i kast med att g\u00f6ra verklighet av sina vall\u00f6ften s\u00e5 vill jag p\u00e5minna om att arbetet med att \u00e5teruppr\u00e4tta LSS och m\u00e4nskliga r\u00e4ttigheter f\u00f6r personer med funktionsneds\u00e4ttning ocks\u00e5 m\u00e5ste inkludera alla de m\u00e4nniskor med intellektuella funktionsneds\u00e4ttningar som har behov av ett st\u00e4ndigt st\u00f6d fr\u00e5n n\u00e5gon som har ing\u00e5ende kunskaper om deras person och funktionsneds\u00e4ttning. Politikerna m\u00e5ste s\u00e4kerst\u00e4lla att alla de som beh\u00f6ver assistans med det femte grundl\u00e4ggande behovet f\u00e5r r\u00e4tt till det. Politikerna m\u00e5ste ocks\u00e5 s\u00e4kerst\u00e4lla att alla de personer som f\u00f6rlorat sina r\u00e4ttigheter under de senaste \u00e5ren f\u00e5r dessa r\u00e4ttigheter tillbaka.<\/p>\n<p>The post <a rel=\"nofollow\" href=\"https:\/\/jag.se\/lss-efter-valet\/\">LSS efter valet<\/a> appeared first on <a rel=\"nofollow\" href=\"https:\/\/jag.se\">JAG Personlig assistans<\/a>.<\/p>\n","protected":false},"excerpt":{"rendered":"<p>S\u00e5 h\u00e4r dagarna efter valet \u00e4r det m\u00e5nga fr\u00e5gor som h\u00e4nger obesvarade i luften. Det \u00e4r stora fr\u00e5gor om vem som ska vara v\u00e5r statsminister de kommande fyra \u00e5ren och vilka partier som kommer sitta i regering tillsammans. Det \u00e4r naturligtvis ocks\u00e5 fr\u00e5gor om alla de vall\u00f6ften som getts. Kommer partierna st\u00e5 f\u00f6r vad de<\/p>\n","protected":false},"author":1,"featured_media":0,"comment_status":"closed","ping_status":"open","sticky":false,"template":"","format":"standard","meta":{"footnotes":""},"categories":[1],"tags":[],"class_list":["post-1896","post","type-post","status-publish","format-standard","hentry","category-uncategorized"],"acf":[],"_links":{"self":[{"href":"https:\/\/jag.se\/assistans\/wp-json\/wp\/v2\/posts\/1896","targetHints":{"allow":["GET"]}}],"collection":[{"href":"https:\/\/jag.se\/assistans\/wp-json\/wp\/v2\/posts"}],"about":[{"href":"https:\/\/jag.se\/assistans\/wp-json\/wp\/v2\/types\/post"}],"author":[{"embeddable":true,"href":"https:\/\/jag.se\/assistans\/wp-json\/wp\/v2\/users\/1"}],"replies":[{"embeddable":true,"href":"https:\/\/jag.se\/assistans\/wp-json\/wp\/v2\/comments?post=1896"}],"version-history":[{"count":1,"href":"https:\/\/jag.se\/assistans\/wp-json\/wp\/v2\/posts\/1896\/revisions"}],"predecessor-version":[{"id":1949,"href":"https:\/\/jag.se\/assistans\/wp-json\/wp\/v2\/posts\/1896\/revisions\/1949"}],"wp:attachment":[{"href":"https:\/\/jag.se\/assistans\/wp-json\/wp\/v2\/media?parent=1896"}],"wp:term":[{"taxonomy":"category","embeddable":true,"href":"https:\/\/jag.se\/assistans\/wp-json\/wp\/v2\/categories?post=1896"},{"taxonomy":"post_tag","embeddable":true,"href":"https:\/\/jag.se\/assistans\/wp-json\/wp\/v2\/tags?post=1896"}],"curies":[{"name":"wp","href":"https:\/\/api.w.org\/{rel}","templated":true}]}}