{"id":1897,"date":"2018-09-06T11:06:20","date_gmt":"2018-09-06T11:06:20","guid":{"rendered":"https:\/\/jag.se\/assistans\/assistansen-pa-allas-lappar\/"},"modified":"2022-03-18T16:04:20","modified_gmt":"2022-03-18T16:04:20","slug":"assistansen-pa-allas-lappar","status":"publish","type":"post","link":"https:\/\/jag.se\/assistans\/assistansen-pa-allas-lappar\/","title":{"rendered":"Assistansen p\u00e5 allas l\u00e4ppar"},"content":{"rendered":"<p>N\u00e4r jag skriver detta \u00e4r det drygt en vecka kvar till valet. Politikerna k\u00e4mpar f\u00f6r att n\u00e5 fram med sina budskap i bruset. I sociala medier delas inl\u00e4gg, utspel och egna \u00e5sikter med rasande fart om s\u00e4nkta skatter, integration och siande om regeringsbildningen. Fr\u00e5gan om assistansen har dykt upp lite d\u00e5 och d\u00e5 men aldrig riktigt tagit fart. F\u00f6rr\u00e4n nu. Pl\u00f6tsligt talar alla om assistansen. I sociala medier trendar den under partiledarnas utfr\u00e5gningar i SVT. Och tong\u00e5ngarna \u00e4r inte negativa, tv\u00e4rtom. Diskussionen handlar nu om m\u00e4nniskov\u00e4rde, m\u00e4nskliga r\u00e4ttigheter, m\u00f6jligheten f\u00f6r barn att v\u00e4xa upp i sin familj. Efter Socialdemokraternas f\u00f6rslag om en extra veckas f\u00f6r\u00e4ldraledighet har inl\u00e4gg spridits p\u00e5 sociala medier d\u00e4r m\u00e5nga f\u00f6r\u00e4ldrar v\u00e4lkomnar f\u00f6rslaget men hellre ser att pengarna g\u00e5r till funkisfamiljerna som k\u00e4mpar p\u00e5 ett helt annat s\u00e4tt i vardagen, ja f\u00f6r att f\u00e5 livet att g\u00e5 runt och kunna leva som andra.<\/p>\n<p>Under de \u00e5r som jag har jobbat med assistansfr\u00e5gor har det aldrig h\u00e4nt f\u00f6rut att debatten har varit s\u00e5 positiv och s\u00e5 gott som fri fr\u00e5n anklagelser om fusk och \u00f6verutnyttjande. Kanske har den senaste tidens skr\u00e4ckexempel p\u00e5 barn och familjer i kris och flera kommuners byggstart av barnboenden f\u00e5tt flera \u00e4n de inom funkisr\u00f6relsen att vakna till och insett att detta inte \u00e4r ett Sverige vi vill leva i. Det \u00e4r kanske den viktigaste f\u00f6r\u00e4ndringen inom valr\u00f6relsen f\u00f6r assistansen. Assistansen har blivit en fr\u00e5ga som inte l\u00e4ngre bara \u00e4r aktuell f\u00f6r dem som har en funktionsneds\u00e4ttning eller deras n\u00e4rst\u00e5ende. Utan assistansen r\u00f6r hela samh\u00e4llet i stort.<\/p>\n<p>Som den obotliga optimist jag \u00e4r hoppas jag s\u00e5klart att assistansen forts\u00e4tter att vara en fr\u00e5ga p\u00e5 allas l\u00e4ppar. Oavsett utg\u00e5ngen den 9 september.<\/p>\n<p>The post <a rel=\"nofollow\" href=\"https:\/\/jag.se\/assistansen-pa-allas-lappar\/\">Assistansen p\u00e5 allas l\u00e4ppar<\/a> appeared first on <a rel=\"nofollow\" href=\"https:\/\/jag.se\">JAG Personlig assistans<\/a>.<\/p>\n","protected":false},"excerpt":{"rendered":"<p>N\u00e4r jag skriver detta \u00e4r det drygt en vecka kvar till valet. Politikerna k\u00e4mpar f\u00f6r att n\u00e5 fram med sina budskap i bruset. I sociala medier delas inl\u00e4gg, utspel och egna \u00e5sikter med rasande fart om s\u00e4nkta skatter, integration och siande om regeringsbildningen. Fr\u00e5gan om assistansen har dykt upp lite d\u00e5 och d\u00e5 men aldrig<\/p>\n","protected":false},"author":1,"featured_media":0,"comment_status":"closed","ping_status":"open","sticky":false,"template":"","format":"standard","meta":{"footnotes":""},"categories":[1],"tags":[],"class_list":["post-1897","post","type-post","status-publish","format-standard","hentry","category-uncategorized"],"acf":[],"_links":{"self":[{"href":"https:\/\/jag.se\/assistans\/wp-json\/wp\/v2\/posts\/1897","targetHints":{"allow":["GET"]}}],"collection":[{"href":"https:\/\/jag.se\/assistans\/wp-json\/wp\/v2\/posts"}],"about":[{"href":"https:\/\/jag.se\/assistans\/wp-json\/wp\/v2\/types\/post"}],"author":[{"embeddable":true,"href":"https:\/\/jag.se\/assistans\/wp-json\/wp\/v2\/users\/1"}],"replies":[{"embeddable":true,"href":"https:\/\/jag.se\/assistans\/wp-json\/wp\/v2\/comments?post=1897"}],"version-history":[{"count":1,"href":"https:\/\/jag.se\/assistans\/wp-json\/wp\/v2\/posts\/1897\/revisions"}],"predecessor-version":[{"id":1947,"href":"https:\/\/jag.se\/assistans\/wp-json\/wp\/v2\/posts\/1897\/revisions\/1947"}],"wp:attachment":[{"href":"https:\/\/jag.se\/assistans\/wp-json\/wp\/v2\/media?parent=1897"}],"wp:term":[{"taxonomy":"category","embeddable":true,"href":"https:\/\/jag.se\/assistans\/wp-json\/wp\/v2\/categories?post=1897"},{"taxonomy":"post_tag","embeddable":true,"href":"https:\/\/jag.se\/assistans\/wp-json\/wp\/v2\/tags?post=1897"}],"curies":[{"name":"wp","href":"https:\/\/api.w.org\/{rel}","templated":true}]}}