{"id":1906,"date":"2018-04-24T12:01:26","date_gmt":"2018-04-24T12:01:26","guid":{"rendered":"https:\/\/jag.se\/assistans\/gor-om-gor-ratt\/"},"modified":"2023-08-08T09:37:36","modified_gmt":"2023-08-08T09:37:36","slug":"gor-om-gor-ratt","status":"publish","type":"post","link":"https:\/\/jag.se\/assistans\/gor-om-gor-ratt\/","title":{"rendered":"G\u00f6r om, g\u00f6r r\u00e4tt!"},"content":{"rendered":"\n<p>Uppdraget till LSS-utredningen \u00e4r tydligt. Besparingar m\u00e5ste g\u00f6ras. Nedsk\u00e4rningar planeras. F\u00f6r ett tag sedan fick vi en f\u00f6rsmak av vad som komma skall i samband med att f\u00f6rsta utkastet fr\u00e5n LSS-utredningen n\u00e5dde medierna. Bland annat ska personlig assistans inte beviljas till barn under 12 \u00e5r. De ska ist\u00e4llet erbjudas en ny LSS-insats \u201domv\u00e5rdnad och st\u00f6d f\u00f6r barn\u201d l\u00f6d f\u00f6rslaget. Uppl\u00e4gget \u00e4r minst sagt skr\u00e4mmande.<\/p>\n\n\n\n<p>En vecka har 168 timmar. Under dessa 168 timmar kan ett barn med funktionsneds\u00e4ttningar beh\u00f6va st\u00f6d och hj\u00e4lp n\u00e4r som helst, dygnet runt. Det finns lika m\u00e5nga olika slags behov som det finns barn i Sverige. Det fina med personlig assistans \u00e4r att den \u00e4r just som det l\u00e5ter, n\u00e4mligen personlig. Individen och hj\u00e4lpbehovet styr utformningen.<\/p>\n\n\n\n<p>Utredningen f\u00f6resl\u00e5r enskilda punktinsatser. En utformning som riskerar att snarare stj\u00e4lpa \u00e4n hj\u00e4lpa barnen och familjerna som ber\u00f6rs av f\u00f6rslaget, d\u00e5 det personliga helt r\u00e4knas bort. Redan idag \u00e4r alltf\u00f6r m\u00e5nga barn med funktionsneds\u00e4ttningar helt och h\u00e5llet beroende av att n\u00e4rst\u00e5ende ger oavl\u00f6nat st\u00f6d kontinuerligt under \u00e5rets alla dagar, s\u00e5v\u00e4l dag som natt. Utredningens f\u00f6rslag kommer troligen att leda till att n\u00e4ra anh\u00f6riga i betydligt st\u00f6rre utstr\u00e4ckning \u00e4n idag t\u00e4cker upp n\u00e4r samh\u00e4llets hj\u00e4lpinsatser sviker. Ska barn med omfattande funktionsneds\u00e4ttningar tvingas v\u00e4xa upp p\u00e5 barnboenden mot sin och f\u00f6r\u00e4ldrarnas vilja? Situationen \u00e4r oh\u00e5llbar.<\/p>\n\n\n\n<p>Det \u00e4r nu 28 \u00e5r sedan Sverige ratificerade Barnkonventionen och p\u00e5 ytan \u00e4r alla r\u00f6rande \u00f6verens \u2013 barnets b\u00e4sta ska komma i fr\u00e4msta rummet liksom r\u00e4tten f\u00f6r barn med funktionsneds\u00e4ttningar att komma till tals. Men verkligheten talar sitt tydliga spr\u00e5k.<\/p>\n\n\n\n<p>Det \u00e4r inte funktionsneds\u00e4ttningen i sig, utan samh\u00e4llets utformning och allm\u00e4nhetens attityder som leder till att en funktionsneds\u00e4ttning blir ett handikapp. Barn ska f\u00e5 vara barn. Barn ska ges m\u00f6jlighet att faktiskt\u202fdelta i och inte bara betrakta livet som p\u00e5g\u00e5r. Men idag skjuter beslutsfattarna samh\u00e4llets ansvar \u00e5t sidan och l\u00e5ter barnen st\u00e5 kvar som f\u00f6rlorare.\u202fAlla barn har r\u00e4tt till att f\u00e5 v\u00e4xa upp i en familj och till livskvalitet, \u00e4ven de allra minsta.<\/p>\n\n\n\n<p>Om LSS-utredningen finns bara en sak att s\u00e4ga \u2013 g\u00f6r om, g\u00f6r r\u00e4tt!<\/p>\n\n\n<section class=\"links-list white-bg\">\n\t<div class=\"inner\">\n\t\t\t\t<ul >\n\t\t\t\t\t\t\t<li><a href=\"https:\/\/jag.se\/assistans\/yrket-personlig-assistent\/\">Vad g\u00f6r en personlig assistent?<\/a><\/li>\n\t\t\t\t\t\t<\/ul>\n\t\t\t\t<\/div>\n<\/section>\n\n\n\n<p>Inl\u00e4gget <a href=\"https:\/\/jag.se\/gor-om-gor-ratt\/\" rel=\"nofollow\">G\u00f6r om, g\u00f6r r\u00e4tt!<\/a> d\u00f6k f\u00f6rst upp p\u00e5 <a href=\"https:\/\/jag.se\/assistans\" rel=\"nofollow\">JAG Personlig assistans<\/a>.<\/p>\n","protected":false},"excerpt":{"rendered":"<p>Uppdraget till LSS-utredningen \u00e4r tydligt. Besparingar m\u00e5ste g\u00f6ras. Nedsk\u00e4rningar planeras. F\u00f6r ett tag sedan fick vi en f\u00f6rsmak av vad som komma skall i samband med att f\u00f6rsta utkastet fr\u00e5n LSS-utredningen n\u00e5dde medierna. Bland annat ska personlig assistans inte beviljas till barn under 12 \u00e5r. De ska ist\u00e4llet erbjudas en ny LSS-insats \u201domv\u00e5rdnad och st\u00f6d<\/p>\n","protected":false},"author":1,"featured_media":0,"comment_status":"closed","ping_status":"open","sticky":false,"template":"","format":"standard","meta":{"footnotes":""},"categories":[1],"tags":[],"class_list":["post-1906","post","type-post","status-publish","format-standard","hentry","category-uncategorized"],"acf":[],"_links":{"self":[{"href":"https:\/\/jag.se\/assistans\/wp-json\/wp\/v2\/posts\/1906","targetHints":{"allow":["GET"]}}],"collection":[{"href":"https:\/\/jag.se\/assistans\/wp-json\/wp\/v2\/posts"}],"about":[{"href":"https:\/\/jag.se\/assistans\/wp-json\/wp\/v2\/types\/post"}],"author":[{"embeddable":true,"href":"https:\/\/jag.se\/assistans\/wp-json\/wp\/v2\/users\/1"}],"replies":[{"embeddable":true,"href":"https:\/\/jag.se\/assistans\/wp-json\/wp\/v2\/comments?post=1906"}],"version-history":[{"count":7,"href":"https:\/\/jag.se\/assistans\/wp-json\/wp\/v2\/posts\/1906\/revisions"}],"predecessor-version":[{"id":5936,"href":"https:\/\/jag.se\/assistans\/wp-json\/wp\/v2\/posts\/1906\/revisions\/5936"}],"wp:attachment":[{"href":"https:\/\/jag.se\/assistans\/wp-json\/wp\/v2\/media?parent=1906"}],"wp:term":[{"taxonomy":"category","embeddable":true,"href":"https:\/\/jag.se\/assistans\/wp-json\/wp\/v2\/categories?post=1906"},{"taxonomy":"post_tag","embeddable":true,"href":"https:\/\/jag.se\/assistans\/wp-json\/wp\/v2\/tags?post=1906"}],"curies":[{"name":"wp","href":"https:\/\/api.w.org\/{rel}","templated":true}]}}