{"id":1912,"date":"2018-02-16T14:19:29","date_gmt":"2018-02-16T14:19:29","guid":{"rendered":"https:\/\/jag.se\/assistans\/historisk-overklagan-till-fn-kommitten-for-rattigheter-for-personer-med-funktionsnedsattning\/"},"modified":"2023-08-08T12:08:25","modified_gmt":"2023-08-08T12:08:25","slug":"historisk-overklagan-till-fn-kommitten-for-rattigheter-for-personer-med-funktionsnedsattning","status":"publish","type":"post","link":"https:\/\/jag.se\/assistans\/historisk-overklagan-till-fn-kommitten-for-rattigheter-for-personer-med-funktionsnedsattning\/","title":{"rendered":"Historisk \u00f6verklagan till FN kommitt\u00e9n f\u00f6r r\u00e4ttigheter f\u00f6r personer med funktionsneds\u00e4ttning"},"content":{"rendered":"\n<p>En assistansanv\u00e4ndare i JAG Assistans i Finland har framst\u00e4llt en klagan till FN kommitt\u00e9n f\u00f6r r\u00e4ttigheter f\u00f6r personer med funktionsneds\u00e4ttning d\u00e4rf\u00f6r att hen anser att Finland bryter mot FN konventionen f\u00f6r m\u00e4nskliga r\u00e4ttigheter f\u00f6r personer med funktionsneds\u00e4ttning. Det ska bli mycket intressant att f\u00f6lja detta \u00e4rende och hur FN-kommitt\u00e9n tolkar konventionen vad g\u00e4ller r\u00e4tten till personlig assistans. Det \u00e4r ocks\u00e5 mycket intressant att se vad kommitt\u00e9n kommer fram till g\u00e4llande diskriminering av vissa grupper av personer med funktionsneds\u00e4ttningar. Fr\u00e5gan om IQ-diskriminering (allts\u00e5 att personer blir diskriminerade p.g.a. sin nedsatta intellektuella f\u00f6rm\u00e5ga) \u00e4r en aktuell fr\u00e5ga \u00e4ven i Sverige.<\/p>\n\n\n\n<p>Kortfattat s\u00e5 har assistansanv\u00e4ndaren l\u00e4nge k\u00e4mpat f\u00f6r att f\u00e5 r\u00e4tt till personlig assistans i den omfattning som kr\u00e4vs f\u00f6r att kunna leva ett sj\u00e4lvst\u00e4ndigt liv. Kommunen och domstolarna i Finland har gett r\u00e4tt till 60 timmar personlig assistans per vecka men med villkoret att assistansen utf\u00f6rs utanf\u00f6r hemmet. Ett s\u00e5dant beslut om\u00f6jligg\u00f6r naturligtvis att leva ett fritt liv. Assistansanv\u00e4ndaren beh\u00f6ver personlig assistans dygnet runt och \u00e4r nu helt beroende av att familjen st\u00e4ller upp och ger st\u00f6d all \u00f6vrig tid.<\/p>\n\n\n\n<p>Anledningen till varf\u00f6r Finska domstolar inte ger r\u00e4tt till personlig assistans \u00e4r att de inte anser att assistansanv\u00e4ndaren har resurser att sj\u00e4lv definiera assistansens inneh\u00e5ll, d v s personen kan inte sj\u00e4lv arbetsleda sina assistenter. Detta \u00e4r dessv\u00e4rre en tolkning som till\u00e4mpas i stor utstr\u00e4ckning i Finland och det g\u00f6r att det \u00e4r v\u00e4ldigt sv\u00e5rt f\u00f6r personer med intellektuella funktionsneds\u00e4ttningar att f\u00e5 personlig assistans.<\/p>\n\n\n\n<p>Assistansanv\u00e4ndaren skriver i sin klagan till kommitt\u00e9n att det finska regelverket, som kr\u00e4ver att man ska kunna arbetsleda sj\u00e4lv, strider mot flera artiklar i FN-konventionen. Det strider dels mot artikel 5 eftersom det \u00e4r en tydlig diskriminering av personer med intellektuella funktionsneds\u00e4ttningar och g\u00f6r att dessa personer missgynnas j\u00e4mf\u00f6rt med personer som enbart har fysiska funktionsneds\u00e4ttningar.<\/p>\n\n\n\n<p>I klagan h\u00e4nvisas till artikel 19, som handlar om att alla personer med funktionsneds\u00e4ttning ska ha r\u00e4tt till ett personligt anpassat st\u00f6d och att ingen ska tvingas till s\u00e4rskilda boendeformer. Det h\u00e4nvisas \u00e4ven till artikel 14 i konventionen och argumenterar att det \u00e4r en hot mot personens s\u00e4kerhet och frihet att tvingas leva tillsammans med andra i ett gruppboende, s\u00e4rskilt som hens funktionsneds\u00e4ttningar g\u00f6r att detta \u00e4r en h\u00f6gst ol\u00e4mplig boendeform.<\/p>\n\n\n\n<p>Nu h\u00e5ller vi tummarna f\u00f6r att FN-kommitt\u00e9n f\u00f6rtydligar r\u00e4tten till personlig assistans och att ingen ska diskrimineras p.g.a. sin funktionsneds\u00e4ttning!<\/p>\n\n\n\n<p>Inl\u00e4gget <a href=\"https:\/\/jag.se\/historisk-overklagan-till-fn-kommitten-rattigheter-personer-med-funktionsnedsattning\/\" rel=\"nofollow\">Historisk \u00f6verklagan till FN kommitt\u00e9n f\u00f6r r\u00e4ttigheter f\u00f6r personer med funktionsneds\u00e4ttning<\/a> d\u00f6k f\u00f6rst upp p\u00e5 <a href=\"https:\/\/jag.se\" rel=\"nofollow\">JAG Personlig assistans<\/a>.<\/p>\n\n\n<section class=\"links-list white-bg\">\n\t<div class=\"inner\">\n\t\t\t\t<ul >\n\t\t\t\t\t\t\t<li><a href=\"https:\/\/jag.se\/assistans\/yrket-personlig-assistent\/\">Vad g\u00f6r en personlig assistent?<\/a><\/li>\n\t\t\t\t\t\t\t\t<li><a href=\"https:\/\/jag.se\/assistans\/vart-erbjudande\/\">Att ha sin assistans hos oss<\/a><\/li>\n\t\t\t\t\t\t<\/ul>\n\t\t\t\t<\/div>\n<\/section>\n","protected":false},"excerpt":{"rendered":"<p>En assistansanv\u00e4ndare i JAG Assistans i Finland har framst\u00e4llt en klagan till FN kommitt\u00e9n f\u00f6r r\u00e4ttigheter f\u00f6r personer med funktionsneds\u00e4ttning d\u00e4rf\u00f6r att hen anser att Finland bryter mot FN konventionen f\u00f6r m\u00e4nskliga r\u00e4ttigheter f\u00f6r personer med funktionsneds\u00e4ttning. Det ska bli mycket intressant att f\u00f6lja detta \u00e4rende och hur FN-kommitt\u00e9n tolkar konventionen vad g\u00e4ller r\u00e4tten till<\/p>\n","protected":false},"author":1,"featured_media":0,"comment_status":"closed","ping_status":"open","sticky":false,"template":"","format":"standard","meta":{"footnotes":""},"categories":[1],"tags":[],"class_list":["post-1912","post","type-post","status-publish","format-standard","hentry","category-uncategorized"],"acf":[],"_links":{"self":[{"href":"https:\/\/jag.se\/assistans\/wp-json\/wp\/v2\/posts\/1912","targetHints":{"allow":["GET"]}}],"collection":[{"href":"https:\/\/jag.se\/assistans\/wp-json\/wp\/v2\/posts"}],"about":[{"href":"https:\/\/jag.se\/assistans\/wp-json\/wp\/v2\/types\/post"}],"author":[{"embeddable":true,"href":"https:\/\/jag.se\/assistans\/wp-json\/wp\/v2\/users\/1"}],"replies":[{"embeddable":true,"href":"https:\/\/jag.se\/assistans\/wp-json\/wp\/v2\/comments?post=1912"}],"version-history":[{"count":5,"href":"https:\/\/jag.se\/assistans\/wp-json\/wp\/v2\/posts\/1912\/revisions"}],"predecessor-version":[{"id":5957,"href":"https:\/\/jag.se\/assistans\/wp-json\/wp\/v2\/posts\/1912\/revisions\/5957"}],"wp:attachment":[{"href":"https:\/\/jag.se\/assistans\/wp-json\/wp\/v2\/media?parent=1912"}],"wp:term":[{"taxonomy":"category","embeddable":true,"href":"https:\/\/jag.se\/assistans\/wp-json\/wp\/v2\/categories?post=1912"},{"taxonomy":"post_tag","embeddable":true,"href":"https:\/\/jag.se\/assistans\/wp-json\/wp\/v2\/tags?post=1912"}],"curies":[{"name":"wp","href":"https:\/\/api.w.org\/{rel}","templated":true}]}}