{"id":1913,"date":"2018-02-09T14:41:10","date_gmt":"2018-02-09T14:41:10","guid":{"rendered":"https:\/\/jag.se\/assistans\/aven-om-jag-inte-sager-nagot-kan-jag-ha-nagot-att-saga\/"},"modified":"2022-03-18T16:04:08","modified_gmt":"2022-03-18T16:04:08","slug":"aven-om-jag-inte-sager-nagot-kan-jag-ha-nagot-att-saga","status":"publish","type":"post","link":"https:\/\/jag.se\/assistans\/aven-om-jag-inte-sager-nagot-kan-jag-ha-nagot-att-saga\/","title":{"rendered":"\u00c4ven om jag inte s\u00e4ger n\u00e5got kan jag ha n\u00e5got att s\u00e4ga\u2026"},"content":{"rendered":"<p>\u2026st\u00e5r det p\u00e5 v\u00e5ra kaffekoppar h\u00e4r p\u00e5 v\u00e5rt kontor. Det \u00e4r en mening som jag ofta f\u00e5r anledning att anv\u00e4nda n\u00e4r jag jobbar med juridiskt st\u00f6d i assistansfr\u00e5gor. F\u00f6r just v\u00e5rt behov av att kommunicera har visat sig vara ett behov som ofta ifr\u00e5gas\u00e4tts n\u00e4r bed\u00f6mning om r\u00e4tt till assistans g\u00f6rs.<\/p>\n<p>Inte s\u00e4llan h\u00e4nder det att myndigheterna ifr\u00e5gas\u00e4tter v\u00e5ra uppdragsgivares behov av eller vilja att kommunicera. Som att det skulle vara beroende av ett visst personlighetsdrag eller en f\u00f6ljd av en viss sorts funktionsvariation. Nu f\u00f6r tiden m\u00e5ste v\u00e5ra uppdragsgivare allts\u00e5 bevisa att de faktiskt har ett behov och intresse av att finnas med i ett socialt sammanhang.<\/p>\n<p>N\u00e4r det inte g\u00e5r att ifr\u00e5gas\u00e4tta en persons behov eller vilja att kommunicera kan myndigheterna ist\u00e4llet ifr\u00e5gas\u00e4tta vid vilka situationer man har behov av st\u00f6d i kommunikation. Det \u00e4r bara den korta tid man kan t\u00e4nkas vilja framf\u00f6ra n\u00e5got i en i f\u00f6rv\u00e4g best\u00e4md situation som r\u00e4knas. Exakt hur m\u00e5nga minuter som \u00e4r sk\u00e4ligt verkar vara en vetenskap som bara myndigheterna har tillg\u00e5ng till. Att man har planer p\u00e5 att p\u00e5b\u00f6rja nya aktiviteter eller spontant vill f\u00f6ra en dialog med n\u00e5gon r\u00e4knas som regel inte.<\/p>\n<p>Ett nyare argument fr\u00e5n myndigheternas sida \u00e4r att man dessutom m\u00e5ste visa vilka m\u00f6jligheter man har i kommunikation med en person som inte f\u00f6rst\u00e5r en v\u00e4l. Konsekvenserna av ett s\u00e5dant resonemang blir att man m\u00e5ste visa att n\u00e5gon form av meningsfullhet i kommunikationen m\u00e5ste finnas.<\/p>\n<p>B\u00f6rjar ni f\u00e5 sv\u00e5rt att h\u00e4nga med? Det har jag. Trots att jag efter alla \u00e5r av juridiskt st\u00f6d inom assistans borde vara expert inser jag att efter alla om, men och ifall finns det inte mycket kvar av en av v\u00e5ra mest grundl\u00e4ggande behov, att f\u00e5 vara del av ett socialt sammanhang och delta i samh\u00e4llslivet utifr\u00e5n v\u00e5ra f\u00f6ruts\u00e4ttningar och p\u00e5 det s\u00e4tt vi sj\u00e4lva \u00f6nskar. Utan ifr\u00e5gas\u00e4ttande.<\/p>\n<p>\u00c4ven om jag inte s\u00e4ger n\u00e5got kan jag ha n\u00e5got att s\u00e4ga st\u00e5r det p\u00e5 v\u00e5ra kaffekoppar. Jag tar en klunk och undrar i mitt stilla sinne; sen n\u00e4r blev det s\u00e5 sv\u00e5rt att f\u00f6rst\u00e5?<\/p>\n<p>The post <a rel=\"nofollow\" href=\"https:\/\/jag.se\/aven-om-jag-inte-sager-nagot-kan-jag-ha-nagot-att-saga\/\">\u00c4ven om jag inte s\u00e4ger n\u00e5got kan jag ha n\u00e5got att s\u00e4ga\u2026<\/a> appeared first on <a rel=\"nofollow\" href=\"https:\/\/jag.se\">JAG Personlig assistans<\/a>.<\/p>\n","protected":false},"excerpt":{"rendered":"<p>\u2026st\u00e5r det p\u00e5 v\u00e5ra kaffekoppar h\u00e4r p\u00e5 v\u00e5rt kontor. Det \u00e4r en mening som jag ofta f\u00e5r anledning att anv\u00e4nda n\u00e4r jag jobbar med juridiskt st\u00f6d i assistansfr\u00e5gor. F\u00f6r just v\u00e5rt behov av att kommunicera har visat sig vara ett behov som ofta ifr\u00e5gas\u00e4tts n\u00e4r bed\u00f6mning om r\u00e4tt till assistans g\u00f6rs. Inte s\u00e4llan h\u00e4nder det<\/p>\n","protected":false},"author":1,"featured_media":0,"comment_status":"closed","ping_status":"open","sticky":false,"template":"","format":"standard","meta":{"footnotes":""},"categories":[1],"tags":[],"class_list":["post-1913","post","type-post","status-publish","format-standard","hentry","category-uncategorized"],"acf":[],"_links":{"self":[{"href":"https:\/\/jag.se\/assistans\/wp-json\/wp\/v2\/posts\/1913","targetHints":{"allow":["GET"]}}],"collection":[{"href":"https:\/\/jag.se\/assistans\/wp-json\/wp\/v2\/posts"}],"about":[{"href":"https:\/\/jag.se\/assistans\/wp-json\/wp\/v2\/types\/post"}],"author":[{"embeddable":true,"href":"https:\/\/jag.se\/assistans\/wp-json\/wp\/v2\/users\/1"}],"replies":[{"embeddable":true,"href":"https:\/\/jag.se\/assistans\/wp-json\/wp\/v2\/comments?post=1913"}],"version-history":[{"count":1,"href":"https:\/\/jag.se\/assistans\/wp-json\/wp\/v2\/posts\/1913\/revisions"}],"predecessor-version":[{"id":1925,"href":"https:\/\/jag.se\/assistans\/wp-json\/wp\/v2\/posts\/1913\/revisions\/1925"}],"wp:attachment":[{"href":"https:\/\/jag.se\/assistans\/wp-json\/wp\/v2\/media?parent=1913"}],"wp:term":[{"taxonomy":"category","embeddable":true,"href":"https:\/\/jag.se\/assistans\/wp-json\/wp\/v2\/categories?post=1913"},{"taxonomy":"post_tag","embeddable":true,"href":"https:\/\/jag.se\/assistans\/wp-json\/wp\/v2\/tags?post=1913"}],"curies":[{"name":"wp","href":"https:\/\/api.w.org\/{rel}","templated":true}]}}