{"id":5027,"date":"2023-02-16T08:10:08","date_gmt":"2023-02-16T08:10:08","guid":{"rendered":"https:\/\/jag.se\/assistans\/nu-har-aldersgransen-for-personlig-assistans-hojts-2\/"},"modified":"2023-08-08T14:15:16","modified_gmt":"2023-08-08T14:15:16","slug":"hoj-ersattningen-och-ge-assistansen-rimliga-villkor","status":"publish","type":"post","link":"https:\/\/jag.se\/assistans\/hoj-ersattningen-och-ge-assistansen-rimliga-villkor\/","title":{"rendered":"H\u00f6j ers\u00e4ttningen och ge assistansen rimliga villkor!"},"content":{"rendered":"<section class=\"text-block white  \">\n    <div class=\"block-icon\"><\/div>\n\t<div class=\"inner\">\n\t\t<div class=\"text-block-content\">\n\t\t\t\t\t<h2 class=\"\">Sveriges politiker har l\u00e5tit assistansers\u00e4ttningen halka efter <\/h2>\n\t\t\t\t\t<p>Alla som har en koppling till personlig assistans \u00e4r v\u00e4l medvetna om utmaningarna med att rekrytera just nu. Varf\u00f6r \u00e4r det s\u00e5? Sj\u00e4lva yrket i sig har inte f\u00f6r\u00e4ndrats. Nej, snarare handlar det om att villkoren f\u00f6r personlig assistans har urholkats. Vilket i sin tur beror p\u00e5 assistansers\u00e4ttningens storlek.<\/p>\n<p>Det senaste decenniet har Sveriges politiker l\u00e5tit assistansers\u00e4ttningen halka efter b\u00e5de l\u00f6ne\u00f6kningar och inflation. Ja, andra kostnader ocks\u00e5. Assistansers\u00e4ttningen ska ju r\u00e4cka till mer \u00e4n l\u00f6n. Den ska t\u00e4cka hela administrationen av assistansen, handledning, utbildning, f\u00f6rs\u00e4kringar, skatter osv.<\/p>\n<p>Jag har kanske varit naiv. T\u00e4nkt vad sk\u00f6nt att vi i alla fall har v\u00e5rt g\u00e4ng assistenter som trivs, \u00e4r engagerade, kunniga och som framf\u00f6r allt min syster tycker s\u00e5 mycket om. Jag har nog trott att det skulle rulla p\u00e5.<\/p>\n<p>Min syster kan inte leva utan personliga assistenter. V\u00e5ra f\u00f6r\u00e4ldrar \u00e4r 80+. Jag jobbar inte som personlig assistent. Och d\u00e4r, rakt in i hj\u00e4rtat, sitter kniven som samvetet med ett stadigt tag vrider om n\u00e5gra extra varv. Det \u00e4r ju inte mig det \u00e4r synd om p\u00e5 n\u00e5got s\u00e4tt h\u00e4r, men problematiken f\u00e5r ringar p\u00e5 vattnet.<\/p>\n<p>Och nej, gruppbostad \u00e4r inte ett alternativ f\u00f6r en person med intellektuell funktionsneds\u00e4ttning som saknar verbalt tal och har autistiska drag. Det har min syster, och m\u00e5nga andra, redan testat med livet som insats. Som tur var s\u00e5 fick vi assistansbeslut innan det var f\u00f6r sent. S\u00e5 tack men nej tack, det g\u00f6r vi inte om. F\u00f6r att kunna leva ett liv som andra. Med sj\u00e4lvbest\u00e4mmande. Och delaktighet.<\/p>\n<p>Ge oss en r\u00e4ttvis ers\u00e4ttning, f\u00f6r ett livsviktigt arbete, som leder till varaktiga anst\u00e4llningar och personlig assistans av god kvalitet. H\u00f6j ers\u00e4ttningen och ge assistansen rimliga villkor!<\/p>\n<p>&nbsp;<\/p>\n<p>Riksf\u00f6reningen JAG tillsammans med flera andra organisationer har g\u00e5tt samman f\u00f6r rimliga villkor inom personlig assistans. <a href=\"https:\/\/www.rimligavillkor.se\/\">L\u00e4s mer om rimliga villkor h\u00e4r.<\/a><\/p>\n\t\t<\/div>\n<\/section>\n\n\n<section class=\"text-block ocean  \">\n    <div class=\"block-icon\"><\/div>\n\t<div class=\"inner\">\n\t\t<div class=\"text-block-content\">\n\t\t\t\t<p>Blogginl\u00e4gg av <strong><a href=\"mailto:asa.emtelin@jag.se\">\u00c5sa Emtelin<\/a><\/strong>, press\/PR p\u00e5 JAG.<\/p>\n\t\t<\/div>\n<\/section>\n\n\n<section class=\"links-list white-bg\">\n\t<div class=\"inner\">\n\t\t\t\t<ul >\n\t\t\t\t\t\t\t<li><a href=\"https:\/\/jag.se\/assistans\/yrket-personlig-assistent\/\">Vad g\u00f6r en personlig assistent?<\/a><\/li>\n\t\t\t\t\t\t\t\t<li><a href=\"https:\/\/jag.se\/assistans\/vart-erbjudande\/\">Att ha sin assistans hos oss<\/a><\/li>\n\t\t\t\t\t\t<\/ul>\n\t\t\t\t<\/div>\n<\/section>\n\n\n\n<p><\/p>\n","protected":false},"excerpt":{"rendered":"<p>I slutet av f\u00f6rra \u00e5ret\u00a0l\u00e4mnade den nya regeringen sitt f\u00f6rsta regleringsbrev till F\u00f6rs\u00e4kringskassan. Ett regleringsbrev best\u00e4mmer hur myndigheten ska arbeta och hur mycket pengar den kan anv\u00e4nda. Regeringen kan allts\u00e5 styra hur myndigheten ska arbeta. Men regeringen f\u00e5r aldrig styra \u00f6ver hur myndigheten anv\u00e4nder lagarna.<\/p>\n","protected":false},"author":12,"featured_media":5034,"comment_status":"open","ping_status":"open","sticky":false,"template":"","format":"standard","meta":{"footnotes":""},"categories":[15,17],"tags":[],"class_list":["post-5027","post","type-post","status-publish","format-standard","has-post-thumbnail","hentry","category-lss","category-personligassistans"],"acf":[],"_links":{"self":[{"href":"https:\/\/jag.se\/assistans\/wp-json\/wp\/v2\/posts\/5027","targetHints":{"allow":["GET"]}}],"collection":[{"href":"https:\/\/jag.se\/assistans\/wp-json\/wp\/v2\/posts"}],"about":[{"href":"https:\/\/jag.se\/assistans\/wp-json\/wp\/v2\/types\/post"}],"author":[{"embeddable":true,"href":"https:\/\/jag.se\/assistans\/wp-json\/wp\/v2\/users\/12"}],"replies":[{"embeddable":true,"href":"https:\/\/jag.se\/assistans\/wp-json\/wp\/v2\/comments?post=5027"}],"version-history":[{"count":36,"href":"https:\/\/jag.se\/assistans\/wp-json\/wp\/v2\/posts\/5027\/revisions"}],"predecessor-version":[{"id":6017,"href":"https:\/\/jag.se\/assistans\/wp-json\/wp\/v2\/posts\/5027\/revisions\/6017"}],"wp:featuredmedia":[{"embeddable":true,"href":"https:\/\/jag.se\/assistans\/wp-json\/wp\/v2\/media\/5034"}],"wp:attachment":[{"href":"https:\/\/jag.se\/assistans\/wp-json\/wp\/v2\/media?parent=5027"}],"wp:term":[{"taxonomy":"category","embeddable":true,"href":"https:\/\/jag.se\/assistans\/wp-json\/wp\/v2\/categories?post=5027"},{"taxonomy":"post_tag","embeddable":true,"href":"https:\/\/jag.se\/assistans\/wp-json\/wp\/v2\/tags?post=5027"}],"curies":[{"name":"wp","href":"https:\/\/api.w.org\/{rel}","templated":true}]}}