{"id":5110,"date":"2023-03-03T08:04:17","date_gmt":"2023-03-03T08:04:17","guid":{"rendered":"https:\/\/jag.se\/assistans\/hoj-ersattningen-och-ge-assistansen-rimliga-villkor-2\/"},"modified":"2023-11-02T11:56:26","modified_gmt":"2023-11-02T11:56:26","slug":"ljusnande-framtid","status":"publish","type":"post","link":"https:\/\/jag.se\/assistans\/ljusnande-framtid\/","title":{"rendered":"Vilken insats passar dig b\u00e4st?"},"content":{"rendered":"<section class=\"text-block white  \">\n    <div class=\"block-icon\"><\/div>\n\t<div class=\"inner\">\n\t\t<div class=\"text-block-content\">\n\t\t\t\t\t<h2 class=\"\">\u201dden ljusnande framtid \u00e4r v\u00e5r\u201d<\/h2>\n\t\t\t\t\t<p>Snart \u00e4r v\u00e5ren h\u00e4r och med den alla studenter som f\u00f6rv\u00e4ntansfulla ser framtiden an. Kanske h\u00e4grar dr\u00f6mmar om att resa jorden runt, studera vidare, yrkesarbeta, flytta hemifr\u00e5n och att kanske s\u00e5 sm\u00e5ningom bilda familj. Alla studenter har inte samma m\u00f6jligheter att skapa sig den framtid de dr\u00f6mmer om. F\u00f6r personer med funktionsvariation och ett omfattande behov av st\u00f6d och service beh\u00f6ver man faktiskt ans\u00f6ka om att f\u00e5 sina framtidsdr\u00f6mmar f\u00f6rverkligade.<\/p>\n<p>De olika insatserna som finns i Lagen om st\u00f6d och service f\u00f6r vissa funktionshindrade (LSS) \u00e4r utformade efter den heterogena grupp av m\u00e4nniskor i olika \u00e5ldrar och livsskeden som lagen omfattar. Det \u00e4r du sj\u00e4lv som best\u00e4mmer vilken eller vilka insatser du vill ans\u00f6ka om. N\u00e4r det g\u00e4ller t.ex. att flytta hemifr\u00e5n \u00e4r det fr\u00e4mst tv\u00e5 insatser som \u00e4r intressanta att titta n\u00e4rmare p\u00e5, n\u00e4mligen personlig assistans och bostad med s\u00e4rskild service f\u00f6r vuxna. Tv\u00e5 insatser som kan hj\u00e4lpa till att f\u00f6rverkliga dr\u00f6mmen om en ljusnande framtid. Jag vill belysa vilka skillnaderna \u00e4r och hur du kan t\u00e4nka i ditt val av insats. Kom ih\u00e5g att du ocks\u00e5 kan \u00e4ndra val av insats!<\/p>\n\t\t<\/div>\n<\/section>\n\n\n<section class=\"text-block white  \">\n    <div class=\"block-icon\"><\/div>\n\t<div class=\"inner\">\n\t\t<div class=\"text-block-content\">\n\t\t\t\t\t<h2 class=\"\">Gruppboende<\/h2>\n\t\t\t\t\t<p>\u201dBostad med s\u00e4rskild service f\u00f6r vuxna eller annan s\u00e4rskilt anpassad bostad f\u00f6r vuxna, (LSS 9\u00a7 1 st p.9)\u201d<\/p>\n<p>Det finns tre huvudformer av bost\u00e4der som avses. Det finns en m\u00f6jlighet att ans\u00f6ka om en s\u00e4rskilt anpassad bostad som tillhandah\u00e5lls av kommunen, men som inte innefattar st\u00f6d i form av bemanning. M\u00e5nga som bor i dessa bost\u00e4der f\u00e5r sitt st\u00f6d tillgodosett genom personlig assistans.<\/p>\n<p>De andra tv\u00e5 m\u00f6jligheterna \u00e4r servicebostad eller gruppbostad. Dessa boendeformer \u00e4r utformade p\u00e5 olika s\u00e4tt men inneb\u00e4r b\u00e5da att det ing\u00e5r en fast bemanning av personal som tillhandah\u00e5ller st\u00f6d och service. Jag v\u00e4ljer att fokusera p\u00e5 gruppbost\u00e4der d\u00e5 det \u00e4r den boendeform som \u00e4r avsedd f\u00f6r personer som inte kan klara av att bo sj\u00e4lva i eget boende eller i en servicebostad. De \u00e4r i behov av en mer eller mindre kontinuerlig n\u00e4rvaro av personal dygnet runt. Gruppboende \u00e4r ett bostadsalternativ som m\u00f6jligg\u00f6r f\u00f6r m\u00e5nga, t.ex. med intellektuell funktionsneds\u00e4ttning, att skapa sig ett eget hem utan att vara beroende av f\u00f6r\u00e4ldrar eller anh\u00f6riga.<\/p>\n<p>I ett gruppboende finns en kollektiv bemanning som i huvudsak ska tillgodose den boendes och \u00f6vriga boendes samtliga behov i den dagliga livsf\u00f6ringen.<\/p>\n\t\t<\/div>\n<\/section>\n\n\n<section class=\"text-block white  \">\n    <div class=\"block-icon\"><\/div>\n\t<div class=\"inner\">\n\t\t<div class=\"text-block-content\">\n\t\t\t\t\t<h2 class=\"\">Personlig assistans <\/h2>\n\t\t\t\t\t<p>\u201dBitr\u00e4de av personlig assistent, eller ekonomiskt st\u00f6d till sk\u00e4liga kostnader f\u00f6r s\u00e5dan assistans (LSS 9\u00a7 1 st p.2)\u201d<\/p>\n<p>Personlig assistans \u00e4r avsett f\u00f6r personer som \u00e4r i behov av ett individuellt anpassat st\u00f6d som ges av ett begr\u00e4nsat antal personer som \u00e4r knutna direkt till den enskilde och inte till en verksamhet. Personlig assistans \u00e4r avsedd f\u00f6r dig som beh\u00f6ver assistans f\u00f6r att kunna klara t.ex. den personliga hygienenen, kl\u00e4dombyten, andning, m\u00e5ltider och kommunikation. Insatsen \u00e4r till f\u00f6r \u201dkr\u00e4vande eller i olika avseenden komplicerade fall\u201d, som det uttrycks i lagens f\u00f6rarbeten. Ju st\u00f6rre st\u00f6dbehovet \u00e4r i tid, desto mer talar f\u00f6r du har r\u00e4tt till personlig assistans. <strong>Personlig assistans ska alltid \u00f6verv\u00e4gas f\u00f6r att barn och ungdomar ska f\u00e5 bo med sin familj och f\u00f6r att vuxna inte ska tvingas bo p\u00e5 institution.<\/strong><\/p>\n<p>Med personlig assistans har du ett i princip avg\u00f6rande inflytande p\u00e5 vem som anst\u00e4lls som assistent och ett mycket stort inflytande \u00f6ver n\u00e4r, var och hur st\u00f6det ska ges. Assistansbeslutet och vissa andra regler, som t.ex. arbetstidsregler, s\u00e4tter de gr\u00e4nser som du som har assistans m\u00e5ste f\u00f6rh\u00e5lla dig till.<\/p>\n<p>Med personlig assistans kan du flytta hemifr\u00e5n och sj\u00e4lv v\u00e4lja bostadsform. Har du assistansers\u00e4ttning via F\u00f6rs\u00e4kringskassan kan du v\u00e4lja att bo var som helst i Sverige. Har du personlig assistans via kommunen m\u00e5ste du ans\u00f6ka p\u00e5 nytt om du flyttar till en ny kommun.<\/p>\n\t\t<\/div>\n<\/section>\n\n\n<section class=\"text-block white  \">\n    <div class=\"block-icon\"><\/div>\n\t<div class=\"inner\">\n\t\t<div class=\"text-block-content\">\n\t\t\t\t\t<h2 class=\"\">Hur ska jag d\u00e5 t\u00e4nka n\u00e4r jag v\u00e4ljer mellan insatserna assistans eller gruppboende?<\/h2>\n\t\t\t\t\t<h3>Vilket behov av st\u00f6d du har \u00e4r avg\u00f6rande f\u00f6r val av insats.<\/h3>\n<p>F\u00f6renklat vill jag s\u00e4ga att din grad av sj\u00e4lvst\u00e4ndighet i integritetsn\u00e4ra situationer och i din f\u00f6rm\u00e5ga att uttrycka din vilja \u00e4r avg\u00f6rande. Dessutom \u00e4r komplexiteten av dina hj\u00e4lpbehov avg\u00f6rande. Komplexitet kan vara att du har en \u201dpsykisk funktionsneds\u00e4ttning\u201d eller att du har kvalificerade medicinska behov. D\u00e5 \u00e4r det en f\u00f6ruts\u00e4ttning att st\u00f6det till dig anpassas och ges av f\u00e5 personer som k\u00e4nner dig v\u00e4l och som f\u00f6rst\u00e5r dina behov av st\u00f6d och service. Din f\u00f6rm\u00e5ga att klara av att vara ensam i ett rum eller i en l\u00e4genhet \u00e4r ocks\u00e5 avg\u00f6rande.<\/p>\n<p>Ju st\u00f6rre behov du har inom omr\u00e5dena ovan, desto mer talar f\u00f6r att personlig assistans \u00e4r den insats som passar dig b\u00e4st.<\/p>\n\t\t<\/div>\n<\/section>\n\n\n<section class=\"text-block white  \">\n    <div class=\"block-icon\"><\/div>\n\t<div class=\"inner\">\n\t\t<div class=\"text-block-content\">\n\t\t\t\t\t<h2 class=\"\">Var besluten fattas \u00e4r avg\u00f6rande f\u00f6r din m\u00f6jlighet att leva ett sj\u00e4lvst\u00e4ndigt liv<\/h2>\n\t\t\t\t\t<p>Alla insatser i LSS ska verkst\u00e4llas i enlighet med LSS m\u00e5ls\u00e4ttning och principer. Men det \u00e4r ofr\u00e5nkomligt att olika insatser har olika f\u00f6ruts\u00e4ttningar f\u00f6r hur omfattande ditt sj\u00e4lvbest\u00e4mmande kan vara. Insatser som har personal knutna till en verksamhet inneb\u00e4r att du m\u00e5ste anpassa dig till verksamhetens m\u00f6jlighet att ge dig det st\u00f6d du beh\u00f6ver. Du beh\u00f6ver d\u00e4rf\u00f6r ofta kompromissa.<\/p>\n<p>Till exempel kan du i ett gruppboende inte best\u00e4mma vilka som anst\u00e4lls och du kan inte heller fullt ut best\u00e4mma vem som ska hj\u00e4lpa dig eller n\u00e4r hj\u00e4lpen ska utf\u00f6ras. Det \u00e4r naturligt eftersom du delar personal med andra boenden. Du kan inte heller p\u00e5verka vilka andra personer som bor i gruppboendet. N\u00e4r du v\u00e4l f\u00e5tt en plats p\u00e5 ett boende \u00e4r det mycket sv\u00e5rt att sj\u00e4lv fatta beslut om att flytta. Din m\u00f6jlighet att vara spontan och best\u00e4mma vad du vill g\u00f6ra t.ex. p\u00e5 fritiden beror helt och h\u00e5llet p\u00e5 vilka resurser boendet har. <\/p>\n\t\t<\/div>\n<\/section>\n\n\n<section class=\"text-block white  \">\n    <div class=\"block-icon\"><\/div>\n\t<div class=\"inner\">\n\t\t<div class=\"text-block-content\">\n\t\t\t\t\t<h2 class=\"\">N\u00e5gra fr\u00e5gor att st\u00e4lla sig inf\u00f6r valet mellan assistans och gruppboende<\/h2>\n\t\t\t\t\t<p>Om du st\u00e5r i begrepp att v\u00e4lja insats f\u00f6r att flytta hemifr\u00e5n, eller om du funderar p\u00e5 att byta insats kan du fundera kring f\u00f6ljande p\u00e5st\u00e5enden.<\/p>\n<ul>\n<li>Jag vill sj\u00e4lv fatta beslut om vart jag ska bo och vilka jag bor med<\/li>\n<li>Jag vill sj\u00e4lv best\u00e4mma vem som ska hj\u00e4lpa mig<\/li>\n<li>Jag vill sj\u00e4lv best\u00e4mma vad jag vill ha hj\u00e4lp med och n\u00e4r hj\u00e4lpen ska utf\u00f6ras<\/li>\n<li>Jag vill sj\u00e4lv best\u00e4mma p\u00e5 vilket s\u00e4tt hj\u00e4lpen ska utf\u00f6ras<\/li>\n<li>Jag vill sj\u00e4lv best\u00e4mma vad jag vill g\u00f6ra p\u00e5 fritiden, hur ofta och g\u00e4rna spontant<\/li>\n<li>Jag vill sj\u00e4lv best\u00e4mma n\u00e4r jag har semester och vad jag ska g\u00f6ra p\u00e5 min semester<br \/>Om du tycker att dessa p\u00e5st\u00e5enden passar in p\u00e5 dig \u00e4r f\u00f6rmodligen personlig assistans den insats du beh\u00f6ver. Oavsett vilket val just du landar i hoppas jag att det bidrar till att du f\u00e5r den ljusa framtid du f\u00f6rtj\u00e4nar.<\/li>\n<\/ul>\n\t\t<\/div>\n<\/section>\n\n\n<section class=\"text-block white  \">\n    <div class=\"block-icon\"><\/div>\n\t<div class=\"inner\">\n\t\t<div class=\"text-block-content\">\n\t\t\t\t\t<h2 class=\"\">St\u00e4rkt assistans ger m\u00f6jlighet f\u00f6r fler att f\u00e5 personlig assistans<\/h2>\n\t\t\t\t\t<p>Den lag\u00e4ndring som tr\u00e4dde i kraft 1 januari 2023 inneb\u00e4r att fler personer kommer att ha r\u00e4tt till insatsen personlig assistans.<a href=\"https:\/\/jag.se\/assistans\/juridisk-radgivning\/starkt-assistans\/\"> L\u00e4s mer h\u00e4r om vad lag\u00e4ndringen inneb\u00e4r och om du eller den du f\u00f6retr\u00e4der kan omfattas av de nya reglerna. <em>\u00a0<\/em><\/a><\/p>\n\t\t<\/div>\n<\/section>\n\n\n<section class=\"text-block ocean  \">\n    <div class=\"block-icon\"><\/div>\n\t<div class=\"inner\">\n\t\t<div class=\"text-block-content\">\n\t\t\t\t<p><strong><a href=\"mailto:kontakt@jag.se\">Blogginl\u00e4gg av Cecilia Wiest\u00e5l<\/a><\/strong>, juridisk r\u00e5dgivare JAG Personlig assistans<\/p>\n<p>Vill du <a href=\"https:\/\/outlook.office365.com\/owa\/calendar\/Medlemsrekrytering@jag.se\/bookings\/\" target=\"_blank\" rel=\"noopener\">boka en individuell juridisk r\u00e5dgivning med mig, Cecilia Wiest\u00e5l, eller n\u00e5gon av mina kollegor<\/a> kan du g\u00f6ra det h\u00e4r.\u00a0<\/p>\n\t\t<\/div>\n<\/section>\n\n\n<section class=\"links-list white-bg\">\n\t<div class=\"inner\">\n\t\t\t\t<ul >\n\t\t\t\t\t\t\t<li><a href=\"https:\/\/jag.se\/assistans\/flytta-fran-gruppbostad\/\">7 saker att t\u00e4nka p\u00e5 n\u00e4r du vill byta fr\u00e5n gruppboende till assistans<\/a><\/li>\n\t\t\t\t\t\t\t\t<li><a href=\"https:\/\/jag.se\/assistans\/juridisk-radgivning\/starkt-assistans\/\">H\u00e4r hittar du mer om lag\u00e4ndringen St\u00e4rkt assistans.<\/a><\/li>\n\t\t\t\t\t\t\t\t<li><a href=\"https:\/\/jag.se\/assistans\/vart-erbjudande\/\">Att ha sin assistans hos oss<\/a><\/li>\n\t\t\t\t\t\t<\/ul>\n\t\t\t\t<\/div>\n<\/section>\n","protected":false},"excerpt":{"rendered":"<p>I slutet av f\u00f6rra \u00e5ret\u00a0l\u00e4mnade den nya regeringen sitt f\u00f6rsta regleringsbrev till F\u00f6rs\u00e4kringskassan. Ett regleringsbrev best\u00e4mmer hur myndigheten ska arbeta och hur mycket pengar den kan anv\u00e4nda. Regeringen kan allts\u00e5 styra hur myndigheten ska arbeta. Men regeringen f\u00e5r aldrig styra \u00f6ver hur myndigheten anv\u00e4nder lagarna.<\/p>\n","protected":false},"author":12,"featured_media":0,"comment_status":"open","ping_status":"open","sticky":false,"template":"","format":"standard","meta":{"footnotes":""},"categories":[15,17],"tags":[],"class_list":["post-5110","post","type-post","status-publish","format-standard","hentry","category-lss","category-personligassistans"],"acf":[],"_links":{"self":[{"href":"https:\/\/jag.se\/assistans\/wp-json\/wp\/v2\/posts\/5110","targetHints":{"allow":["GET"]}}],"collection":[{"href":"https:\/\/jag.se\/assistans\/wp-json\/wp\/v2\/posts"}],"about":[{"href":"https:\/\/jag.se\/assistans\/wp-json\/wp\/v2\/types\/post"}],"author":[{"embeddable":true,"href":"https:\/\/jag.se\/assistans\/wp-json\/wp\/v2\/users\/12"}],"replies":[{"embeddable":true,"href":"https:\/\/jag.se\/assistans\/wp-json\/wp\/v2\/comments?post=5110"}],"version-history":[{"count":65,"href":"https:\/\/jag.se\/assistans\/wp-json\/wp\/v2\/posts\/5110\/revisions"}],"predecessor-version":[{"id":6847,"href":"https:\/\/jag.se\/assistans\/wp-json\/wp\/v2\/posts\/5110\/revisions\/6847"}],"wp:attachment":[{"href":"https:\/\/jag.se\/assistans\/wp-json\/wp\/v2\/media?parent=5110"}],"wp:term":[{"taxonomy":"category","embeddable":true,"href":"https:\/\/jag.se\/assistans\/wp-json\/wp\/v2\/categories?post=5110"},{"taxonomy":"post_tag","embeddable":true,"href":"https:\/\/jag.se\/assistans\/wp-json\/wp\/v2\/tags?post=5110"}],"curies":[{"name":"wp","href":"https:\/\/api.w.org\/{rel}","templated":true}]}}