{"id":13479,"date":"2022-09-01T12:43:51","date_gmt":"2022-09-01T12:43:51","guid":{"rendered":"https:\/\/jag.se\/opinion\/?p=13479"},"modified":"2022-09-01T14:37:46","modified_gmt":"2022-09-01T14:37:46","slug":"hur-lange-till-ska-vi-nekas-bankid","status":"publish","type":"post","link":"https:\/\/jag.se\/opinion\/hur-lange-till-ska-vi-nekas-bankid\/","title":{"rendered":"Hur l\u00e4nge till ska vi med f\u00f6retr\u00e4dare nekas BankID?"},"content":{"rendered":"<section class=\"text-block white  \">\n    <div class=\"block-icon\"><\/div>\n\t<div class=\"inner\">\n\t\t<div class=\"text-block-content\">\n\t\t\t\t<p>M\u00e5nga av oss JAG-medlemmar nekas att f\u00e5 ett eget BankID trots att det beh\u00f6vs i allt st\u00f6rre utstr\u00e4ckning idag. Det inneb\u00e4r att vi utest\u00e4ngs fr\u00e5n allt fler digitala tj\u00e4nster, exempelvis 1177, apotek, n\u00e4thandel, covid-intyg och samh\u00e4llsservice. En helt oacceptabel IQ-diskriminering.<\/p>\n<p>Digitala system som v\u00e4nder sig till allm\u00e4nheten m\u00e5ste vara anpassade f\u00f6r personer som har st\u00e4llf\u00f6retr\u00e4dare. Det m\u00e5ste sj\u00e4lvklart vara en s\u00e4ker l\u00f6sning, d\u00e4r det \u00e4r sp\u00e5rbart vem som hj\u00e4lper den enskilde att hantera exempelvis sitt digitala ID.<\/p>\n<p>I Norge har problemet uppm\u00e4rksammats med en konferens torsdagen 1 september 2022 ordnat av Finans Norge, motsvarigheten till Sveriges Bankf\u00f6rening, p\u00e5 temat: \u201d\u00c4r det diskriminerande att inte f\u00e5 BankID?\u201d. Riksf\u00f6reningen JAG var p\u00e5 plats.<\/p>\n<p>&#8221;Att inte ha bank-id inneb\u00e4r ett digitalt utanf\u00f6rskap, inte bara som bankkund, utan ocks\u00e5 som arbetstagare, konsument och samh\u00e4llsmedborgare \u201d Gry Nerg\u00e5rd, Finans Norge.<\/p>\n<p>Under konferensen uttalar sig Bj\u00f8rn Erik Thon, Likestillings- og diskrimineringsombud.<\/p>\n<p>\u2013 Fr\u00e5gan \u00e4r om det \u00e4r diskriminerande att inte f\u00e5 Bank-ID. Mitt svar \u00e4r Ja. Om vi hade pratat om digitalt utanf\u00f6rskap f\u00f6r tio \u00e5r sedan, hade jag sagt att 2022 \u00e4r det l\u00f6st. Tekniken finns, och akt\u00f6rerna har resurserna. Han s\u00e4ger ocks\u00e5 att vi beh\u00f6ver t\u00e4nka annorlunda, att vi har \u00e4ndrat hur vi resonerar kring personuppgifter. Det \u00e4r numera en grundf\u00f6ruts\u00e4ttning. Vi beh\u00f6ver p\u00e5 samma s\u00e4tt ha ett inbyggt diskrimineringsskydd i teknologin.\u00a0<\/p>\n<p>\u2013 Jag \u00e4r teknologioptimist. Den kan anv\u00e4ndas s\u00e5 att vi skapar delaktighet, och s\u00e5 att vi inte diskriminerar. Men vi \u00e4r inte d\u00e4r \u00e4n, forts\u00e4tter Bj\u00f8rn Erik Thon.<\/p>\n<p>Marte Eidsand Kj\u00f8rven, Professor ved institutt for privatrett, UIO tar vid.<\/p>\n<p>\u2013 Bankerna \u00e4r f\u00f6r str\u00e4nga. Det \u00e4r s\u00e5 ov\u00e4rdigt och or\u00e4ttf\u00e4rdigt att ha det s\u00e5 h\u00e4r. Detta borde vi ha t\u00e4nkt p\u00e5 tidigare! Du m\u00e5ste idag v\u00e4lja mellan pest eller kolera. Antingen st\u00e5 i digitalt utanf\u00f6rskap eller l\u00f6pa risk att bli utsatt f\u00f6r bedr\u00e4geri. S\u00e5 kan vi inte ha det. Tekniken finns f\u00f6r att slippa g\u00f6ra det valet, s\u00e4ger han.<\/p>\n<p>Det \u00e4r uppenbart att det l\u00e4ggs <span class=\"ui-provider hn b c d e f g h i j k l m n o p q r s t u v w x y z ab ac ae af ag ah ai aj ak\" dir=\"ltr\">mycket mer resurser p\u00e5 att utveckla nya tj\u00e4nster \u00e4n att bek\u00e4mpa digitalt utanf\u00f6rskap. Vi JAG-medlemmar vill se en \u00e4ndring. Nu.<\/span><\/p>\n<p>&nbsp;<\/p>\n\t\t<\/div>\n<\/section>\n\n\n\n<figure class=\"wp-block-embed aligncenter is-type-video is-provider-youtube wp-block-embed-youtube wp-embed-aspect-16-9 wp-has-aspect-ratio\"><div class=\"wp-block-embed__wrapper\">\n<iframe loading=\"lazy\" title=\"Varf\u00f6r nekas vi som har f\u00f6retr\u00e4dare BankID och st\u00e4ngs ute fr\u00e5n samh\u00e4llets digitala tj\u00e4nster?\" width=\"500\" height=\"281\" src=\"https:\/\/www.youtube.com\/embed\/n7sLWZoWhKo?feature=oembed\" frameborder=\"0\" allow=\"accelerometer; autoplay; clipboard-write; encrypted-media; gyroscope; picture-in-picture; web-share\" referrerpolicy=\"strict-origin-when-cross-origin\" allowfullscreen><\/iframe>\n<\/div><\/figure>\n","protected":false},"excerpt":{"rendered":"","protected":false},"author":9,"featured_media":13571,"comment_status":"open","ping_status":"open","sticky":false,"template":"","format":"standard","meta":{"footnotes":""},"categories":[1],"tags":[],"class_list":["post-13479","post","type-post","status-publish","format-standard","has-post-thumbnail","hentry","category-uncategorized"],"acf":[],"yoast_head":"<!-- This site is optimized with the Yoast SEO plugin v21.3 - https:\/\/yoast.com\/wordpress\/plugins\/seo\/ -->\n<title>Hur l\u00e4nge till ska vi med f\u00f6retr\u00e4dare nekas BankID? - JAG Opinion<\/title>\n<meta name=\"robots\" content=\"index, follow, max-snippet:-1, max-image-preview:large, max-video-preview:-1\" \/>\n<link rel=\"canonical\" href=\"https:\/\/jag.se\/opinion\/hur-lange-till-ska-vi-nekas-bankid\/\" \/>\n<meta property=\"og:locale\" content=\"sv_SE\" \/>\n<meta property=\"og:type\" content=\"article\" \/>\n<meta property=\"og:title\" content=\"Hur l\u00e4nge till ska vi med f\u00f6retr\u00e4dare nekas BankID? - JAG Opinion\" \/>\n<meta property=\"og:url\" content=\"https:\/\/jag.se\/opinion\/hur-lange-till-ska-vi-nekas-bankid\/\" \/>\n<meta property=\"og:site_name\" content=\"JAG Opinion\" \/>\n<meta property=\"article:published_time\" content=\"2022-09-01T12:43:51+00:00\" \/>\n<meta property=\"article:modified_time\" content=\"2022-09-01T14:37:46+00:00\" \/>\n<meta property=\"og:image\" content=\"https:\/\/jag.se\/wp-content\/uploads\/sites\/3\/2022\/09\/MicrosoftTeams-image-4-scaled.jpg\" \/>\n\t<meta property=\"og:image:width\" content=\"2560\" \/>\n\t<meta property=\"og:image:height\" content=\"1441\" \/>\n\t<meta property=\"og:image:type\" content=\"image\/jpeg\" \/>\n<meta name=\"author\" content=\"Asa Emtelin\" \/>\n<meta name=\"twitter:card\" content=\"summary_large_image\" \/>\n<meta name=\"twitter:label1\" content=\"Skriven av\" \/>\n\t<meta name=\"twitter:data1\" content=\"Asa Emtelin\" \/>\n\t<meta name=\"twitter:label2\" content=\"Ber\u00e4knad l\u00e4stid\" \/>\n\t<meta name=\"twitter:data2\" content=\"1 minut\" \/>\n<script type=\"application\/ld+json\" class=\"yoast-schema-graph\">{\"@context\":\"https:\/\/schema.org\",\"@graph\":[{\"@type\":\"WebPage\",\"@id\":\"https:\/\/jag.se\/opinion\/hur-lange-till-ska-vi-nekas-bankid\/\",\"url\":\"https:\/\/jag.se\/opinion\/hur-lange-till-ska-vi-nekas-bankid\/\",\"name\":\"Hur l\u00e4nge till ska vi med f\u00f6retr\u00e4dare nekas BankID? - JAG Opinion\",\"isPartOf\":{\"@id\":\"https:\/\/jag.se\/opinion\/#website\"},\"datePublished\":\"2022-09-01T12:43:51+00:00\",\"dateModified\":\"2022-09-01T14:37:46+00:00\",\"author\":{\"@id\":\"https:\/\/jag.se\/opinion\/#\/schema\/person\/d688dc9ac36c8b0359e70c3810dab6fd\"},\"breadcrumb\":{\"@id\":\"https:\/\/jag.se\/opinion\/hur-lange-till-ska-vi-nekas-bankid\/#breadcrumb\"},\"inLanguage\":\"sv-SE\",\"potentialAction\":[{\"@type\":\"ReadAction\",\"target\":[\"https:\/\/jag.se\/opinion\/hur-lange-till-ska-vi-nekas-bankid\/\"]}]},{\"@type\":\"BreadcrumbList\",\"@id\":\"https:\/\/jag.se\/opinion\/hur-lange-till-ska-vi-nekas-bankid\/#breadcrumb\",\"itemListElement\":[{\"@type\":\"ListItem\",\"position\":1,\"name\":\"JAG start\",\"item\":\"https:\/\/jag.se\"},{\"@type\":\"ListItem\",\"position\":2,\"name\":\"Riksf\u00f6reningen JAG\",\"item\":\"https:\/\/jag.se\/opinion\/\"},{\"@type\":\"ListItem\",\"position\":3,\"name\":\"Hur l\u00e4nge till ska vi med f\u00f6retr\u00e4dare nekas BankID?\"}]},{\"@type\":\"WebSite\",\"@id\":\"https:\/\/jag.se\/opinion\/#website\",\"url\":\"https:\/\/jag.se\/opinion\/\",\"name\":\"JAG Opinion\",\"description\":\"\",\"potentialAction\":[{\"@type\":\"SearchAction\",\"target\":{\"@type\":\"EntryPoint\",\"urlTemplate\":\"https:\/\/jag.se\/opinion\/?s={search_term_string}\"},\"query-input\":\"required name=search_term_string\"}],\"inLanguage\":\"sv-SE\"},{\"@type\":\"Person\",\"@id\":\"https:\/\/jag.se\/opinion\/#\/schema\/person\/d688dc9ac36c8b0359e70c3810dab6fd\",\"name\":\"Asa Emtelin\",\"image\":{\"@type\":\"ImageObject\",\"inLanguage\":\"sv-SE\",\"@id\":\"https:\/\/jag.se\/opinion\/#\/schema\/person\/image\/\",\"url\":\"https:\/\/secure.gravatar.com\/avatar\/73fad270be25e2762b83219f26f69b57ac5c8122d333e45e7cdce054f17f3ce3?s=96&d=mm&r=g\",\"contentUrl\":\"https:\/\/secure.gravatar.com\/avatar\/73fad270be25e2762b83219f26f69b57ac5c8122d333e45e7cdce054f17f3ce3?s=96&d=mm&r=g\",\"caption\":\"Asa Emtelin\"}}]}<\/script>\n<!-- \/ Yoast SEO plugin. -->","yoast_head_json":{"title":"Hur l\u00e4nge till ska vi med f\u00f6retr\u00e4dare nekas BankID? - JAG Opinion","robots":{"index":"index","follow":"follow","max-snippet":"max-snippet:-1","max-image-preview":"max-image-preview:large","max-video-preview":"max-video-preview:-1"},"canonical":"https:\/\/jag.se\/opinion\/hur-lange-till-ska-vi-nekas-bankid\/","og_locale":"sv_SE","og_type":"article","og_title":"Hur l\u00e4nge till ska vi med f\u00f6retr\u00e4dare nekas BankID? - JAG Opinion","og_url":"https:\/\/jag.se\/opinion\/hur-lange-till-ska-vi-nekas-bankid\/","og_site_name":"JAG Opinion","article_published_time":"2022-09-01T12:43:51+00:00","article_modified_time":"2022-09-01T14:37:46+00:00","og_image":[{"width":2560,"height":1441,"url":"https:\/\/jag.se\/wp-content\/uploads\/sites\/3\/2022\/09\/MicrosoftTeams-image-4-scaled.jpg","type":"image\/jpeg"}],"author":"Asa Emtelin","twitter_card":"summary_large_image","twitter_misc":{"Skriven av":"Asa Emtelin","Ber\u00e4knad l\u00e4stid":"1 minut"},"schema":{"@context":"https:\/\/schema.org","@graph":[{"@type":"WebPage","@id":"https:\/\/jag.se\/opinion\/hur-lange-till-ska-vi-nekas-bankid\/","url":"https:\/\/jag.se\/opinion\/hur-lange-till-ska-vi-nekas-bankid\/","name":"Hur l\u00e4nge till ska vi med f\u00f6retr\u00e4dare nekas BankID? - JAG Opinion","isPartOf":{"@id":"https:\/\/jag.se\/opinion\/#website"},"datePublished":"2022-09-01T12:43:51+00:00","dateModified":"2022-09-01T14:37:46+00:00","author":{"@id":"https:\/\/jag.se\/opinion\/#\/schema\/person\/d688dc9ac36c8b0359e70c3810dab6fd"},"breadcrumb":{"@id":"https:\/\/jag.se\/opinion\/hur-lange-till-ska-vi-nekas-bankid\/#breadcrumb"},"inLanguage":"sv-SE","potentialAction":[{"@type":"ReadAction","target":["https:\/\/jag.se\/opinion\/hur-lange-till-ska-vi-nekas-bankid\/"]}]},{"@type":"BreadcrumbList","@id":"https:\/\/jag.se\/opinion\/hur-lange-till-ska-vi-nekas-bankid\/#breadcrumb","itemListElement":[{"@type":"ListItem","position":1,"name":"JAG start","item":"https:\/\/jag.se"},{"@type":"ListItem","position":2,"name":"Riksf\u00f6reningen JAG","item":"https:\/\/jag.se\/opinion\/"},{"@type":"ListItem","position":3,"name":"Hur l\u00e4nge till ska vi med f\u00f6retr\u00e4dare nekas BankID?"}]},{"@type":"WebSite","@id":"https:\/\/jag.se\/opinion\/#website","url":"https:\/\/jag.se\/opinion\/","name":"JAG Opinion","description":"","potentialAction":[{"@type":"SearchAction","target":{"@type":"EntryPoint","urlTemplate":"https:\/\/jag.se\/opinion\/?s={search_term_string}"},"query-input":"required name=search_term_string"}],"inLanguage":"sv-SE"},{"@type":"Person","@id":"https:\/\/jag.se\/opinion\/#\/schema\/person\/d688dc9ac36c8b0359e70c3810dab6fd","name":"Asa Emtelin","image":{"@type":"ImageObject","inLanguage":"sv-SE","@id":"https:\/\/jag.se\/opinion\/#\/schema\/person\/image\/","url":"https:\/\/secure.gravatar.com\/avatar\/73fad270be25e2762b83219f26f69b57ac5c8122d333e45e7cdce054f17f3ce3?s=96&d=mm&r=g","contentUrl":"https:\/\/secure.gravatar.com\/avatar\/73fad270be25e2762b83219f26f69b57ac5c8122d333e45e7cdce054f17f3ce3?s=96&d=mm&r=g","caption":"Asa Emtelin"}}]}},"_links":{"self":[{"href":"https:\/\/jag.se\/opinion\/wp-json\/wp\/v2\/posts\/13479","targetHints":{"allow":["GET"]}}],"collection":[{"href":"https:\/\/jag.se\/opinion\/wp-json\/wp\/v2\/posts"}],"about":[{"href":"https:\/\/jag.se\/opinion\/wp-json\/wp\/v2\/types\/post"}],"author":[{"embeddable":true,"href":"https:\/\/jag.se\/opinion\/wp-json\/wp\/v2\/users\/9"}],"replies":[{"embeddable":true,"href":"https:\/\/jag.se\/opinion\/wp-json\/wp\/v2\/comments?post=13479"}],"version-history":[{"count":22,"href":"https:\/\/jag.se\/opinion\/wp-json\/wp\/v2\/posts\/13479\/revisions"}],"predecessor-version":[{"id":13582,"href":"https:\/\/jag.se\/opinion\/wp-json\/wp\/v2\/posts\/13479\/revisions\/13582"}],"wp:featuredmedia":[{"embeddable":true,"href":"https:\/\/jag.se\/opinion\/wp-json\/wp\/v2\/media\/13571"}],"wp:attachment":[{"href":"https:\/\/jag.se\/opinion\/wp-json\/wp\/v2\/media?parent=13479"}],"wp:term":[{"taxonomy":"category","embeddable":true,"href":"https:\/\/jag.se\/opinion\/wp-json\/wp\/v2\/categories?post=13479"},{"taxonomy":"post_tag","embeddable":true,"href":"https:\/\/jag.se\/opinion\/wp-json\/wp\/v2\/tags?post=13479"}],"curies":[{"name":"wp","href":"https:\/\/api.w.org\/{rel}","templated":true}]}}