{"id":13487,"date":"2022-09-01T05:06:43","date_gmt":"2022-09-01T05:06:43","guid":{"rendered":"https:\/\/jag.se\/opinion\/?p=13487"},"modified":"2022-09-01T05:06:48","modified_gmt":"2022-09-01T05:06:48","slug":"richard-kostenius-ny-ledamot-i-mfds-funktionshindersrad","status":"publish","type":"post","link":"https:\/\/jag.se\/opinion\/richard-kostenius-ny-ledamot-i-mfds-funktionshindersrad\/","title":{"rendered":"Richard Kostenius ny ledamot i MFDs funktionshindersr\u00e5d"},"content":{"rendered":"\n<p>Riksf\u00f6reningen JAGs vice ordf\u00f6rande Richard Kostenius har f\u00f6rordnats som ledamot i Myndigheten f\u00f6r delaktighets (MFD) funktionshindersr\u00e5d f\u00f6r perioden 2022-2024.<\/p>\n\n\n\n<p>Funktionshindersr\u00e5det \u00e4r ett st\u00f6d i genomf\u00f6randet av MFDs uppdrag med s\u00e4rskild tonvikt p\u00e5 den av regeringen beslutade strategin f\u00f6r systematisk uppf\u00f6ljning av funktionshinderspolitiken under 2021\u20132031.&nbsp; Genom r\u00e5det s\u00e4kerst\u00e4ller MFD att funktionshindersorganisationernas strategiska kunskap och erfarenhet i fr\u00e5gor relaterade till strategiarbetet synligg\u00f6rs och p\u00e5 olika s\u00e4tt bidrar till utvecklingen av arbetet.<\/p>\n\n\n\n<p>Funktionshindersr\u00e5det syftar till att:<\/p>\n\n\n\n<p>&#8211;&nbsp;&nbsp;&nbsp;&nbsp;&nbsp;&nbsp;&nbsp;&nbsp;&nbsp;&nbsp;&nbsp;&nbsp; aktivt involvera funktionshindersorganisationerna i fr\u00e5gor som r\u00f6r planering, genomf\u00f6rande och uppf\u00f6ljning av Myndigheten f\u00f6r delaktighets uppdrag med s\u00e4rskild tonvikt p\u00e5 strategin f\u00f6r systematisk uppf\u00f6ljning av funktionshinderspolitiken under 2021\u20132031,<\/p>\n\n\n\n<p>&#8211;&nbsp;&nbsp;&nbsp;&nbsp;&nbsp;&nbsp;&nbsp;&nbsp;&nbsp;&nbsp;&nbsp;&nbsp; gemensamt omv\u00e4rldsbevaka och uppm\u00e4rksamma utvecklingstendenser i fr\u00e5gor relaterade till strategiarbetet.<\/p>\n\n\n\n<p>Funktionshindersr\u00e5det best\u00e5r av sammanlagt tolv &nbsp;representanter fr\u00e5n funktionshindersorganisationerna. Funktionsr\u00e4tt Sverige &nbsp;har sju representanter, N\u00e4tverket Unga F\u00f6r Tillg\u00e4nglighet har tv\u00e5 och tre representanter (d\u00e4ribland Richard Kostenius) kommer fr\u00e5n \u00f6vriga funktionshindersorganisationer med statsbidrag.<\/p>\n","protected":false},"excerpt":{"rendered":"<p>Riksf\u00f6reningen JAGs vice ordf\u00f6rande Richard Kostenius har f\u00f6rordnats som ledamot i Myndigheten f\u00f6r delaktighets (MFD) funktionshindersr\u00e5d f\u00f6r perioden 2022-2024. Funktionshindersr\u00e5det \u00e4r ett st\u00f6d i genomf\u00f6randet av MFDs uppdrag med s\u00e4rskild tonvikt p\u00e5 den av regeringen beslutade strategin f\u00f6r systematisk uppf\u00f6ljning av funktionshinderspolitiken under 2021\u20132031.&nbsp; Genom r\u00e5det s\u00e4kerst\u00e4ller MFD att funktionshindersorganisationernas strategiska kunskap och erfarenhet i<\/p>\n","protected":false},"author":7,"featured_media":13488,"comment_status":"open","ping_status":"open","sticky":false,"template":"","format":"standard","meta":{"footnotes":""},"categories":[1],"tags":[31,32,33],"class_list":["post-13487","post","type-post","status-publish","format-standard","has-post-thumbnail","hentry","category-uncategorized","tag-mdf","tag-richardkostenius-2","tag-riksforeningen"],"acf":[],"yoast_head":"<!-- This site is optimized with the Yoast SEO plugin v21.3 - https:\/\/yoast.com\/wordpress\/plugins\/seo\/ -->\n<title>Richard Kostenius ny ledamot i MFDs funktionshindersr\u00e5d - JAG Opinion<\/title>\n<meta name=\"robots\" content=\"index, follow, max-snippet:-1, max-image-preview:large, max-video-preview:-1\" \/>\n<link rel=\"canonical\" href=\"https:\/\/jag.se\/opinion\/richard-kostenius-ny-ledamot-i-mfds-funktionshindersrad\/\" \/>\n<meta property=\"og:locale\" content=\"sv_SE\" \/>\n<meta property=\"og:type\" content=\"article\" \/>\n<meta property=\"og:title\" content=\"Richard Kostenius ny ledamot i MFDs funktionshindersr\u00e5d - JAG Opinion\" \/>\n<meta property=\"og:description\" content=\"Riksf\u00f6reningen JAGs vice ordf\u00f6rande Richard Kostenius har f\u00f6rordnats som ledamot i Myndigheten f\u00f6r delaktighets (MFD) funktionshindersr\u00e5d f\u00f6r perioden 2022-2024. Funktionshindersr\u00e5det \u00e4r ett st\u00f6d i genomf\u00f6randet av MFDs uppdrag med s\u00e4rskild tonvikt p\u00e5 den av regeringen beslutade strategin f\u00f6r systematisk uppf\u00f6ljning av funktionshinderspolitiken under 2021\u20132031.&nbsp; Genom r\u00e5det s\u00e4kerst\u00e4ller MFD att funktionshindersorganisationernas strategiska kunskap och erfarenhet i\" \/>\n<meta property=\"og:url\" content=\"https:\/\/jag.se\/opinion\/richard-kostenius-ny-ledamot-i-mfds-funktionshindersrad\/\" \/>\n<meta property=\"og:site_name\" content=\"JAG Opinion\" \/>\n<meta property=\"article:published_time\" content=\"2022-09-01T05:06:43+00:00\" \/>\n<meta property=\"article:modified_time\" content=\"2022-09-01T05:06:48+00:00\" \/>\n<meta property=\"og:image\" content=\"https:\/\/jag.se\/wp-content\/uploads\/sites\/3\/2022\/08\/Richard-fran-facebook.jpg\" \/>\n\t<meta property=\"og:image:width\" content=\"960\" \/>\n\t<meta property=\"og:image:height\" content=\"720\" \/>\n\t<meta property=\"og:image:type\" content=\"image\/jpeg\" \/>\n<meta name=\"author\" content=\"Kerstin Sellin\" \/>\n<meta name=\"twitter:card\" content=\"summary_large_image\" \/>\n<meta name=\"twitter:label1\" content=\"Skriven av\" \/>\n\t<meta name=\"twitter:data1\" content=\"Kerstin Sellin\" \/>\n\t<meta name=\"twitter:label2\" content=\"Ber\u00e4knad l\u00e4stid\" \/>\n\t<meta name=\"twitter:data2\" content=\"1 minut\" \/>\n<script type=\"application\/ld+json\" class=\"yoast-schema-graph\">{\"@context\":\"https:\/\/schema.org\",\"@graph\":[{\"@type\":\"WebPage\",\"@id\":\"https:\/\/jag.se\/opinion\/richard-kostenius-ny-ledamot-i-mfds-funktionshindersrad\/\",\"url\":\"https:\/\/jag.se\/opinion\/richard-kostenius-ny-ledamot-i-mfds-funktionshindersrad\/\",\"name\":\"Richard Kostenius ny ledamot i MFDs funktionshindersr\u00e5d - JAG Opinion\",\"isPartOf\":{\"@id\":\"https:\/\/jag.se\/opinion\/#website\"},\"datePublished\":\"2022-09-01T05:06:43+00:00\",\"dateModified\":\"2022-09-01T05:06:48+00:00\",\"author\":{\"@id\":\"https:\/\/jag.se\/opinion\/#\/schema\/person\/5b968ceec568a6aae87bd2b04b5d995b\"},\"breadcrumb\":{\"@id\":\"https:\/\/jag.se\/opinion\/richard-kostenius-ny-ledamot-i-mfds-funktionshindersrad\/#breadcrumb\"},\"inLanguage\":\"sv-SE\",\"potentialAction\":[{\"@type\":\"ReadAction\",\"target\":[\"https:\/\/jag.se\/opinion\/richard-kostenius-ny-ledamot-i-mfds-funktionshindersrad\/\"]}]},{\"@type\":\"BreadcrumbList\",\"@id\":\"https:\/\/jag.se\/opinion\/richard-kostenius-ny-ledamot-i-mfds-funktionshindersrad\/#breadcrumb\",\"itemListElement\":[{\"@type\":\"ListItem\",\"position\":1,\"name\":\"JAG start\",\"item\":\"https:\/\/jag.se\"},{\"@type\":\"ListItem\",\"position\":2,\"name\":\"Riksf\u00f6reningen JAG\",\"item\":\"https:\/\/jag.se\/opinion\/\"},{\"@type\":\"ListItem\",\"position\":3,\"name\":\"Richard Kostenius ny ledamot i MFDs funktionshindersr\u00e5d\"}]},{\"@type\":\"WebSite\",\"@id\":\"https:\/\/jag.se\/opinion\/#website\",\"url\":\"https:\/\/jag.se\/opinion\/\",\"name\":\"JAG Opinion\",\"description\":\"\",\"potentialAction\":[{\"@type\":\"SearchAction\",\"target\":{\"@type\":\"EntryPoint\",\"urlTemplate\":\"https:\/\/jag.se\/opinion\/?s={search_term_string}\"},\"query-input\":\"required name=search_term_string\"}],\"inLanguage\":\"sv-SE\"},{\"@type\":\"Person\",\"@id\":\"https:\/\/jag.se\/opinion\/#\/schema\/person\/5b968ceec568a6aae87bd2b04b5d995b\",\"name\":\"Kerstin Sellin\",\"image\":{\"@type\":\"ImageObject\",\"inLanguage\":\"sv-SE\",\"@id\":\"https:\/\/jag.se\/opinion\/#\/schema\/person\/image\/\",\"url\":\"https:\/\/secure.gravatar.com\/avatar\/8186ebe5b7809ff59c7d59f361424f7bbdb039cd25b26fa93e861f6ee8e199b6?s=96&d=mm&r=g\",\"contentUrl\":\"https:\/\/secure.gravatar.com\/avatar\/8186ebe5b7809ff59c7d59f361424f7bbdb039cd25b26fa93e861f6ee8e199b6?s=96&d=mm&r=g\",\"caption\":\"Kerstin Sellin\"}}]}<\/script>\n<!-- \/ Yoast SEO plugin. -->","yoast_head_json":{"title":"Richard Kostenius ny ledamot i MFDs funktionshindersr\u00e5d - JAG Opinion","robots":{"index":"index","follow":"follow","max-snippet":"max-snippet:-1","max-image-preview":"max-image-preview:large","max-video-preview":"max-video-preview:-1"},"canonical":"https:\/\/jag.se\/opinion\/richard-kostenius-ny-ledamot-i-mfds-funktionshindersrad\/","og_locale":"sv_SE","og_type":"article","og_title":"Richard Kostenius ny ledamot i MFDs funktionshindersr\u00e5d - JAG Opinion","og_description":"Riksf\u00f6reningen JAGs vice ordf\u00f6rande Richard Kostenius har f\u00f6rordnats som ledamot i Myndigheten f\u00f6r delaktighets (MFD) funktionshindersr\u00e5d f\u00f6r perioden 2022-2024. Funktionshindersr\u00e5det \u00e4r ett st\u00f6d i genomf\u00f6randet av MFDs uppdrag med s\u00e4rskild tonvikt p\u00e5 den av regeringen beslutade strategin f\u00f6r systematisk uppf\u00f6ljning av funktionshinderspolitiken under 2021\u20132031.&nbsp; Genom r\u00e5det s\u00e4kerst\u00e4ller MFD att funktionshindersorganisationernas strategiska kunskap och erfarenhet i","og_url":"https:\/\/jag.se\/opinion\/richard-kostenius-ny-ledamot-i-mfds-funktionshindersrad\/","og_site_name":"JAG Opinion","article_published_time":"2022-09-01T05:06:43+00:00","article_modified_time":"2022-09-01T05:06:48+00:00","og_image":[{"width":960,"height":720,"url":"https:\/\/jag.se\/wp-content\/uploads\/sites\/3\/2022\/08\/Richard-fran-facebook.jpg","type":"image\/jpeg"}],"author":"Kerstin Sellin","twitter_card":"summary_large_image","twitter_misc":{"Skriven av":"Kerstin Sellin","Ber\u00e4knad l\u00e4stid":"1 minut"},"schema":{"@context":"https:\/\/schema.org","@graph":[{"@type":"WebPage","@id":"https:\/\/jag.se\/opinion\/richard-kostenius-ny-ledamot-i-mfds-funktionshindersrad\/","url":"https:\/\/jag.se\/opinion\/richard-kostenius-ny-ledamot-i-mfds-funktionshindersrad\/","name":"Richard Kostenius ny ledamot i MFDs funktionshindersr\u00e5d - JAG Opinion","isPartOf":{"@id":"https:\/\/jag.se\/opinion\/#website"},"datePublished":"2022-09-01T05:06:43+00:00","dateModified":"2022-09-01T05:06:48+00:00","author":{"@id":"https:\/\/jag.se\/opinion\/#\/schema\/person\/5b968ceec568a6aae87bd2b04b5d995b"},"breadcrumb":{"@id":"https:\/\/jag.se\/opinion\/richard-kostenius-ny-ledamot-i-mfds-funktionshindersrad\/#breadcrumb"},"inLanguage":"sv-SE","potentialAction":[{"@type":"ReadAction","target":["https:\/\/jag.se\/opinion\/richard-kostenius-ny-ledamot-i-mfds-funktionshindersrad\/"]}]},{"@type":"BreadcrumbList","@id":"https:\/\/jag.se\/opinion\/richard-kostenius-ny-ledamot-i-mfds-funktionshindersrad\/#breadcrumb","itemListElement":[{"@type":"ListItem","position":1,"name":"JAG start","item":"https:\/\/jag.se"},{"@type":"ListItem","position":2,"name":"Riksf\u00f6reningen JAG","item":"https:\/\/jag.se\/opinion\/"},{"@type":"ListItem","position":3,"name":"Richard Kostenius ny ledamot i MFDs funktionshindersr\u00e5d"}]},{"@type":"WebSite","@id":"https:\/\/jag.se\/opinion\/#website","url":"https:\/\/jag.se\/opinion\/","name":"JAG Opinion","description":"","potentialAction":[{"@type":"SearchAction","target":{"@type":"EntryPoint","urlTemplate":"https:\/\/jag.se\/opinion\/?s={search_term_string}"},"query-input":"required name=search_term_string"}],"inLanguage":"sv-SE"},{"@type":"Person","@id":"https:\/\/jag.se\/opinion\/#\/schema\/person\/5b968ceec568a6aae87bd2b04b5d995b","name":"Kerstin Sellin","image":{"@type":"ImageObject","inLanguage":"sv-SE","@id":"https:\/\/jag.se\/opinion\/#\/schema\/person\/image\/","url":"https:\/\/secure.gravatar.com\/avatar\/8186ebe5b7809ff59c7d59f361424f7bbdb039cd25b26fa93e861f6ee8e199b6?s=96&d=mm&r=g","contentUrl":"https:\/\/secure.gravatar.com\/avatar\/8186ebe5b7809ff59c7d59f361424f7bbdb039cd25b26fa93e861f6ee8e199b6?s=96&d=mm&r=g","caption":"Kerstin Sellin"}}]}},"_links":{"self":[{"href":"https:\/\/jag.se\/opinion\/wp-json\/wp\/v2\/posts\/13487","targetHints":{"allow":["GET"]}}],"collection":[{"href":"https:\/\/jag.se\/opinion\/wp-json\/wp\/v2\/posts"}],"about":[{"href":"https:\/\/jag.se\/opinion\/wp-json\/wp\/v2\/types\/post"}],"author":[{"embeddable":true,"href":"https:\/\/jag.se\/opinion\/wp-json\/wp\/v2\/users\/7"}],"replies":[{"embeddable":true,"href":"https:\/\/jag.se\/opinion\/wp-json\/wp\/v2\/comments?post=13487"}],"version-history":[{"count":1,"href":"https:\/\/jag.se\/opinion\/wp-json\/wp\/v2\/posts\/13487\/revisions"}],"predecessor-version":[{"id":13489,"href":"https:\/\/jag.se\/opinion\/wp-json\/wp\/v2\/posts\/13487\/revisions\/13489"}],"wp:featuredmedia":[{"embeddable":true,"href":"https:\/\/jag.se\/opinion\/wp-json\/wp\/v2\/media\/13488"}],"wp:attachment":[{"href":"https:\/\/jag.se\/opinion\/wp-json\/wp\/v2\/media?parent=13487"}],"wp:term":[{"taxonomy":"category","embeddable":true,"href":"https:\/\/jag.se\/opinion\/wp-json\/wp\/v2\/categories?post=13487"},{"taxonomy":"post_tag","embeddable":true,"href":"https:\/\/jag.se\/opinion\/wp-json\/wp\/v2\/tags?post=13487"}],"curies":[{"name":"wp","href":"https:\/\/api.w.org\/{rel}","templated":true}]}}