{"id":18319,"date":"2022-11-04T10:31:49","date_gmt":"2022-11-04T10:31:49","guid":{"rendered":"https:\/\/jag.se\/opinion\/?p=18319"},"modified":"2022-11-04T10:34:34","modified_gmt":"2022-11-04T10:34:34","slug":"namninsamlingen-overlamnad-till-ministern","status":"publish","type":"post","link":"https:\/\/jag.se\/opinion\/namninsamlingen-overlamnad-till-ministern\/","title":{"rendered":"Namninsamlingen \u00f6verl\u00e4mnad till ministern"},"content":{"rendered":"\n<p>Omkring 3 500 personer skrev p\u00e5 kampanjen Rimliga villkors namninsamling f\u00f6r en h\u00f6jd assistansers\u00e4ttning. Nu har den \u00f6verl\u00e4mnats till den nya regeringen.<\/p>\n\n\n\n<p>I snart ett decennium har assistansers\u00e4ttningen till\u00e5tits halka efter l\u00f6ner och \u00f6vriga kostnader. F\u00f6r att komma ifatt m\u00e5ste schablonbeloppet h\u00f6jas fr\u00e5n dagens 319,70 kr per assistanstimme, till minst 350 kr per timme.<\/p>\n\n\n\n<p>Ig\u00e5r \u00f6verl\u00e4mnades alla underskrifter och kommentarer till socialtj\u00e4nstminister Camilla Waltersson Gr\u00f6nvall. Detta efter att en skara aktivister fr\u00e5n Riksf\u00f6reningen JAG tillsammans med Henrik Petr\u00e9n fr\u00e5n Fremia st\u00e5tt utanf\u00f6r socialdepartementet med plakat och namninsamling b\u00e5de tisdag och onsdag innan Waltersson Gr\u00f6nvall till slut gick med p\u00e5 att komma ut och tr\u00e4ffa oss p\u00e5 torsdagen.<\/p>\n\n\n\n<p>Bakom kampanjen \u201dRimliga villkor\u201d st\u00e5r Kommunal, Fremia, Autism- och Aspergerf\u00f6rbundet, Ifa, FUB, Funktionsr\u00e4tt Sverige, JAG, STIL, Neuro, DHR, RBU och Svenska Downf\u00f6reningen.<\/p>\n","protected":false},"excerpt":{"rendered":"<p>Omkring 3 500 personer skrev p\u00e5 kampanjen Rimliga villkors namninsamling f\u00f6r en h\u00f6jd assistansers\u00e4ttning. Nu har den \u00f6verl\u00e4mnats till den nya regeringen. I snart ett decennium har assistansers\u00e4ttningen till\u00e5tits halka efter l\u00f6ner och \u00f6vriga kostnader. F\u00f6r att komma ifatt m\u00e5ste schablonbeloppet h\u00f6jas fr\u00e5n dagens 319,70 kr per assistanstimme, till minst 350 kr per timme. Ig\u00e5r<\/p>\n","protected":false},"author":7,"featured_media":18321,"comment_status":"open","ping_status":"open","sticky":false,"template":"","format":"standard","meta":{"footnotes":""},"categories":[1],"tags":[],"class_list":["post-18319","post","type-post","status-publish","format-standard","has-post-thumbnail","hentry","category-uncategorized"],"acf":[],"yoast_head":"<!-- This site is optimized with the Yoast SEO plugin v21.3 - https:\/\/yoast.com\/wordpress\/plugins\/seo\/ -->\n<title>Namninsamlingen \u00f6verl\u00e4mnad till ministern - JAG Opinion<\/title>\n<meta name=\"robots\" content=\"index, follow, max-snippet:-1, max-image-preview:large, max-video-preview:-1\" \/>\n<link rel=\"canonical\" href=\"https:\/\/jag.se\/opinion\/namninsamlingen-overlamnad-till-ministern\/\" \/>\n<meta property=\"og:locale\" content=\"sv_SE\" \/>\n<meta property=\"og:type\" content=\"article\" \/>\n<meta property=\"og:title\" content=\"Namninsamlingen \u00f6verl\u00e4mnad till ministern - JAG Opinion\" \/>\n<meta property=\"og:description\" content=\"Omkring 3 500 personer skrev p\u00e5 kampanjen Rimliga villkors namninsamling f\u00f6r en h\u00f6jd assistansers\u00e4ttning. Nu har den \u00f6verl\u00e4mnats till den nya regeringen. I snart ett decennium har assistansers\u00e4ttningen till\u00e5tits halka efter l\u00f6ner och \u00f6vriga kostnader. F\u00f6r att komma ifatt m\u00e5ste schablonbeloppet h\u00f6jas fr\u00e5n dagens 319,70 kr per assistanstimme, till minst 350 kr per timme. Ig\u00e5r\" \/>\n<meta property=\"og:url\" content=\"https:\/\/jag.se\/opinion\/namninsamlingen-overlamnad-till-ministern\/\" \/>\n<meta property=\"og:site_name\" content=\"JAG Opinion\" \/>\n<meta property=\"article:published_time\" content=\"2022-11-04T10:31:49+00:00\" \/>\n<meta property=\"article:modified_time\" content=\"2022-11-04T10:34:34+00:00\" \/>\n<meta property=\"og:image\" content=\"https:\/\/jag.se\/wp-content\/uploads\/sites\/3\/2022\/11\/Utanfor-socialdepartementet-dag-3-webb.jpg\" \/>\n\t<meta property=\"og:image:width\" content=\"500\" \/>\n\t<meta property=\"og:image:height\" content=\"394\" \/>\n\t<meta property=\"og:image:type\" content=\"image\/jpeg\" \/>\n<meta name=\"author\" content=\"Kerstin Sellin\" \/>\n<meta name=\"twitter:card\" content=\"summary_large_image\" \/>\n<meta name=\"twitter:label1\" content=\"Skriven av\" \/>\n\t<meta name=\"twitter:data1\" content=\"Kerstin Sellin\" \/>\n\t<meta name=\"twitter:label2\" content=\"Ber\u00e4knad l\u00e4stid\" \/>\n\t<meta name=\"twitter:data2\" content=\"1 minut\" \/>\n<script type=\"application\/ld+json\" class=\"yoast-schema-graph\">{\"@context\":\"https:\/\/schema.org\",\"@graph\":[{\"@type\":\"WebPage\",\"@id\":\"https:\/\/jag.se\/opinion\/namninsamlingen-overlamnad-till-ministern\/\",\"url\":\"https:\/\/jag.se\/opinion\/namninsamlingen-overlamnad-till-ministern\/\",\"name\":\"Namninsamlingen \u00f6verl\u00e4mnad till ministern - JAG Opinion\",\"isPartOf\":{\"@id\":\"https:\/\/jag.se\/opinion\/#website\"},\"datePublished\":\"2022-11-04T10:31:49+00:00\",\"dateModified\":\"2022-11-04T10:34:34+00:00\",\"author\":{\"@id\":\"https:\/\/jag.se\/opinion\/#\/schema\/person\/d00c1ca66fcf5d6bc7f9eade6c79f40a\"},\"breadcrumb\":{\"@id\":\"https:\/\/jag.se\/opinion\/namninsamlingen-overlamnad-till-ministern\/#breadcrumb\"},\"inLanguage\":\"sv-SE\",\"potentialAction\":[{\"@type\":\"ReadAction\",\"target\":[\"https:\/\/jag.se\/opinion\/namninsamlingen-overlamnad-till-ministern\/\"]}]},{\"@type\":\"BreadcrumbList\",\"@id\":\"https:\/\/jag.se\/opinion\/namninsamlingen-overlamnad-till-ministern\/#breadcrumb\",\"itemListElement\":[{\"@type\":\"ListItem\",\"position\":1,\"name\":\"JAG start\",\"item\":\"https:\/\/jag.se\"},{\"@type\":\"ListItem\",\"position\":2,\"name\":\"Riksf\u00f6reningen JAG\",\"item\":\"https:\/\/jag.se\/opinion\/\"},{\"@type\":\"ListItem\",\"position\":3,\"name\":\"Namninsamlingen \u00f6verl\u00e4mnad till ministern\"}]},{\"@type\":\"WebSite\",\"@id\":\"https:\/\/jag.se\/opinion\/#website\",\"url\":\"https:\/\/jag.se\/opinion\/\",\"name\":\"JAG Opinion\",\"description\":\"\",\"potentialAction\":[{\"@type\":\"SearchAction\",\"target\":{\"@type\":\"EntryPoint\",\"urlTemplate\":\"https:\/\/jag.se\/opinion\/?s={search_term_string}\"},\"query-input\":\"required name=search_term_string\"}],\"inLanguage\":\"sv-SE\"},{\"@type\":\"Person\",\"@id\":\"https:\/\/jag.se\/opinion\/#\/schema\/person\/d00c1ca66fcf5d6bc7f9eade6c79f40a\",\"name\":\"Kerstin Sellin\",\"image\":{\"@type\":\"ImageObject\",\"inLanguage\":\"sv-SE\",\"@id\":\"https:\/\/jag.se\/opinion\/#\/schema\/person\/image\/\",\"url\":\"https:\/\/secure.gravatar.com\/avatar\/8186ebe5b7809ff59c7d59f361424f7bbdb039cd25b26fa93e861f6ee8e199b6?s=96&d=mm&r=g\",\"contentUrl\":\"https:\/\/secure.gravatar.com\/avatar\/8186ebe5b7809ff59c7d59f361424f7bbdb039cd25b26fa93e861f6ee8e199b6?s=96&d=mm&r=g\",\"caption\":\"Kerstin Sellin\"}}]}<\/script>\n<!-- \/ Yoast SEO plugin. -->","yoast_head_json":{"title":"Namninsamlingen \u00f6verl\u00e4mnad till ministern - JAG Opinion","robots":{"index":"index","follow":"follow","max-snippet":"max-snippet:-1","max-image-preview":"max-image-preview:large","max-video-preview":"max-video-preview:-1"},"canonical":"https:\/\/jag.se\/opinion\/namninsamlingen-overlamnad-till-ministern\/","og_locale":"sv_SE","og_type":"article","og_title":"Namninsamlingen \u00f6verl\u00e4mnad till ministern - JAG Opinion","og_description":"Omkring 3 500 personer skrev p\u00e5 kampanjen Rimliga villkors namninsamling f\u00f6r en h\u00f6jd assistansers\u00e4ttning. Nu har den \u00f6verl\u00e4mnats till den nya regeringen. I snart ett decennium har assistansers\u00e4ttningen till\u00e5tits halka efter l\u00f6ner och \u00f6vriga kostnader. F\u00f6r att komma ifatt m\u00e5ste schablonbeloppet h\u00f6jas fr\u00e5n dagens 319,70 kr per assistanstimme, till minst 350 kr per timme. Ig\u00e5r","og_url":"https:\/\/jag.se\/opinion\/namninsamlingen-overlamnad-till-ministern\/","og_site_name":"JAG Opinion","article_published_time":"2022-11-04T10:31:49+00:00","article_modified_time":"2022-11-04T10:34:34+00:00","og_image":[{"width":500,"height":394,"url":"https:\/\/jag.se\/wp-content\/uploads\/sites\/3\/2022\/11\/Utanfor-socialdepartementet-dag-3-webb.jpg","type":"image\/jpeg"}],"author":"Kerstin Sellin","twitter_card":"summary_large_image","twitter_misc":{"Skriven av":"Kerstin Sellin","Ber\u00e4knad l\u00e4stid":"1 minut"},"schema":{"@context":"https:\/\/schema.org","@graph":[{"@type":"WebPage","@id":"https:\/\/jag.se\/opinion\/namninsamlingen-overlamnad-till-ministern\/","url":"https:\/\/jag.se\/opinion\/namninsamlingen-overlamnad-till-ministern\/","name":"Namninsamlingen \u00f6verl\u00e4mnad till ministern - JAG Opinion","isPartOf":{"@id":"https:\/\/jag.se\/opinion\/#website"},"datePublished":"2022-11-04T10:31:49+00:00","dateModified":"2022-11-04T10:34:34+00:00","author":{"@id":"https:\/\/jag.se\/opinion\/#\/schema\/person\/d00c1ca66fcf5d6bc7f9eade6c79f40a"},"breadcrumb":{"@id":"https:\/\/jag.se\/opinion\/namninsamlingen-overlamnad-till-ministern\/#breadcrumb"},"inLanguage":"sv-SE","potentialAction":[{"@type":"ReadAction","target":["https:\/\/jag.se\/opinion\/namninsamlingen-overlamnad-till-ministern\/"]}]},{"@type":"BreadcrumbList","@id":"https:\/\/jag.se\/opinion\/namninsamlingen-overlamnad-till-ministern\/#breadcrumb","itemListElement":[{"@type":"ListItem","position":1,"name":"JAG start","item":"https:\/\/jag.se"},{"@type":"ListItem","position":2,"name":"Riksf\u00f6reningen JAG","item":"https:\/\/jag.se\/opinion\/"},{"@type":"ListItem","position":3,"name":"Namninsamlingen \u00f6verl\u00e4mnad till ministern"}]},{"@type":"WebSite","@id":"https:\/\/jag.se\/opinion\/#website","url":"https:\/\/jag.se\/opinion\/","name":"JAG Opinion","description":"","potentialAction":[{"@type":"SearchAction","target":{"@type":"EntryPoint","urlTemplate":"https:\/\/jag.se\/opinion\/?s={search_term_string}"},"query-input":"required name=search_term_string"}],"inLanguage":"sv-SE"},{"@type":"Person","@id":"https:\/\/jag.se\/opinion\/#\/schema\/person\/d00c1ca66fcf5d6bc7f9eade6c79f40a","name":"Kerstin Sellin","image":{"@type":"ImageObject","inLanguage":"sv-SE","@id":"https:\/\/jag.se\/opinion\/#\/schema\/person\/image\/","url":"https:\/\/secure.gravatar.com\/avatar\/8186ebe5b7809ff59c7d59f361424f7bbdb039cd25b26fa93e861f6ee8e199b6?s=96&d=mm&r=g","contentUrl":"https:\/\/secure.gravatar.com\/avatar\/8186ebe5b7809ff59c7d59f361424f7bbdb039cd25b26fa93e861f6ee8e199b6?s=96&d=mm&r=g","caption":"Kerstin Sellin"}}]}},"_links":{"self":[{"href":"https:\/\/jag.se\/opinion\/wp-json\/wp\/v2\/posts\/18319","targetHints":{"allow":["GET"]}}],"collection":[{"href":"https:\/\/jag.se\/opinion\/wp-json\/wp\/v2\/posts"}],"about":[{"href":"https:\/\/jag.se\/opinion\/wp-json\/wp\/v2\/types\/post"}],"author":[{"embeddable":true,"href":"https:\/\/jag.se\/opinion\/wp-json\/wp\/v2\/users\/7"}],"replies":[{"embeddable":true,"href":"https:\/\/jag.se\/opinion\/wp-json\/wp\/v2\/comments?post=18319"}],"version-history":[{"count":3,"href":"https:\/\/jag.se\/opinion\/wp-json\/wp\/v2\/posts\/18319\/revisions"}],"predecessor-version":[{"id":18324,"href":"https:\/\/jag.se\/opinion\/wp-json\/wp\/v2\/posts\/18319\/revisions\/18324"}],"wp:featuredmedia":[{"embeddable":true,"href":"https:\/\/jag.se\/opinion\/wp-json\/wp\/v2\/media\/18321"}],"wp:attachment":[{"href":"https:\/\/jag.se\/opinion\/wp-json\/wp\/v2\/media?parent=18319"}],"wp:term":[{"taxonomy":"category","embeddable":true,"href":"https:\/\/jag.se\/opinion\/wp-json\/wp\/v2\/categories?post=18319"},{"taxonomy":"post_tag","embeddable":true,"href":"https:\/\/jag.se\/opinion\/wp-json\/wp\/v2\/tags?post=18319"}],"curies":[{"name":"wp","href":"https:\/\/api.w.org\/{rel}","templated":true}]}}