{"id":19571,"date":"2022-11-21T12:56:58","date_gmt":"2022-11-21T12:56:58","guid":{"rendered":"https:\/\/jag.se\/opinion\/?p=19571"},"modified":"2022-11-21T12:58:55","modified_gmt":"2022-11-21T12:58:55","slug":"framgangssagan-personlig-assistans-och-utmaningarna-vad-kan-de-nordiska-landerna-lara-av-varandra","status":"publish","type":"post","link":"https:\/\/jag.se\/opinion\/framgangssagan-personlig-assistans-och-utmaningarna-vad-kan-de-nordiska-landerna-lara-av-varandra\/","title":{"rendered":"Framg\u00e5ngssagan och utmaningarna. Vad kan de nordiska l\u00e4nderna l\u00e4ra av varandra?"},"content":{"rendered":"\n<p>2-3\/12 bjuder Riksf\u00f6reningen JAG  in till konferens i Stockholm i samarbete med F\u00f6reningen JAG i Finland och Foreningen JAG i Norge. Konferensen arrangeras med st\u00f6d av Nordens v\u00e4lf\u00e4rdscentrum.<\/p>\n\n\n\n<p><strong>Vilka borde anm\u00e4la sig till konferensen?<\/strong><\/p>\n\n\n\n<p>Alla som vill veta mer om och p\u00e5verka utvecklingen av personlig assistans till personer med flerfunktionsneds\u00e4ttning i de nordiska l\u00e4nderna \u2013 nu och i framtiden.<\/p>\n\n\n\n<p>Missa inte chansen att f\u00f6lja konferensen om personlig assistans i norden p\u00e5 youtube! Det finns \u00e4ven n\u00e5gra platser kvar f\u00f6r dig som vill vara med p\u00e5 plats i Stockholm.<\/p>\n\n\n\n<p><strong><a href=\"https:\/\/sv-se.invajo.com\/event\/riksf%C3%B6reningenjag\/personligassistansinorden%E2%80%93framg%C3%A5ngssaganochutmaningarna\" target=\"_blank\" rel=\"noreferrer noopener\">L\u00e4s mer och anm\u00e4l dig nu!<\/a><\/strong><\/p>\n\n\n\n<p>N\u00e5gra av de medverkande;<\/p>\n\n\n\n<ul class=\"wp-block-list\"><li>Annika Jyrwall-\u00c5kerberg, jurist i m\u00e4nskliga r\u00e4ttigheter samt svensk och europeisk diskrimineringslagstiftning<\/li><li>Daniel \u00d6stlund, bitr\u00e4dande professor i pedagogik vid H\u00f6gskolan i Kristianstad<\/li><li>Elias Vartio, juridiskt ombud p\u00e5 SAMS &#8211; Samarbetsf\u00f6rbundet kring funktionshinder i Finland.<\/li><li>Gunn Strand Hutchinson, vice ordf\u00f6rande i Norsk Forbund for Utviklingshemmede (NFU<\/li><li>Hans Knutsson, universitetslektor vid Lunds universitet<\/li><li>Henrik Petr\u00e9n, ansvarig f\u00f6r branschorganisationen Fremia Personlig Assistans<\/li><li>Johan Klinthammar, f\u00f6rbundsordf\u00f6rande i RBU<\/li><li>Linda Forzelius, ordf\u00f6rande i Brukarkooperativet JAG och verksamhetsansvarig i JAG Personlig assistans<\/li><li>Lisbeth Hemg\u00e5rd, verksamhetsledare f\u00f6r FDUV som \u00e4r intresseorganisationen f\u00f6r svenskspr\u00e5kiga personer med intellektuell funktionsneds\u00e4ttning i Finland.<\/li><li>Magnus And\u00e9n, en av pionj\u00e4rerna som startade F\u00f6reningen JAG 1992 och har varit ordf\u00f6rande sedan dess<\/li><li>Malin Danielsson (L), svensk riksdagsledamot och funktionsr\u00e4ttspolitisk talesperson f\u00f6r Liberalerna.<\/li><li>Ole Petter Askheim, professor i h\u00e4lso- och socialvetenskap vid h\u00f6gskolan i Lillehammer och den som forskat mest p\u00e5 BPA (brukarstyrd personlig assistans) i Norge<\/li><li>Veronica Rehn-Kivi (SFP), finsk riksdagsledamot<\/li><li>Medlemmar i JAG-f\u00f6reningarna i Sverige, Norge och Finland<\/li><\/ul>\n","protected":false},"excerpt":{"rendered":"<p>2-3\/12 bjuder Riksf\u00f6reningen JAG in till konferens i Stockholm i samarbete med F\u00f6reningen JAG i Finland och Foreningen JAG i Norge. Konferensen arrangeras med st\u00f6d av Nordens v\u00e4lf\u00e4rdscentrum. Vilka borde anm\u00e4la sig till konferensen? Alla som vill veta mer om och p\u00e5verka utvecklingen av personlig assistans till personer med flerfunktionsneds\u00e4ttning i de nordiska l\u00e4nderna \u2013<\/p>\n","protected":false},"author":7,"featured_media":19572,"comment_status":"open","ping_status":"open","sticky":false,"template":"","format":"standard","meta":{"footnotes":""},"categories":[1],"tags":[],"class_list":["post-19571","post","type-post","status-publish","format-standard","has-post-thumbnail","hentry","category-uncategorized"],"acf":[],"yoast_head":"<!-- This site is optimized with the Yoast SEO plugin v21.3 - https:\/\/yoast.com\/wordpress\/plugins\/seo\/ -->\n<title>Framg\u00e5ngssagan och utmaningarna. Vad kan de nordiska l\u00e4nderna l\u00e4ra av varandra? - JAG Opinion<\/title>\n<meta name=\"robots\" content=\"index, follow, max-snippet:-1, max-image-preview:large, max-video-preview:-1\" \/>\n<link rel=\"canonical\" href=\"https:\/\/jag.se\/opinion\/framgangssagan-personlig-assistans-och-utmaningarna-vad-kan-de-nordiska-landerna-lara-av-varandra\/\" \/>\n<meta property=\"og:locale\" content=\"sv_SE\" \/>\n<meta property=\"og:type\" content=\"article\" \/>\n<meta property=\"og:title\" content=\"Framg\u00e5ngssagan och utmaningarna. Vad kan de nordiska l\u00e4nderna l\u00e4ra av varandra? - JAG Opinion\" \/>\n<meta property=\"og:description\" content=\"2-3\/12 bjuder Riksf\u00f6reningen JAG in till konferens i Stockholm i samarbete med F\u00f6reningen JAG i Finland och Foreningen JAG i Norge. Konferensen arrangeras med st\u00f6d av Nordens v\u00e4lf\u00e4rdscentrum. Vilka borde anm\u00e4la sig till konferensen? Alla som vill veta mer om och p\u00e5verka utvecklingen av personlig assistans till personer med flerfunktionsneds\u00e4ttning i de nordiska l\u00e4nderna \u2013\" \/>\n<meta property=\"og:url\" content=\"https:\/\/jag.se\/opinion\/framgangssagan-personlig-assistans-och-utmaningarna-vad-kan-de-nordiska-landerna-lara-av-varandra\/\" \/>\n<meta property=\"og:site_name\" content=\"JAG Opinion\" \/>\n<meta property=\"article:published_time\" content=\"2022-11-21T12:56:58+00:00\" \/>\n<meta property=\"article:modified_time\" content=\"2022-11-21T12:58:55+00:00\" \/>\n<meta property=\"og:image\" content=\"https:\/\/jag.se\/wp-content\/uploads\/sites\/3\/2022\/11\/Axel-Bengten-karneval.jpg\" \/>\n\t<meta property=\"og:image:width\" content=\"1200\" \/>\n\t<meta property=\"og:image:height\" content=\"629\" \/>\n\t<meta property=\"og:image:type\" content=\"image\/jpeg\" \/>\n<meta name=\"author\" content=\"Kerstin Sellin\" \/>\n<meta name=\"twitter:card\" content=\"summary_large_image\" \/>\n<meta name=\"twitter:label1\" content=\"Skriven av\" \/>\n\t<meta name=\"twitter:data1\" content=\"Kerstin Sellin\" \/>\n\t<meta name=\"twitter:label2\" content=\"Ber\u00e4knad l\u00e4stid\" \/>\n\t<meta name=\"twitter:data2\" content=\"2 minuter\" \/>\n<script type=\"application\/ld+json\" class=\"yoast-schema-graph\">{\"@context\":\"https:\/\/schema.org\",\"@graph\":[{\"@type\":\"WebPage\",\"@id\":\"https:\/\/jag.se\/opinion\/framgangssagan-personlig-assistans-och-utmaningarna-vad-kan-de-nordiska-landerna-lara-av-varandra\/\",\"url\":\"https:\/\/jag.se\/opinion\/framgangssagan-personlig-assistans-och-utmaningarna-vad-kan-de-nordiska-landerna-lara-av-varandra\/\",\"name\":\"Framg\u00e5ngssagan och utmaningarna. Vad kan de nordiska l\u00e4nderna l\u00e4ra av varandra? - JAG Opinion\",\"isPartOf\":{\"@id\":\"https:\/\/jag.se\/opinion\/#website\"},\"datePublished\":\"2022-11-21T12:56:58+00:00\",\"dateModified\":\"2022-11-21T12:58:55+00:00\",\"author\":{\"@id\":\"https:\/\/jag.se\/opinion\/#\/schema\/person\/5b968ceec568a6aae87bd2b04b5d995b\"},\"breadcrumb\":{\"@id\":\"https:\/\/jag.se\/opinion\/framgangssagan-personlig-assistans-och-utmaningarna-vad-kan-de-nordiska-landerna-lara-av-varandra\/#breadcrumb\"},\"inLanguage\":\"sv-SE\",\"potentialAction\":[{\"@type\":\"ReadAction\",\"target\":[\"https:\/\/jag.se\/opinion\/framgangssagan-personlig-assistans-och-utmaningarna-vad-kan-de-nordiska-landerna-lara-av-varandra\/\"]}]},{\"@type\":\"BreadcrumbList\",\"@id\":\"https:\/\/jag.se\/opinion\/framgangssagan-personlig-assistans-och-utmaningarna-vad-kan-de-nordiska-landerna-lara-av-varandra\/#breadcrumb\",\"itemListElement\":[{\"@type\":\"ListItem\",\"position\":1,\"name\":\"JAG start\",\"item\":\"https:\/\/jag.se\"},{\"@type\":\"ListItem\",\"position\":2,\"name\":\"Riksf\u00f6reningen JAG\",\"item\":\"https:\/\/jag.se\/opinion\/\"},{\"@type\":\"ListItem\",\"position\":3,\"name\":\"Framg\u00e5ngssagan och utmaningarna. Vad kan de nordiska l\u00e4nderna l\u00e4ra av varandra?\"}]},{\"@type\":\"WebSite\",\"@id\":\"https:\/\/jag.se\/opinion\/#website\",\"url\":\"https:\/\/jag.se\/opinion\/\",\"name\":\"JAG Opinion\",\"description\":\"\",\"potentialAction\":[{\"@type\":\"SearchAction\",\"target\":{\"@type\":\"EntryPoint\",\"urlTemplate\":\"https:\/\/jag.se\/opinion\/?s={search_term_string}\"},\"query-input\":\"required name=search_term_string\"}],\"inLanguage\":\"sv-SE\"},{\"@type\":\"Person\",\"@id\":\"https:\/\/jag.se\/opinion\/#\/schema\/person\/5b968ceec568a6aae87bd2b04b5d995b\",\"name\":\"Kerstin Sellin\",\"image\":{\"@type\":\"ImageObject\",\"inLanguage\":\"sv-SE\",\"@id\":\"https:\/\/jag.se\/opinion\/#\/schema\/person\/image\/\",\"url\":\"https:\/\/secure.gravatar.com\/avatar\/8186ebe5b7809ff59c7d59f361424f7bbdb039cd25b26fa93e861f6ee8e199b6?s=96&d=mm&r=g\",\"contentUrl\":\"https:\/\/secure.gravatar.com\/avatar\/8186ebe5b7809ff59c7d59f361424f7bbdb039cd25b26fa93e861f6ee8e199b6?s=96&d=mm&r=g\",\"caption\":\"Kerstin Sellin\"}}]}<\/script>\n<!-- \/ Yoast SEO plugin. -->","yoast_head_json":{"title":"Framg\u00e5ngssagan och utmaningarna. Vad kan de nordiska l\u00e4nderna l\u00e4ra av varandra? - JAG Opinion","robots":{"index":"index","follow":"follow","max-snippet":"max-snippet:-1","max-image-preview":"max-image-preview:large","max-video-preview":"max-video-preview:-1"},"canonical":"https:\/\/jag.se\/opinion\/framgangssagan-personlig-assistans-och-utmaningarna-vad-kan-de-nordiska-landerna-lara-av-varandra\/","og_locale":"sv_SE","og_type":"article","og_title":"Framg\u00e5ngssagan och utmaningarna. Vad kan de nordiska l\u00e4nderna l\u00e4ra av varandra? - JAG Opinion","og_description":"2-3\/12 bjuder Riksf\u00f6reningen JAG in till konferens i Stockholm i samarbete med F\u00f6reningen JAG i Finland och Foreningen JAG i Norge. Konferensen arrangeras med st\u00f6d av Nordens v\u00e4lf\u00e4rdscentrum. Vilka borde anm\u00e4la sig till konferensen? Alla som vill veta mer om och p\u00e5verka utvecklingen av personlig assistans till personer med flerfunktionsneds\u00e4ttning i de nordiska l\u00e4nderna \u2013","og_url":"https:\/\/jag.se\/opinion\/framgangssagan-personlig-assistans-och-utmaningarna-vad-kan-de-nordiska-landerna-lara-av-varandra\/","og_site_name":"JAG Opinion","article_published_time":"2022-11-21T12:56:58+00:00","article_modified_time":"2022-11-21T12:58:55+00:00","og_image":[{"width":1200,"height":629,"url":"https:\/\/jag.se\/wp-content\/uploads\/sites\/3\/2022\/11\/Axel-Bengten-karneval.jpg","type":"image\/jpeg"}],"author":"Kerstin Sellin","twitter_card":"summary_large_image","twitter_misc":{"Skriven av":"Kerstin Sellin","Ber\u00e4knad l\u00e4stid":"2 minuter"},"schema":{"@context":"https:\/\/schema.org","@graph":[{"@type":"WebPage","@id":"https:\/\/jag.se\/opinion\/framgangssagan-personlig-assistans-och-utmaningarna-vad-kan-de-nordiska-landerna-lara-av-varandra\/","url":"https:\/\/jag.se\/opinion\/framgangssagan-personlig-assistans-och-utmaningarna-vad-kan-de-nordiska-landerna-lara-av-varandra\/","name":"Framg\u00e5ngssagan och utmaningarna. Vad kan de nordiska l\u00e4nderna l\u00e4ra av varandra? - JAG Opinion","isPartOf":{"@id":"https:\/\/jag.se\/opinion\/#website"},"datePublished":"2022-11-21T12:56:58+00:00","dateModified":"2022-11-21T12:58:55+00:00","author":{"@id":"https:\/\/jag.se\/opinion\/#\/schema\/person\/5b968ceec568a6aae87bd2b04b5d995b"},"breadcrumb":{"@id":"https:\/\/jag.se\/opinion\/framgangssagan-personlig-assistans-och-utmaningarna-vad-kan-de-nordiska-landerna-lara-av-varandra\/#breadcrumb"},"inLanguage":"sv-SE","potentialAction":[{"@type":"ReadAction","target":["https:\/\/jag.se\/opinion\/framgangssagan-personlig-assistans-och-utmaningarna-vad-kan-de-nordiska-landerna-lara-av-varandra\/"]}]},{"@type":"BreadcrumbList","@id":"https:\/\/jag.se\/opinion\/framgangssagan-personlig-assistans-och-utmaningarna-vad-kan-de-nordiska-landerna-lara-av-varandra\/#breadcrumb","itemListElement":[{"@type":"ListItem","position":1,"name":"JAG start","item":"https:\/\/jag.se"},{"@type":"ListItem","position":2,"name":"Riksf\u00f6reningen JAG","item":"https:\/\/jag.se\/opinion\/"},{"@type":"ListItem","position":3,"name":"Framg\u00e5ngssagan och utmaningarna. Vad kan de nordiska l\u00e4nderna l\u00e4ra av varandra?"}]},{"@type":"WebSite","@id":"https:\/\/jag.se\/opinion\/#website","url":"https:\/\/jag.se\/opinion\/","name":"JAG Opinion","description":"","potentialAction":[{"@type":"SearchAction","target":{"@type":"EntryPoint","urlTemplate":"https:\/\/jag.se\/opinion\/?s={search_term_string}"},"query-input":"required name=search_term_string"}],"inLanguage":"sv-SE"},{"@type":"Person","@id":"https:\/\/jag.se\/opinion\/#\/schema\/person\/5b968ceec568a6aae87bd2b04b5d995b","name":"Kerstin Sellin","image":{"@type":"ImageObject","inLanguage":"sv-SE","@id":"https:\/\/jag.se\/opinion\/#\/schema\/person\/image\/","url":"https:\/\/secure.gravatar.com\/avatar\/8186ebe5b7809ff59c7d59f361424f7bbdb039cd25b26fa93e861f6ee8e199b6?s=96&d=mm&r=g","contentUrl":"https:\/\/secure.gravatar.com\/avatar\/8186ebe5b7809ff59c7d59f361424f7bbdb039cd25b26fa93e861f6ee8e199b6?s=96&d=mm&r=g","caption":"Kerstin Sellin"}}]}},"_links":{"self":[{"href":"https:\/\/jag.se\/opinion\/wp-json\/wp\/v2\/posts\/19571","targetHints":{"allow":["GET"]}}],"collection":[{"href":"https:\/\/jag.se\/opinion\/wp-json\/wp\/v2\/posts"}],"about":[{"href":"https:\/\/jag.se\/opinion\/wp-json\/wp\/v2\/types\/post"}],"author":[{"embeddable":true,"href":"https:\/\/jag.se\/opinion\/wp-json\/wp\/v2\/users\/7"}],"replies":[{"embeddable":true,"href":"https:\/\/jag.se\/opinion\/wp-json\/wp\/v2\/comments?post=19571"}],"version-history":[{"count":3,"href":"https:\/\/jag.se\/opinion\/wp-json\/wp\/v2\/posts\/19571\/revisions"}],"predecessor-version":[{"id":19575,"href":"https:\/\/jag.se\/opinion\/wp-json\/wp\/v2\/posts\/19571\/revisions\/19575"}],"wp:featuredmedia":[{"embeddable":true,"href":"https:\/\/jag.se\/opinion\/wp-json\/wp\/v2\/media\/19572"}],"wp:attachment":[{"href":"https:\/\/jag.se\/opinion\/wp-json\/wp\/v2\/media?parent=19571"}],"wp:term":[{"taxonomy":"category","embeddable":true,"href":"https:\/\/jag.se\/opinion\/wp-json\/wp\/v2\/categories?post=19571"},{"taxonomy":"post_tag","embeddable":true,"href":"https:\/\/jag.se\/opinion\/wp-json\/wp\/v2\/tags?post=19571"}],"curies":[{"name":"wp","href":"https:\/\/api.w.org\/{rel}","templated":true}]}}