{"id":21506,"date":"2022-12-20T12:14:36","date_gmt":"2022-12-20T12:14:36","guid":{"rendered":"https:\/\/jag.se\/opinion\/?p=21506"},"modified":"2022-12-20T12:14:44","modified_gmt":"2022-12-20T12:14:44","slug":"riksforeningen-jag-30-ar-pa-barrikaderna","status":"publish","type":"post","link":"https:\/\/jag.se\/opinion\/riksforeningen-jag-30-ar-pa-barrikaderna\/","title":{"rendered":"Riksf\u00f6reningen JAG &#8211; 30 \u00e5r p\u00e5 barrikaderna!"},"content":{"rendered":"\n<p>1992 startades F\u00f6reningen JAG av en liten men mycket beslutsam grupp personer som alla hade mycket stora funktionsneds\u00e4ttningar. De, och deras n\u00e4rst\u00e5ende som hj\u00e4lpte dem att starta f\u00f6reningen, hade l\u00e4rt k\u00e4nna varandra i FUBs flerhandikappgrupp. De k\u00e4nde att de beh\u00f6vde en egen f\u00f6rening som kunde arbeta helhj\u00e4rtat med de fr\u00e5gor som betydde mest f\u00f6r dem &#8211; n\u00e4mligen r\u00e4tten till personlig assistans och r\u00e4tten att leva som andra medborgare i samh\u00e4llet.<\/p>\n\n\n\n<p>F\u00f6r att uppm\u00e4rksamma sina 30 \u00e5r som aktivister har Riksf\u00f6reningen JAG &#8211; som f\u00f6reningen bytte namn till i samband med att det bildades lokala f\u00f6reningar i tio l\u00e4n &#8211; satt ihop n\u00e5gra av de mest minnesv\u00e4rda \u00f6gonblicken i en kort film. <a href=\"https:\/\/dreambroker.com\/channel\/5b2cb2t6\/dkl4518s\" target=\"_blank\" rel=\"noreferrer noopener\">Se filmen h\u00e4r!<\/a><\/p>\n","protected":false},"excerpt":{"rendered":"<p>1992 startades F\u00f6reningen JAG av en liten men mycket beslutsam grupp personer som alla hade mycket stora funktionsneds\u00e4ttningar. De, och deras n\u00e4rst\u00e5ende som hj\u00e4lpte dem att starta f\u00f6reningen, hade l\u00e4rt k\u00e4nna varandra i FUBs flerhandikappgrupp. De k\u00e4nde att de beh\u00f6vde en egen f\u00f6rening som kunde arbeta helhj\u00e4rtat med de fr\u00e5gor som betydde mest f\u00f6r dem<\/p>\n","protected":false},"author":7,"featured_media":21507,"comment_status":"open","ping_status":"open","sticky":false,"template":"","format":"standard","meta":{"footnotes":""},"categories":[1],"tags":[],"class_list":["post-21506","post","type-post","status-publish","format-standard","has-post-thumbnail","hentry","category-uncategorized"],"acf":[],"yoast_head":"<!-- This site is optimized with the Yoast SEO plugin v21.3 - https:\/\/yoast.com\/wordpress\/plugins\/seo\/ -->\n<title>Riksf\u00f6reningen JAG - 30 \u00e5r p\u00e5 barrikaderna! - JAG Opinion<\/title>\n<meta name=\"robots\" content=\"index, follow, max-snippet:-1, max-image-preview:large, max-video-preview:-1\" \/>\n<link rel=\"canonical\" href=\"https:\/\/jag.se\/opinion\/riksforeningen-jag-30-ar-pa-barrikaderna\/\" \/>\n<meta property=\"og:locale\" content=\"sv_SE\" \/>\n<meta property=\"og:type\" content=\"article\" \/>\n<meta property=\"og:title\" content=\"Riksf\u00f6reningen JAG - 30 \u00e5r p\u00e5 barrikaderna! - JAG Opinion\" \/>\n<meta property=\"og:description\" content=\"1992 startades F\u00f6reningen JAG av en liten men mycket beslutsam grupp personer som alla hade mycket stora funktionsneds\u00e4ttningar. De, och deras n\u00e4rst\u00e5ende som hj\u00e4lpte dem att starta f\u00f6reningen, hade l\u00e4rt k\u00e4nna varandra i FUBs flerhandikappgrupp. De k\u00e4nde att de beh\u00f6vde en egen f\u00f6rening som kunde arbeta helhj\u00e4rtat med de fr\u00e5gor som betydde mest f\u00f6r dem\" \/>\n<meta property=\"og:url\" content=\"https:\/\/jag.se\/opinion\/riksforeningen-jag-30-ar-pa-barrikaderna\/\" \/>\n<meta property=\"og:site_name\" content=\"JAG Opinion\" \/>\n<meta property=\"article:published_time\" content=\"2022-12-20T12:14:36+00:00\" \/>\n<meta property=\"article:modified_time\" content=\"2022-12-20T12:14:44+00:00\" \/>\n<meta property=\"og:image\" content=\"https:\/\/jag.se\/wp-content\/uploads\/sites\/3\/2022\/12\/Forsta-styrelsen-1992.jpg\" \/>\n\t<meta property=\"og:image:width\" content=\"630\" \/>\n\t<meta property=\"og:image:height\" content=\"503\" \/>\n\t<meta property=\"og:image:type\" content=\"image\/jpeg\" \/>\n<meta name=\"author\" content=\"Kerstin Sellin\" \/>\n<meta name=\"twitter:card\" content=\"summary_large_image\" \/>\n<meta name=\"twitter:label1\" content=\"Skriven av\" \/>\n\t<meta name=\"twitter:data1\" content=\"Kerstin Sellin\" \/>\n\t<meta name=\"twitter:label2\" content=\"Ber\u00e4knad l\u00e4stid\" \/>\n\t<meta name=\"twitter:data2\" content=\"1 minut\" \/>\n<script type=\"application\/ld+json\" class=\"yoast-schema-graph\">{\"@context\":\"https:\/\/schema.org\",\"@graph\":[{\"@type\":\"WebPage\",\"@id\":\"https:\/\/jag.se\/opinion\/riksforeningen-jag-30-ar-pa-barrikaderna\/\",\"url\":\"https:\/\/jag.se\/opinion\/riksforeningen-jag-30-ar-pa-barrikaderna\/\",\"name\":\"Riksf\u00f6reningen JAG - 30 \u00e5r p\u00e5 barrikaderna! - JAG Opinion\",\"isPartOf\":{\"@id\":\"https:\/\/jag.se\/opinion\/#website\"},\"datePublished\":\"2022-12-20T12:14:36+00:00\",\"dateModified\":\"2022-12-20T12:14:44+00:00\",\"author\":{\"@id\":\"https:\/\/jag.se\/opinion\/#\/schema\/person\/d00c1ca66fcf5d6bc7f9eade6c79f40a\"},\"breadcrumb\":{\"@id\":\"https:\/\/jag.se\/opinion\/riksforeningen-jag-30-ar-pa-barrikaderna\/#breadcrumb\"},\"inLanguage\":\"sv-SE\",\"potentialAction\":[{\"@type\":\"ReadAction\",\"target\":[\"https:\/\/jag.se\/opinion\/riksforeningen-jag-30-ar-pa-barrikaderna\/\"]}]},{\"@type\":\"BreadcrumbList\",\"@id\":\"https:\/\/jag.se\/opinion\/riksforeningen-jag-30-ar-pa-barrikaderna\/#breadcrumb\",\"itemListElement\":[{\"@type\":\"ListItem\",\"position\":1,\"name\":\"JAG start\",\"item\":\"https:\/\/jag.se\"},{\"@type\":\"ListItem\",\"position\":2,\"name\":\"Riksf\u00f6reningen JAG\",\"item\":\"https:\/\/jag.se\/opinion\/\"},{\"@type\":\"ListItem\",\"position\":3,\"name\":\"Riksf\u00f6reningen JAG &#8211; 30 \u00e5r p\u00e5 barrikaderna!\"}]},{\"@type\":\"WebSite\",\"@id\":\"https:\/\/jag.se\/opinion\/#website\",\"url\":\"https:\/\/jag.se\/opinion\/\",\"name\":\"JAG Opinion\",\"description\":\"\",\"potentialAction\":[{\"@type\":\"SearchAction\",\"target\":{\"@type\":\"EntryPoint\",\"urlTemplate\":\"https:\/\/jag.se\/opinion\/?s={search_term_string}\"},\"query-input\":\"required name=search_term_string\"}],\"inLanguage\":\"sv-SE\"},{\"@type\":\"Person\",\"@id\":\"https:\/\/jag.se\/opinion\/#\/schema\/person\/d00c1ca66fcf5d6bc7f9eade6c79f40a\",\"name\":\"Kerstin Sellin\",\"image\":{\"@type\":\"ImageObject\",\"inLanguage\":\"sv-SE\",\"@id\":\"https:\/\/jag.se\/opinion\/#\/schema\/person\/image\/\",\"url\":\"https:\/\/secure.gravatar.com\/avatar\/8186ebe5b7809ff59c7d59f361424f7bbdb039cd25b26fa93e861f6ee8e199b6?s=96&d=mm&r=g\",\"contentUrl\":\"https:\/\/secure.gravatar.com\/avatar\/8186ebe5b7809ff59c7d59f361424f7bbdb039cd25b26fa93e861f6ee8e199b6?s=96&d=mm&r=g\",\"caption\":\"Kerstin Sellin\"}}]}<\/script>\n<!-- \/ Yoast SEO plugin. -->","yoast_head_json":{"title":"Riksf\u00f6reningen JAG - 30 \u00e5r p\u00e5 barrikaderna! - JAG Opinion","robots":{"index":"index","follow":"follow","max-snippet":"max-snippet:-1","max-image-preview":"max-image-preview:large","max-video-preview":"max-video-preview:-1"},"canonical":"https:\/\/jag.se\/opinion\/riksforeningen-jag-30-ar-pa-barrikaderna\/","og_locale":"sv_SE","og_type":"article","og_title":"Riksf\u00f6reningen JAG - 30 \u00e5r p\u00e5 barrikaderna! - JAG Opinion","og_description":"1992 startades F\u00f6reningen JAG av en liten men mycket beslutsam grupp personer som alla hade mycket stora funktionsneds\u00e4ttningar. De, och deras n\u00e4rst\u00e5ende som hj\u00e4lpte dem att starta f\u00f6reningen, hade l\u00e4rt k\u00e4nna varandra i FUBs flerhandikappgrupp. De k\u00e4nde att de beh\u00f6vde en egen f\u00f6rening som kunde arbeta helhj\u00e4rtat med de fr\u00e5gor som betydde mest f\u00f6r dem","og_url":"https:\/\/jag.se\/opinion\/riksforeningen-jag-30-ar-pa-barrikaderna\/","og_site_name":"JAG Opinion","article_published_time":"2022-12-20T12:14:36+00:00","article_modified_time":"2022-12-20T12:14:44+00:00","og_image":[{"width":630,"height":503,"url":"https:\/\/jag.se\/wp-content\/uploads\/sites\/3\/2022\/12\/Forsta-styrelsen-1992.jpg","type":"image\/jpeg"}],"author":"Kerstin Sellin","twitter_card":"summary_large_image","twitter_misc":{"Skriven av":"Kerstin Sellin","Ber\u00e4knad l\u00e4stid":"1 minut"},"schema":{"@context":"https:\/\/schema.org","@graph":[{"@type":"WebPage","@id":"https:\/\/jag.se\/opinion\/riksforeningen-jag-30-ar-pa-barrikaderna\/","url":"https:\/\/jag.se\/opinion\/riksforeningen-jag-30-ar-pa-barrikaderna\/","name":"Riksf\u00f6reningen JAG - 30 \u00e5r p\u00e5 barrikaderna! - JAG Opinion","isPartOf":{"@id":"https:\/\/jag.se\/opinion\/#website"},"datePublished":"2022-12-20T12:14:36+00:00","dateModified":"2022-12-20T12:14:44+00:00","author":{"@id":"https:\/\/jag.se\/opinion\/#\/schema\/person\/d00c1ca66fcf5d6bc7f9eade6c79f40a"},"breadcrumb":{"@id":"https:\/\/jag.se\/opinion\/riksforeningen-jag-30-ar-pa-barrikaderna\/#breadcrumb"},"inLanguage":"sv-SE","potentialAction":[{"@type":"ReadAction","target":["https:\/\/jag.se\/opinion\/riksforeningen-jag-30-ar-pa-barrikaderna\/"]}]},{"@type":"BreadcrumbList","@id":"https:\/\/jag.se\/opinion\/riksforeningen-jag-30-ar-pa-barrikaderna\/#breadcrumb","itemListElement":[{"@type":"ListItem","position":1,"name":"JAG start","item":"https:\/\/jag.se"},{"@type":"ListItem","position":2,"name":"Riksf\u00f6reningen JAG","item":"https:\/\/jag.se\/opinion\/"},{"@type":"ListItem","position":3,"name":"Riksf\u00f6reningen JAG &#8211; 30 \u00e5r p\u00e5 barrikaderna!"}]},{"@type":"WebSite","@id":"https:\/\/jag.se\/opinion\/#website","url":"https:\/\/jag.se\/opinion\/","name":"JAG Opinion","description":"","potentialAction":[{"@type":"SearchAction","target":{"@type":"EntryPoint","urlTemplate":"https:\/\/jag.se\/opinion\/?s={search_term_string}"},"query-input":"required name=search_term_string"}],"inLanguage":"sv-SE"},{"@type":"Person","@id":"https:\/\/jag.se\/opinion\/#\/schema\/person\/d00c1ca66fcf5d6bc7f9eade6c79f40a","name":"Kerstin Sellin","image":{"@type":"ImageObject","inLanguage":"sv-SE","@id":"https:\/\/jag.se\/opinion\/#\/schema\/person\/image\/","url":"https:\/\/secure.gravatar.com\/avatar\/8186ebe5b7809ff59c7d59f361424f7bbdb039cd25b26fa93e861f6ee8e199b6?s=96&d=mm&r=g","contentUrl":"https:\/\/secure.gravatar.com\/avatar\/8186ebe5b7809ff59c7d59f361424f7bbdb039cd25b26fa93e861f6ee8e199b6?s=96&d=mm&r=g","caption":"Kerstin Sellin"}}]}},"_links":{"self":[{"href":"https:\/\/jag.se\/opinion\/wp-json\/wp\/v2\/posts\/21506","targetHints":{"allow":["GET"]}}],"collection":[{"href":"https:\/\/jag.se\/opinion\/wp-json\/wp\/v2\/posts"}],"about":[{"href":"https:\/\/jag.se\/opinion\/wp-json\/wp\/v2\/types\/post"}],"author":[{"embeddable":true,"href":"https:\/\/jag.se\/opinion\/wp-json\/wp\/v2\/users\/7"}],"replies":[{"embeddable":true,"href":"https:\/\/jag.se\/opinion\/wp-json\/wp\/v2\/comments?post=21506"}],"version-history":[{"count":2,"href":"https:\/\/jag.se\/opinion\/wp-json\/wp\/v2\/posts\/21506\/revisions"}],"predecessor-version":[{"id":21509,"href":"https:\/\/jag.se\/opinion\/wp-json\/wp\/v2\/posts\/21506\/revisions\/21509"}],"wp:featuredmedia":[{"embeddable":true,"href":"https:\/\/jag.se\/opinion\/wp-json\/wp\/v2\/media\/21507"}],"wp:attachment":[{"href":"https:\/\/jag.se\/opinion\/wp-json\/wp\/v2\/media?parent=21506"}],"wp:term":[{"taxonomy":"category","embeddable":true,"href":"https:\/\/jag.se\/opinion\/wp-json\/wp\/v2\/categories?post=21506"},{"taxonomy":"post_tag","embeddable":true,"href":"https:\/\/jag.se\/opinion\/wp-json\/wp\/v2\/tags?post=21506"}],"curies":[{"name":"wp","href":"https:\/\/api.w.org\/{rel}","templated":true}]}}