{"id":21528,"date":"2023-01-13T09:15:40","date_gmt":"2023-01-13T09:15:40","guid":{"rendered":"https:\/\/jag.se\/opinion\/?p=21528"},"modified":"2023-01-13T09:30:13","modified_gmt":"2023-01-13T09:30:13","slug":"utan-dig-kan-jag-inte-smaka-pa-snon-nu-som-pod","status":"publish","type":"post","link":"https:\/\/jag.se\/opinion\/utan-dig-kan-jag-inte-smaka-pa-snon-nu-som-pod\/","title":{"rendered":"Utan dig kan jag inte smaka p\u00e5 sn\u00f6n &#8211; Nu som pod!"},"content":{"rendered":"\n<p>Nu kan du lyssna p\u00e5 den sedan l\u00e4nge utg\u00e5ngna novellsamlingen &#8221;Utan dig kan jag inte smaka p\u00e5 sn\u00f6n&#8221; p\u00e5 Spotify eller i Apple podcaster.<br><\/p>\n\n\n\n<p>\u201dUtan dig kan jag inte smaka p\u00e5 sn\u00f6n\u201d \u00e4r 25 ber\u00e4ttelser om personlig assistans. De gavs ut som bok f\u00f6rsta g\u00e5ngen 2005 som avslutning p\u00e5 kampanjen \u201dJag gillar mitt jobb\u201d f\u00f6r att l\u00e5ta svenskarna bekanta sig med det d\u00e5 relativt nya yrket personlig assistent.&nbsp;&nbsp;<\/p>\n\n\n\n<p>Boken \u00e4r ett resultat av en novellt\u00e4vling om yrket personlig assistent som h\u00f6lls i samband med kampanjen, som drevs av Riksf\u00f6reningen JAG och Ifa med st\u00f6d av Allm\u00e4nna arvsfonden.&nbsp;&nbsp;<\/p>\n\n\n\n<p>Det kom in 240 bidrag fr\u00e5n hela landet d\u00e4r 25 noveller valdes ut av en jury best\u00e5ende av Barbara Voors, f\u00f6rfattare, Kristoffer Leandoer, f\u00f6rfattare och f\u00f6rl\u00e4ggare, Gerd And\u00e9n, Anita Ek och Folke Regen fr\u00e5n Riksf\u00f6reningen JAG samt Vilhelm Ekensteen och Lars Hagstr\u00f6m fr\u00e5n IfA.\u00a0<\/p>\n\n\n\n<p><strong>Varf\u00f6r publicerar ni&nbsp;novellerna igen, 18 \u00e5r efter f\u00f6rsta utgivningen?<\/strong><\/p>\n\n\n\n<p>&#8211;\u00a0Trots att det g\u00e5tt s\u00e5 l\u00e5ng tid f\u00e5r vi fortfarande\u00a0f\u00f6rfr\u00e5gningar om att best\u00e4lla boken, som \u00e4r slut sedan l\u00e4nge. S\u00e5 ist\u00e4llet f\u00f6r att trycka om\u00a0boken ger vi ut ljudsp\u00e5ren som en podd. Vi tror att det finns m\u00e5nga som vill och beh\u00f6ver veta mer om personlig assistans och se andra perspektiv \u00e4n de som r\u00e5der nu. Podden blir som en p\u00e5minnelse om hur assistansen var t\u00e4nkt, fr\u00e5n b\u00f6rjan. Och s\u00e5 finns det s\u00e5klart en massa unga m\u00e4nniskor idag, som inte ens var f\u00f6dda d\u00e5 n\u00e4r det begav sig, som vi vill n\u00e5, s\u00e4ger Allan Sundberg som arbetar p\u00e5 JAGs kommunikationsavdelning och \u00e4r f\u00f6retr\u00e4dare f\u00f6r sin son Tim som har assistans i JAG.<br>&#8211; Syftet 2005\u00a0var att ber\u00e4tta att yrket\u00a0personlig assistent fanns. Vi \u00e4r delvis i samma l\u00e4ge idag, \u00e4ven om yrket numera \u00e4r\u00a0vanligt beh\u00f6ver fler uppt\u00e4cka den stora variationen och allt det positiva.<\/p>\n\n\n\n<p><br><a href=\"https:\/\/eur02.safelinks.protection.outlook.com\/?url=https%3A%2F%2Fpodcasts.apple.com%2Fse%2Fpodcast%2Fjag-%25C3%25A4r-som-du-riksf%25C3%25B6reningen-jag%2Fid1664764390&amp;data=05%7C01%7Callan.sundberg%40jag.se%7C1ea57129dc144d8f9d3308daf53f2493%7C853d13c615674de4a97729af71c298d7%7C0%7C0%7C638091948797612862%7CUnknown%7CTWFpbGZsb3d8eyJWIjoiMC4wLjAwMDAiLCJQIjoiV2luMzIiLCJBTiI6Ik1haWwiLCJXVCI6Mn0%3D%7C3000%7C%7C%7C&amp;sdata=jDb68780hDY9QQMv4v%2FIeXBUdKQfAQ9gP1sZHooSZcI%3D&amp;reserved=0\" target=\"_blank\" rel=\"noreferrer noopener nofollow\">Lyssna via Apple podcaster<\/a><\/p>\n\n\n\n<p><a href=\"https:\/\/open.spotify.com\/show\/09AQI1EchZ1QqjrQxNbwfD?si=952dc23af3594903\" target=\"_blank\" rel=\"noreferrer noopener nofollow\">Lyssna via Spotify<\/a><\/p>\n","protected":false},"excerpt":{"rendered":"<p>Nu kan du lyssna p\u00e5 den sedan l\u00e4nge utg\u00e5ngna novellsamlingen &#8221;Utan dig kan jag inte smaka p\u00e5 sn\u00f6n&#8221; p\u00e5 Spotify eller i Apple podcaster. \u201dUtan dig kan jag inte smaka p\u00e5 sn\u00f6n\u201d \u00e4r 25 ber\u00e4ttelser om personlig assistans. De gavs ut som bok f\u00f6rsta g\u00e5ngen 2005 som avslutning p\u00e5 kampanjen \u201dJag gillar mitt jobb\u201d f\u00f6r<\/p>\n","protected":false},"author":8,"featured_media":21529,"comment_status":"open","ping_status":"open","sticky":false,"template":"","format":"standard","meta":{"footnotes":""},"categories":[1],"tags":[],"class_list":["post-21528","post","type-post","status-publish","format-standard","has-post-thumbnail","hentry","category-uncategorized"],"acf":[],"yoast_head":"<!-- This site is optimized with the Yoast SEO plugin v21.3 - https:\/\/yoast.com\/wordpress\/plugins\/seo\/ -->\n<title>Utan dig kan jag inte smaka p\u00e5 sn\u00f6n - Nu som pod! - JAG Opinion<\/title>\n<meta name=\"robots\" content=\"index, follow, max-snippet:-1, max-image-preview:large, max-video-preview:-1\" \/>\n<link rel=\"canonical\" href=\"https:\/\/jag.se\/opinion\/utan-dig-kan-jag-inte-smaka-pa-snon-nu-som-pod\/\" \/>\n<meta property=\"og:locale\" content=\"sv_SE\" \/>\n<meta property=\"og:type\" content=\"article\" \/>\n<meta property=\"og:title\" content=\"Utan dig kan jag inte smaka p\u00e5 sn\u00f6n - Nu som pod! - JAG Opinion\" \/>\n<meta property=\"og:description\" content=\"Nu kan du lyssna p\u00e5 den sedan l\u00e4nge utg\u00e5ngna novellsamlingen &#8221;Utan dig kan jag inte smaka p\u00e5 sn\u00f6n&#8221; p\u00e5 Spotify eller i Apple podcaster. \u201dUtan dig kan jag inte smaka p\u00e5 sn\u00f6n\u201d \u00e4r 25 ber\u00e4ttelser om personlig assistans. De gavs ut som bok f\u00f6rsta g\u00e5ngen 2005 som avslutning p\u00e5 kampanjen \u201dJag gillar mitt jobb\u201d f\u00f6r\" \/>\n<meta property=\"og:url\" content=\"https:\/\/jag.se\/opinion\/utan-dig-kan-jag-inte-smaka-pa-snon-nu-som-pod\/\" \/>\n<meta property=\"og:site_name\" content=\"JAG Opinion\" \/>\n<meta property=\"article:published_time\" content=\"2023-01-13T09:15:40+00:00\" \/>\n<meta property=\"article:modified_time\" content=\"2023-01-13T09:30:13+00:00\" \/>\n<meta property=\"og:image\" content=\"https:\/\/jag.se\/wp-content\/uploads\/sites\/3\/2023\/01\/Podcast-omslag-v4-scaled-e1673599179478.jpg\" \/>\n\t<meta property=\"og:image:width\" content=\"500\" \/>\n\t<meta property=\"og:image:height\" content=\"500\" \/>\n\t<meta property=\"og:image:type\" content=\"image\/jpeg\" \/>\n<meta name=\"author\" content=\"Allan Sundberg\" \/>\n<meta name=\"twitter:card\" content=\"summary_large_image\" \/>\n<meta name=\"twitter:label1\" content=\"Skriven av\" \/>\n\t<meta name=\"twitter:data1\" content=\"Allan Sundberg\" \/>\n\t<meta name=\"twitter:label2\" content=\"Ber\u00e4knad l\u00e4stid\" \/>\n\t<meta name=\"twitter:data2\" content=\"2 minuter\" \/>\n<script type=\"application\/ld+json\" class=\"yoast-schema-graph\">{\"@context\":\"https:\/\/schema.org\",\"@graph\":[{\"@type\":\"WebPage\",\"@id\":\"https:\/\/jag.se\/opinion\/utan-dig-kan-jag-inte-smaka-pa-snon-nu-som-pod\/\",\"url\":\"https:\/\/jag.se\/opinion\/utan-dig-kan-jag-inte-smaka-pa-snon-nu-som-pod\/\",\"name\":\"Utan dig kan jag inte smaka p\u00e5 sn\u00f6n - Nu som pod! - JAG Opinion\",\"isPartOf\":{\"@id\":\"https:\/\/jag.se\/opinion\/#website\"},\"datePublished\":\"2023-01-13T09:15:40+00:00\",\"dateModified\":\"2023-01-13T09:30:13+00:00\",\"author\":{\"@id\":\"https:\/\/jag.se\/opinion\/#\/schema\/person\/ed7bad708261024ad2361c426cd79665\"},\"breadcrumb\":{\"@id\":\"https:\/\/jag.se\/opinion\/utan-dig-kan-jag-inte-smaka-pa-snon-nu-som-pod\/#breadcrumb\"},\"inLanguage\":\"sv-SE\",\"potentialAction\":[{\"@type\":\"ReadAction\",\"target\":[\"https:\/\/jag.se\/opinion\/utan-dig-kan-jag-inte-smaka-pa-snon-nu-som-pod\/\"]}]},{\"@type\":\"BreadcrumbList\",\"@id\":\"https:\/\/jag.se\/opinion\/utan-dig-kan-jag-inte-smaka-pa-snon-nu-som-pod\/#breadcrumb\",\"itemListElement\":[{\"@type\":\"ListItem\",\"position\":1,\"name\":\"JAG start\",\"item\":\"https:\/\/jag.se\"},{\"@type\":\"ListItem\",\"position\":2,\"name\":\"Riksf\u00f6reningen JAG\",\"item\":\"https:\/\/jag.se\/opinion\/\"},{\"@type\":\"ListItem\",\"position\":3,\"name\":\"Utan dig kan jag inte smaka p\u00e5 sn\u00f6n &#8211; Nu som pod!\"}]},{\"@type\":\"WebSite\",\"@id\":\"https:\/\/jag.se\/opinion\/#website\",\"url\":\"https:\/\/jag.se\/opinion\/\",\"name\":\"JAG Opinion\",\"description\":\"\",\"potentialAction\":[{\"@type\":\"SearchAction\",\"target\":{\"@type\":\"EntryPoint\",\"urlTemplate\":\"https:\/\/jag.se\/opinion\/?s={search_term_string}\"},\"query-input\":\"required name=search_term_string\"}],\"inLanguage\":\"sv-SE\"},{\"@type\":\"Person\",\"@id\":\"https:\/\/jag.se\/opinion\/#\/schema\/person\/ed7bad708261024ad2361c426cd79665\",\"name\":\"Allan Sundberg\",\"image\":{\"@type\":\"ImageObject\",\"inLanguage\":\"sv-SE\",\"@id\":\"https:\/\/jag.se\/opinion\/#\/schema\/person\/image\/\",\"url\":\"https:\/\/secure.gravatar.com\/avatar\/c8e5366f7ab89805def77cfc0bf17741dce4d1b0e1e4de4e37fb096da8904140?s=96&d=mm&r=g\",\"contentUrl\":\"https:\/\/secure.gravatar.com\/avatar\/c8e5366f7ab89805def77cfc0bf17741dce4d1b0e1e4de4e37fb096da8904140?s=96&d=mm&r=g\",\"caption\":\"Allan Sundberg\"}}]}<\/script>\n<!-- \/ Yoast SEO plugin. -->","yoast_head_json":{"title":"Utan dig kan jag inte smaka p\u00e5 sn\u00f6n - Nu som pod! - JAG Opinion","robots":{"index":"index","follow":"follow","max-snippet":"max-snippet:-1","max-image-preview":"max-image-preview:large","max-video-preview":"max-video-preview:-1"},"canonical":"https:\/\/jag.se\/opinion\/utan-dig-kan-jag-inte-smaka-pa-snon-nu-som-pod\/","og_locale":"sv_SE","og_type":"article","og_title":"Utan dig kan jag inte smaka p\u00e5 sn\u00f6n - Nu som pod! - JAG Opinion","og_description":"Nu kan du lyssna p\u00e5 den sedan l\u00e4nge utg\u00e5ngna novellsamlingen &#8221;Utan dig kan jag inte smaka p\u00e5 sn\u00f6n&#8221; p\u00e5 Spotify eller i Apple podcaster. \u201dUtan dig kan jag inte smaka p\u00e5 sn\u00f6n\u201d \u00e4r 25 ber\u00e4ttelser om personlig assistans. De gavs ut som bok f\u00f6rsta g\u00e5ngen 2005 som avslutning p\u00e5 kampanjen \u201dJag gillar mitt jobb\u201d f\u00f6r","og_url":"https:\/\/jag.se\/opinion\/utan-dig-kan-jag-inte-smaka-pa-snon-nu-som-pod\/","og_site_name":"JAG Opinion","article_published_time":"2023-01-13T09:15:40+00:00","article_modified_time":"2023-01-13T09:30:13+00:00","og_image":[{"width":500,"height":500,"url":"https:\/\/jag.se\/wp-content\/uploads\/sites\/3\/2023\/01\/Podcast-omslag-v4-scaled-e1673599179478.jpg","type":"image\/jpeg"}],"author":"Allan Sundberg","twitter_card":"summary_large_image","twitter_misc":{"Skriven av":"Allan Sundberg","Ber\u00e4knad l\u00e4stid":"2 minuter"},"schema":{"@context":"https:\/\/schema.org","@graph":[{"@type":"WebPage","@id":"https:\/\/jag.se\/opinion\/utan-dig-kan-jag-inte-smaka-pa-snon-nu-som-pod\/","url":"https:\/\/jag.se\/opinion\/utan-dig-kan-jag-inte-smaka-pa-snon-nu-som-pod\/","name":"Utan dig kan jag inte smaka p\u00e5 sn\u00f6n - Nu som pod! - JAG Opinion","isPartOf":{"@id":"https:\/\/jag.se\/opinion\/#website"},"datePublished":"2023-01-13T09:15:40+00:00","dateModified":"2023-01-13T09:30:13+00:00","author":{"@id":"https:\/\/jag.se\/opinion\/#\/schema\/person\/ed7bad708261024ad2361c426cd79665"},"breadcrumb":{"@id":"https:\/\/jag.se\/opinion\/utan-dig-kan-jag-inte-smaka-pa-snon-nu-som-pod\/#breadcrumb"},"inLanguage":"sv-SE","potentialAction":[{"@type":"ReadAction","target":["https:\/\/jag.se\/opinion\/utan-dig-kan-jag-inte-smaka-pa-snon-nu-som-pod\/"]}]},{"@type":"BreadcrumbList","@id":"https:\/\/jag.se\/opinion\/utan-dig-kan-jag-inte-smaka-pa-snon-nu-som-pod\/#breadcrumb","itemListElement":[{"@type":"ListItem","position":1,"name":"JAG start","item":"https:\/\/jag.se"},{"@type":"ListItem","position":2,"name":"Riksf\u00f6reningen JAG","item":"https:\/\/jag.se\/opinion\/"},{"@type":"ListItem","position":3,"name":"Utan dig kan jag inte smaka p\u00e5 sn\u00f6n &#8211; Nu som pod!"}]},{"@type":"WebSite","@id":"https:\/\/jag.se\/opinion\/#website","url":"https:\/\/jag.se\/opinion\/","name":"JAG Opinion","description":"","potentialAction":[{"@type":"SearchAction","target":{"@type":"EntryPoint","urlTemplate":"https:\/\/jag.se\/opinion\/?s={search_term_string}"},"query-input":"required name=search_term_string"}],"inLanguage":"sv-SE"},{"@type":"Person","@id":"https:\/\/jag.se\/opinion\/#\/schema\/person\/ed7bad708261024ad2361c426cd79665","name":"Allan Sundberg","image":{"@type":"ImageObject","inLanguage":"sv-SE","@id":"https:\/\/jag.se\/opinion\/#\/schema\/person\/image\/","url":"https:\/\/secure.gravatar.com\/avatar\/c8e5366f7ab89805def77cfc0bf17741dce4d1b0e1e4de4e37fb096da8904140?s=96&d=mm&r=g","contentUrl":"https:\/\/secure.gravatar.com\/avatar\/c8e5366f7ab89805def77cfc0bf17741dce4d1b0e1e4de4e37fb096da8904140?s=96&d=mm&r=g","caption":"Allan Sundberg"}}]}},"_links":{"self":[{"href":"https:\/\/jag.se\/opinion\/wp-json\/wp\/v2\/posts\/21528","targetHints":{"allow":["GET"]}}],"collection":[{"href":"https:\/\/jag.se\/opinion\/wp-json\/wp\/v2\/posts"}],"about":[{"href":"https:\/\/jag.se\/opinion\/wp-json\/wp\/v2\/types\/post"}],"author":[{"embeddable":true,"href":"https:\/\/jag.se\/opinion\/wp-json\/wp\/v2\/users\/8"}],"replies":[{"embeddable":true,"href":"https:\/\/jag.se\/opinion\/wp-json\/wp\/v2\/comments?post=21528"}],"version-history":[{"count":6,"href":"https:\/\/jag.se\/opinion\/wp-json\/wp\/v2\/posts\/21528\/revisions"}],"predecessor-version":[{"id":21535,"href":"https:\/\/jag.se\/opinion\/wp-json\/wp\/v2\/posts\/21528\/revisions\/21535"}],"wp:featuredmedia":[{"embeddable":true,"href":"https:\/\/jag.se\/opinion\/wp-json\/wp\/v2\/media\/21529"}],"wp:attachment":[{"href":"https:\/\/jag.se\/opinion\/wp-json\/wp\/v2\/media?parent=21528"}],"wp:term":[{"taxonomy":"category","embeddable":true,"href":"https:\/\/jag.se\/opinion\/wp-json\/wp\/v2\/categories?post=21528"},{"taxonomy":"post_tag","embeddable":true,"href":"https:\/\/jag.se\/opinion\/wp-json\/wp\/v2\/tags?post=21528"}],"curies":[{"name":"wp","href":"https:\/\/api.w.org\/{rel}","templated":true}]}}