{"id":21541,"date":"2023-01-18T15:32:49","date_gmt":"2023-01-18T15:32:49","guid":{"rendered":"https:\/\/jag.se\/opinion\/?p=21541"},"modified":"2023-01-19T08:43:00","modified_gmt":"2023-01-19T08:43:00","slug":"nar-ska-den-roda-mattan-rullas-ut-for-alla-som-ar-i-akut-behov-av-personlig-assistans","status":"publish","type":"post","link":"https:\/\/jag.se\/opinion\/nar-ska-den-roda-mattan-rullas-ut-for-alla-som-ar-i-akut-behov-av-personlig-assistans\/","title":{"rendered":"N\u00e4r ska den r\u00f6da mattan rullas ut f\u00f6r ALLA som \u00e4r i akut behov av personlig assistans?"},"content":{"rendered":"\n<p>\u201dALS \u00e4r en fruktansv\u00e4rd sjukdom \u2013 och byr\u00e5kratin g\u00f6r den v\u00e4rre\u201d skrev Hanne Kj\u00f6ller p\u00e5 DN:s ledarsida f\u00f6r en tid sedan. Sen f\u00f6ljer en beskrivning av hur en ALS-sjuk person slussas runt i byr\u00e5kratilabyrinten mellan bist\u00e5ndshandl\u00e4ggare p\u00e5 kommunen och F\u00f6rs\u00e4kringskassan och hur olika insatser som hemtj\u00e4nst och personlig assistans pr\u00f6vas och avsl\u00e5s under att antal m\u00e5nader medan situationen blir mer och mer desperat f\u00f6r den drabbade. Artikeln avslutas med en efterlysning om ett snabbsp\u00e5r f\u00f6r beslut om hj\u00e4lpinsats f\u00f6r den som f\u00e5tt en ALS-diagnos eftersom sjukdomen ofta har ett relativt hastigt f\u00f6rlopp. Hanne Kj\u00f6ller forts\u00e4tter ocks\u00e5 p\u00e5 samma tema i TV4s Nyhetsmorgon.<\/p>\n\n\n\n<p>Och Riksf\u00f6reningen JAGs medlemmar kan bara nicka igenk\u00e4nnande och unisont inst\u00e4mma i hur ov\u00e4rdigt och inhumant det \u00e4r att p\u00e5 grund av byr\u00e5krati och l\u00e5nga handl\u00e4ggningstider bli tvungen att v\u00e4nta p\u00e5 sin r\u00e4tt till lagstadgat st\u00f6d. Fast f\u00f6r oss med sv\u00e5ra, varaktiga och omfattande funktionsneds\u00e4ttningar handlar det m\u00e5nga g\u00e5nger om en kamp under en hel livstid.<\/p>\n\n\n\n<p>Det \u00e4r n\u00e4mligen s\u00e5 att den problematik som beskrivs i ledarartikeln inte bara g\u00e4ller ALS-sjuka personer. Det g\u00e4ller ocks\u00e5 oss som lever med sv\u00e5ra, varaktiga, fysiska och intellektuella funktionsneds\u00e4ttningar och som precis som m\u00e4nniskor drabbade av ALS \u00e4r helt beroende av en annan m\u00e4nniskas st\u00f6d f\u00f6r att kunna \u00e4ta, sk\u00f6ta sin hygien, kl\u00e4 p\u00e5 sig, kommunicera, ja, leva ett v\u00e4rdigt liv helt enkelt.<\/p>\n\n\n\n<p>Det Hanne Kj\u00f6ller beskriver \u00e4r \u00e4ven v\u00e5r vardag. Vi drabbas ocks\u00e5 mycket h\u00e5rt n\u00e4r kommuner duckar \u00e4ven f\u00f6r v\u00e5ra akuta behov. Det finns otaliga fall d\u00e4r personer i v\u00e4ntan p\u00e5 beslut fr\u00e5n F\u00f6rs\u00e4kringskassan eller kommun avlidit, kommit till skada eller vars anh\u00f6riga drabbats av utmattning och sjukskrivning eftersom situationen blivit oh\u00e5llbar innan r\u00e4tt insats beviljats och kommit p\u00e5 plats.<\/p>\n\n\n\n<p>Hanne Kj\u00f6ller, det gl\u00e4der oss att vi tycker lika. Att m\u00e4nniskor inte ska hanteras efter en och samma modell. Det \u00e4r just d\u00e4rf\u00f6r som assistansen passar s\u00e5 v\u00e4l in i det h\u00e4r sammanhanget, den \u00e4r individanpassad. Och s\u00e5 det d\u00e4r med fusket. Vi tycker ocks\u00e5 att det \u00e4r f\u00f6rkastligt, orsakar enorma skador och problem f\u00f6r oss med de st\u00f6rsta behoven av assistans. <\/p>\n\n\n\n<p>S\u00e5 vi, och s\u00e4kert m\u00e5nga andra assistansber\u00e4ttigade i Sverige, undrar precis som Hanne Kj\u00f6ller, n\u00e4r ska den r\u00f6da mattan rullas ut f\u00f6r ALLA som \u00e4r i akut behov av och har r\u00e4tt till personlig assistans eller andra kommunala insatser inom ramen f\u00f6r LSS?<\/p>\n\n\n\n<p>Magnus And\u00e9n, ordf\u00f6rande Riksf\u00f6reningen JAG, genom god man Cecilia Blanck<br>Anna S\u00f6derberg, styrelseledamot, Riksf\u00f6reningen JAG, genom god man \u00c5sa Emtelin<\/p>\n\n\n\n<figure class=\"wp-block-image size-full is-resized\"><img loading=\"lazy\" decoding=\"async\" src=\"https:\/\/jag.se\/opinion\/wp-content\/uploads\/sites\/3\/2021\/12\/Magnus_Anden-e1639128201775-1.jpg\" alt=\"\" class=\"wp-image-2470\" width=\"212\" height=\"250\" srcset=\"https:\/\/jag.se\/opinion\/wp-content\/uploads\/sites\/3\/2021\/12\/Magnus_Anden-e1639128201775-1.jpg 450w, https:\/\/jag.se\/opinion\/wp-content\/uploads\/sites\/3\/2021\/12\/Magnus_Anden-e1639128201775-1-254x300.jpg 254w\" sizes=\"auto, (max-width: 212px) 100vw, 212px\" \/><figcaption class=\"wp-element-caption\">Magnus And\u00e9n, ordf\u00f6rande, Riksf\u00f6reningen JAG<\/figcaption><\/figure>\n\n\n\n<figure class=\"wp-block-image size-full is-resized\"><img loading=\"lazy\" decoding=\"async\" src=\"https:\/\/jag.se\/opinion\/wp-content\/uploads\/sites\/3\/2023\/01\/Anna.jpg\" alt=\"\" class=\"wp-image-21543\" width=\"211\" height=\"211\" srcset=\"https:\/\/jag.se\/opinion\/wp-content\/uploads\/sites\/3\/2023\/01\/Anna.jpg 397w, https:\/\/jag.se\/opinion\/wp-content\/uploads\/sites\/3\/2023\/01\/Anna-300x300.jpg 300w, https:\/\/jag.se\/opinion\/wp-content\/uploads\/sites\/3\/2023\/01\/Anna-150x150.jpg 150w, https:\/\/jag.se\/opinion\/wp-content\/uploads\/sites\/3\/2023\/01\/Anna-100x100.jpg 100w, https:\/\/jag.se\/opinion\/wp-content\/uploads\/sites\/3\/2023\/01\/Anna-120x120.jpg 120w, https:\/\/jag.se\/opinion\/wp-content\/uploads\/sites\/3\/2023\/01\/Anna-38x38.jpg 38w, https:\/\/jag.se\/opinion\/wp-content\/uploads\/sites\/3\/2023\/01\/Anna-311x311.jpg 311w, https:\/\/jag.se\/opinion\/wp-content\/uploads\/sites\/3\/2023\/01\/Anna-369x369.jpg 369w, https:\/\/jag.se\/opinion\/wp-content\/uploads\/sites\/3\/2023\/01\/Anna-374x374.jpg 374w, https:\/\/jag.se\/opinion\/wp-content\/uploads\/sites\/3\/2023\/01\/Anna-50x50.jpg 50w\" sizes=\"auto, (max-width: 211px) 100vw, 211px\" \/><figcaption class=\"wp-element-caption\">Anna S\u00f6derberg, styrelseledamot, Riksf\u00f6reningen JAG<\/figcaption><\/figure>\n","protected":false},"excerpt":{"rendered":"<p>\u201dALS \u00e4r en fruktansv\u00e4rd sjukdom \u2013 och byr\u00e5kratin g\u00f6r den v\u00e4rre\u201d skrev Hanne Kj\u00f6ller p\u00e5 DN:s ledarsida f\u00f6r en tid sedan. Sen f\u00f6ljer en beskrivning av hur en ALS-sjuk person slussas runt i byr\u00e5kratilabyrinten mellan bist\u00e5ndshandl\u00e4ggare p\u00e5 kommunen och F\u00f6rs\u00e4kringskassan och hur olika insatser som hemtj\u00e4nst och personlig assistans pr\u00f6vas och avsl\u00e5s under att antal<\/p>\n","protected":false},"author":9,"featured_media":2320,"comment_status":"open","ping_status":"open","sticky":false,"template":"","format":"standard","meta":{"footnotes":""},"categories":[1],"tags":[],"class_list":["post-21541","post","type-post","status-publish","format-standard","has-post-thumbnail","hentry","category-uncategorized"],"acf":[],"yoast_head":"<!-- This site is optimized with the Yoast SEO plugin v21.3 - https:\/\/yoast.com\/wordpress\/plugins\/seo\/ -->\n<title>N\u00e4r ska den r\u00f6da mattan rullas ut f\u00f6r ALLA som \u00e4r i akut behov av personlig assistans? - JAG Opinion<\/title>\n<meta name=\"robots\" content=\"index, follow, max-snippet:-1, max-image-preview:large, max-video-preview:-1\" \/>\n<link rel=\"canonical\" href=\"https:\/\/jag.se\/opinion\/nar-ska-den-roda-mattan-rullas-ut-for-alla-som-ar-i-akut-behov-av-personlig-assistans\/\" \/>\n<meta property=\"og:locale\" content=\"sv_SE\" \/>\n<meta property=\"og:type\" content=\"article\" \/>\n<meta property=\"og:title\" content=\"N\u00e4r ska den r\u00f6da mattan rullas ut f\u00f6r ALLA som \u00e4r i akut behov av personlig assistans? - JAG Opinion\" \/>\n<meta property=\"og:description\" content=\"\u201dALS \u00e4r en fruktansv\u00e4rd sjukdom \u2013 och byr\u00e5kratin g\u00f6r den v\u00e4rre\u201d skrev Hanne Kj\u00f6ller p\u00e5 DN:s ledarsida f\u00f6r en tid sedan. Sen f\u00f6ljer en beskrivning av hur en ALS-sjuk person slussas runt i byr\u00e5kratilabyrinten mellan bist\u00e5ndshandl\u00e4ggare p\u00e5 kommunen och F\u00f6rs\u00e4kringskassan och hur olika insatser som hemtj\u00e4nst och personlig assistans pr\u00f6vas och avsl\u00e5s under att antal\" \/>\n<meta property=\"og:url\" content=\"https:\/\/jag.se\/opinion\/nar-ska-den-roda-mattan-rullas-ut-for-alla-som-ar-i-akut-behov-av-personlig-assistans\/\" \/>\n<meta property=\"og:site_name\" content=\"JAG Opinion\" \/>\n<meta property=\"article:published_time\" content=\"2023-01-18T15:32:49+00:00\" \/>\n<meta property=\"article:modified_time\" content=\"2023-01-19T08:43:00+00:00\" \/>\n<meta property=\"og:image\" content=\"https:\/\/jag.se\/wp-content\/uploads\/sites\/3\/2017\/06\/foreningen-jag-1.jpg\" \/>\n\t<meta property=\"og:image:width\" content=\"1920\" \/>\n\t<meta property=\"og:image:height\" content=\"1440\" \/>\n\t<meta property=\"og:image:type\" content=\"image\/jpeg\" \/>\n<meta name=\"author\" content=\"Asa Emtelin\" \/>\n<meta name=\"twitter:card\" content=\"summary_large_image\" \/>\n<meta name=\"twitter:label1\" content=\"Skriven av\" \/>\n\t<meta name=\"twitter:data1\" content=\"Asa Emtelin\" \/>\n\t<meta name=\"twitter:label2\" content=\"Ber\u00e4knad l\u00e4stid\" \/>\n\t<meta name=\"twitter:data2\" content=\"3 minuter\" \/>\n<script type=\"application\/ld+json\" class=\"yoast-schema-graph\">{\"@context\":\"https:\/\/schema.org\",\"@graph\":[{\"@type\":\"WebPage\",\"@id\":\"https:\/\/jag.se\/opinion\/nar-ska-den-roda-mattan-rullas-ut-for-alla-som-ar-i-akut-behov-av-personlig-assistans\/\",\"url\":\"https:\/\/jag.se\/opinion\/nar-ska-den-roda-mattan-rullas-ut-for-alla-som-ar-i-akut-behov-av-personlig-assistans\/\",\"name\":\"N\u00e4r ska den r\u00f6da mattan rullas ut f\u00f6r ALLA som \u00e4r i akut behov av personlig assistans? - JAG Opinion\",\"isPartOf\":{\"@id\":\"https:\/\/jag.se\/opinion\/#website\"},\"datePublished\":\"2023-01-18T15:32:49+00:00\",\"dateModified\":\"2023-01-19T08:43:00+00:00\",\"author\":{\"@id\":\"https:\/\/jag.se\/opinion\/#\/schema\/person\/d688dc9ac36c8b0359e70c3810dab6fd\"},\"breadcrumb\":{\"@id\":\"https:\/\/jag.se\/opinion\/nar-ska-den-roda-mattan-rullas-ut-for-alla-som-ar-i-akut-behov-av-personlig-assistans\/#breadcrumb\"},\"inLanguage\":\"sv-SE\",\"potentialAction\":[{\"@type\":\"ReadAction\",\"target\":[\"https:\/\/jag.se\/opinion\/nar-ska-den-roda-mattan-rullas-ut-for-alla-som-ar-i-akut-behov-av-personlig-assistans\/\"]}]},{\"@type\":\"BreadcrumbList\",\"@id\":\"https:\/\/jag.se\/opinion\/nar-ska-den-roda-mattan-rullas-ut-for-alla-som-ar-i-akut-behov-av-personlig-assistans\/#breadcrumb\",\"itemListElement\":[{\"@type\":\"ListItem\",\"position\":1,\"name\":\"JAG start\",\"item\":\"https:\/\/jag.se\"},{\"@type\":\"ListItem\",\"position\":2,\"name\":\"Riksf\u00f6reningen JAG\",\"item\":\"https:\/\/jag.se\/opinion\/\"},{\"@type\":\"ListItem\",\"position\":3,\"name\":\"N\u00e4r ska den r\u00f6da mattan rullas ut f\u00f6r ALLA som \u00e4r i akut behov av personlig assistans?\"}]},{\"@type\":\"WebSite\",\"@id\":\"https:\/\/jag.se\/opinion\/#website\",\"url\":\"https:\/\/jag.se\/opinion\/\",\"name\":\"JAG Opinion\",\"description\":\"\",\"potentialAction\":[{\"@type\":\"SearchAction\",\"target\":{\"@type\":\"EntryPoint\",\"urlTemplate\":\"https:\/\/jag.se\/opinion\/?s={search_term_string}\"},\"query-input\":\"required name=search_term_string\"}],\"inLanguage\":\"sv-SE\"},{\"@type\":\"Person\",\"@id\":\"https:\/\/jag.se\/opinion\/#\/schema\/person\/d688dc9ac36c8b0359e70c3810dab6fd\",\"name\":\"Asa Emtelin\",\"image\":{\"@type\":\"ImageObject\",\"inLanguage\":\"sv-SE\",\"@id\":\"https:\/\/jag.se\/opinion\/#\/schema\/person\/image\/\",\"url\":\"https:\/\/secure.gravatar.com\/avatar\/73fad270be25e2762b83219f26f69b57ac5c8122d333e45e7cdce054f17f3ce3?s=96&d=mm&r=g\",\"contentUrl\":\"https:\/\/secure.gravatar.com\/avatar\/73fad270be25e2762b83219f26f69b57ac5c8122d333e45e7cdce054f17f3ce3?s=96&d=mm&r=g\",\"caption\":\"Asa Emtelin\"}}]}<\/script>\n<!-- \/ Yoast SEO plugin. -->","yoast_head_json":{"title":"N\u00e4r ska den r\u00f6da mattan rullas ut f\u00f6r ALLA som \u00e4r i akut behov av personlig assistans? - JAG Opinion","robots":{"index":"index","follow":"follow","max-snippet":"max-snippet:-1","max-image-preview":"max-image-preview:large","max-video-preview":"max-video-preview:-1"},"canonical":"https:\/\/jag.se\/opinion\/nar-ska-den-roda-mattan-rullas-ut-for-alla-som-ar-i-akut-behov-av-personlig-assistans\/","og_locale":"sv_SE","og_type":"article","og_title":"N\u00e4r ska den r\u00f6da mattan rullas ut f\u00f6r ALLA som \u00e4r i akut behov av personlig assistans? - JAG Opinion","og_description":"\u201dALS \u00e4r en fruktansv\u00e4rd sjukdom \u2013 och byr\u00e5kratin g\u00f6r den v\u00e4rre\u201d skrev Hanne Kj\u00f6ller p\u00e5 DN:s ledarsida f\u00f6r en tid sedan. Sen f\u00f6ljer en beskrivning av hur en ALS-sjuk person slussas runt i byr\u00e5kratilabyrinten mellan bist\u00e5ndshandl\u00e4ggare p\u00e5 kommunen och F\u00f6rs\u00e4kringskassan och hur olika insatser som hemtj\u00e4nst och personlig assistans pr\u00f6vas och avsl\u00e5s under att antal","og_url":"https:\/\/jag.se\/opinion\/nar-ska-den-roda-mattan-rullas-ut-for-alla-som-ar-i-akut-behov-av-personlig-assistans\/","og_site_name":"JAG Opinion","article_published_time":"2023-01-18T15:32:49+00:00","article_modified_time":"2023-01-19T08:43:00+00:00","og_image":[{"width":1920,"height":1440,"url":"https:\/\/jag.se\/wp-content\/uploads\/sites\/3\/2017\/06\/foreningen-jag-1.jpg","type":"image\/jpeg"}],"author":"Asa Emtelin","twitter_card":"summary_large_image","twitter_misc":{"Skriven av":"Asa Emtelin","Ber\u00e4knad l\u00e4stid":"3 minuter"},"schema":{"@context":"https:\/\/schema.org","@graph":[{"@type":"WebPage","@id":"https:\/\/jag.se\/opinion\/nar-ska-den-roda-mattan-rullas-ut-for-alla-som-ar-i-akut-behov-av-personlig-assistans\/","url":"https:\/\/jag.se\/opinion\/nar-ska-den-roda-mattan-rullas-ut-for-alla-som-ar-i-akut-behov-av-personlig-assistans\/","name":"N\u00e4r ska den r\u00f6da mattan rullas ut f\u00f6r ALLA som \u00e4r i akut behov av personlig assistans? - JAG Opinion","isPartOf":{"@id":"https:\/\/jag.se\/opinion\/#website"},"datePublished":"2023-01-18T15:32:49+00:00","dateModified":"2023-01-19T08:43:00+00:00","author":{"@id":"https:\/\/jag.se\/opinion\/#\/schema\/person\/d688dc9ac36c8b0359e70c3810dab6fd"},"breadcrumb":{"@id":"https:\/\/jag.se\/opinion\/nar-ska-den-roda-mattan-rullas-ut-for-alla-som-ar-i-akut-behov-av-personlig-assistans\/#breadcrumb"},"inLanguage":"sv-SE","potentialAction":[{"@type":"ReadAction","target":["https:\/\/jag.se\/opinion\/nar-ska-den-roda-mattan-rullas-ut-for-alla-som-ar-i-akut-behov-av-personlig-assistans\/"]}]},{"@type":"BreadcrumbList","@id":"https:\/\/jag.se\/opinion\/nar-ska-den-roda-mattan-rullas-ut-for-alla-som-ar-i-akut-behov-av-personlig-assistans\/#breadcrumb","itemListElement":[{"@type":"ListItem","position":1,"name":"JAG start","item":"https:\/\/jag.se"},{"@type":"ListItem","position":2,"name":"Riksf\u00f6reningen JAG","item":"https:\/\/jag.se\/opinion\/"},{"@type":"ListItem","position":3,"name":"N\u00e4r ska den r\u00f6da mattan rullas ut f\u00f6r ALLA som \u00e4r i akut behov av personlig assistans?"}]},{"@type":"WebSite","@id":"https:\/\/jag.se\/opinion\/#website","url":"https:\/\/jag.se\/opinion\/","name":"JAG Opinion","description":"","potentialAction":[{"@type":"SearchAction","target":{"@type":"EntryPoint","urlTemplate":"https:\/\/jag.se\/opinion\/?s={search_term_string}"},"query-input":"required name=search_term_string"}],"inLanguage":"sv-SE"},{"@type":"Person","@id":"https:\/\/jag.se\/opinion\/#\/schema\/person\/d688dc9ac36c8b0359e70c3810dab6fd","name":"Asa Emtelin","image":{"@type":"ImageObject","inLanguage":"sv-SE","@id":"https:\/\/jag.se\/opinion\/#\/schema\/person\/image\/","url":"https:\/\/secure.gravatar.com\/avatar\/73fad270be25e2762b83219f26f69b57ac5c8122d333e45e7cdce054f17f3ce3?s=96&d=mm&r=g","contentUrl":"https:\/\/secure.gravatar.com\/avatar\/73fad270be25e2762b83219f26f69b57ac5c8122d333e45e7cdce054f17f3ce3?s=96&d=mm&r=g","caption":"Asa Emtelin"}}]}},"_links":{"self":[{"href":"https:\/\/jag.se\/opinion\/wp-json\/wp\/v2\/posts\/21541","targetHints":{"allow":["GET"]}}],"collection":[{"href":"https:\/\/jag.se\/opinion\/wp-json\/wp\/v2\/posts"}],"about":[{"href":"https:\/\/jag.se\/opinion\/wp-json\/wp\/v2\/types\/post"}],"author":[{"embeddable":true,"href":"https:\/\/jag.se\/opinion\/wp-json\/wp\/v2\/users\/9"}],"replies":[{"embeddable":true,"href":"https:\/\/jag.se\/opinion\/wp-json\/wp\/v2\/comments?post=21541"}],"version-history":[{"count":4,"href":"https:\/\/jag.se\/opinion\/wp-json\/wp\/v2\/posts\/21541\/revisions"}],"predecessor-version":[{"id":21546,"href":"https:\/\/jag.se\/opinion\/wp-json\/wp\/v2\/posts\/21541\/revisions\/21546"}],"wp:featuredmedia":[{"embeddable":true,"href":"https:\/\/jag.se\/opinion\/wp-json\/wp\/v2\/media\/2320"}],"wp:attachment":[{"href":"https:\/\/jag.se\/opinion\/wp-json\/wp\/v2\/media?parent=21541"}],"wp:term":[{"taxonomy":"category","embeddable":true,"href":"https:\/\/jag.se\/opinion\/wp-json\/wp\/v2\/categories?post=21541"},{"taxonomy":"post_tag","embeddable":true,"href":"https:\/\/jag.se\/opinion\/wp-json\/wp\/v2\/tags?post=21541"}],"curies":[{"name":"wp","href":"https:\/\/api.w.org\/{rel}","templated":true}]}}