{"id":21550,"date":"2023-01-26T15:31:57","date_gmt":"2023-01-26T15:31:57","guid":{"rendered":"https:\/\/jag.se\/opinion\/?p=21550"},"modified":"2023-01-26T15:55:13","modified_gmt":"2023-01-26T15:55:13","slug":"pa-internationella-minnesdagen-for-forintelsen-glom-inte-bort-utrotningen-av-manniskor-med-intellektuella-funktionsnedsattningar","status":"publish","type":"post","link":"https:\/\/jag.se\/opinion\/pa-internationella-minnesdagen-for-forintelsen-glom-inte-bort-utrotningen-av-manniskor-med-intellektuella-funktionsnedsattningar\/","title":{"rendered":"P\u00e5 internationella minnesdagen f\u00f6r f\u00f6rintelsen: gl\u00f6m inte bort utrotningen av m\u00e4nniskor med intellektuella funktionsneds\u00e4ttningar!"},"content":{"rendered":"\n<p>Inf\u00f6r den internationella minnesdagen f\u00f6r f\u00f6rintelsen 27 januari beh\u00f6ver vi lyfta en grupp drabbade m\u00e4nniskor som s\u00e4llan synligg\u00f6rs vid minnesh\u00f6gtiderna. Det \u00e4r alla de m\u00e4nniskor med intellektuella funktionsneds\u00e4ttningar p\u00e5 olika institutioner som m\u00f6rdades med utg\u00e5ngspunkt i nazismens m\u00e4nniskosyn.<\/p>\n\n\n\n<p>T4\/Eutanasiprogrammet inleddes av Adolf Hitler den 1 september 1939. Under ben\u00e4mningen Aktion T4 m\u00f6rdades m\u00e4n, kvinnor och barn med psykiska eller fysiska funktionsneds\u00e4ttningar eller som av n\u00e5gon annan anledning inte bed\u00f6mdes vara \u201dlivsv\u00e4rdiga\u201d. Ungef\u00e4r 70 000 personer ber\u00e4knas ha d\u00f6dats under den officiella fasen 1939\u20131941. Efter protester fr\u00e5n allm\u00e4nheten och de kyrkliga samfunden avbr\u00f6ts Aktion T4 i augusti 1941, men det fortsatte inofficiellt till krigets slut. Den totala siffran under hela perioden fr\u00e5n 1939 till 1945 har ber\u00e4knats till ca 200&nbsp;000.<\/p>\n\n\n\n<p>Dessv\u00e4rre m\u00f6ter m\u00e4nniskor med intellektuell funktionsneds\u00e4ttning i Sverige och \u00f6vriga v\u00e4rlden fortfarande ett ifr\u00e5gas\u00e4ttande av sitt m\u00e4nniskov\u00e4rde och existensber\u00e4ttigande b\u00e5de fr\u00e5n allm\u00e4nhet, myndigheter och inom v\u00e5rden. Det \u00e4r d\u00e4rf\u00f6r oerh\u00f6rt viktigt att p\u00e5minna om de fasansfulla f\u00f6ljder s\u00e5dana v\u00e4rderingar kan f\u00e5. <\/p>\n\n\n\n<p>Riksf\u00f6reningen JAG har p\u00e5talat f\u00f6r statsministern att vi hoppas att regeringsf\u00f6retr\u00e4darna kommer n\u00e4mna gruppen m\u00e4nniskor med intellektuell funktionsneds\u00e4ttning j\u00e4mte andra drabbade grupper i sina uttalanden med anledning av h\u00e5gkomsten av f\u00f6rintelsen.<\/p>\n\n\n\n<p><em>Bilder fr\u00e5n Almedalsveckan 2017. P\u00e5 \u00f6versta bilden syns Riksf\u00f6reningen JAGs och Natur och Kulturs utst\u00e4llning om T4 under Almedalsveckan 2017. Foto: Johanna Norin<\/em>.<\/p>\n\n\n\n<p><em>Fotot nedan \u00e4r tagen n\u00e5gon dag senare, n\u00e4r medlemmar i NMR v\u00e4nt alla bilder i utst\u00e4llningen. Foto: Kalle Melander<\/em><\/p>\n\n\n\n<p><\/p>\n\n\n\n<figure class=\"wp-block-image size-full\"><img loading=\"lazy\" decoding=\"async\" width=\"500\" height=\"333\" src=\"https:\/\/jag.se\/opinion\/wp-content\/uploads\/sites\/3\/2023\/01\/KalleMelander-Nazisterna-har-vant-pa-tavlorna-LITEN.jpg\" alt=\"Foto fr\u00e5n samma utst\u00e4llning. Nu \u00e4r bilderna v\u00e4nda, s\u00e5 man endast ser de vita baksidorna.\" class=\"wp-image-21552\" srcset=\"https:\/\/jag.se\/opinion\/wp-content\/uploads\/sites\/3\/2023\/01\/KalleMelander-Nazisterna-har-vant-pa-tavlorna-LITEN.jpg 500w, https:\/\/jag.se\/opinion\/wp-content\/uploads\/sites\/3\/2023\/01\/KalleMelander-Nazisterna-har-vant-pa-tavlorna-LITEN-300x200.jpg 300w, https:\/\/jag.se\/opinion\/wp-content\/uploads\/sites\/3\/2023\/01\/KalleMelander-Nazisterna-har-vant-pa-tavlorna-LITEN-150x100.jpg 150w, https:\/\/jag.se\/opinion\/wp-content\/uploads\/sites\/3\/2023\/01\/KalleMelander-Nazisterna-har-vant-pa-tavlorna-LITEN-120x80.jpg 120w, https:\/\/jag.se\/opinion\/wp-content\/uploads\/sites\/3\/2023\/01\/KalleMelander-Nazisterna-har-vant-pa-tavlorna-LITEN-311x207.jpg 311w, https:\/\/jag.se\/opinion\/wp-content\/uploads\/sites\/3\/2023\/01\/KalleMelander-Nazisterna-har-vant-pa-tavlorna-LITEN-369x246.jpg 369w, https:\/\/jag.se\/opinion\/wp-content\/uploads\/sites\/3\/2023\/01\/KalleMelander-Nazisterna-har-vant-pa-tavlorna-LITEN-374x249.jpg 374w, https:\/\/jag.se\/opinion\/wp-content\/uploads\/sites\/3\/2023\/01\/KalleMelander-Nazisterna-har-vant-pa-tavlorna-LITEN-419x280.jpg 419w, https:\/\/jag.se\/opinion\/wp-content\/uploads\/sites\/3\/2023\/01\/KalleMelander-Nazisterna-har-vant-pa-tavlorna-LITEN-75x50.jpg 75w\" sizes=\"auto, (max-width: 500px) 100vw, 500px\" \/><\/figure>\n","protected":false},"excerpt":{"rendered":"<p>Inf\u00f6r den internationella minnesdagen f\u00f6r f\u00f6rintelsen 27 januari beh\u00f6ver vi lyfta en grupp drabbade m\u00e4nniskor som s\u00e4llan synligg\u00f6rs vid minnesh\u00f6gtiderna. Det \u00e4r alla de m\u00e4nniskor med intellektuella funktionsneds\u00e4ttningar p\u00e5 olika institutioner som m\u00f6rdades med utg\u00e5ngspunkt i nazismens m\u00e4nniskosyn. T4\/Eutanasiprogrammet inleddes av Adolf Hitler den 1 september 1939. Under ben\u00e4mningen Aktion T4 m\u00f6rdades m\u00e4n, kvinnor och<\/p>\n","protected":false},"author":7,"featured_media":21551,"comment_status":"open","ping_status":"open","sticky":false,"template":"","format":"standard","meta":{"footnotes":""},"categories":[1],"tags":[],"class_list":["post-21550","post","type-post","status-publish","format-standard","has-post-thumbnail","hentry","category-uncategorized"],"acf":[],"yoast_head":"<!-- This site is optimized with the Yoast SEO plugin v21.3 - https:\/\/yoast.com\/wordpress\/plugins\/seo\/ -->\n<title>P\u00e5 internationella minnesdagen f\u00f6r f\u00f6rintelsen: gl\u00f6m inte bort utrotningen av m\u00e4nniskor med intellektuella funktionsneds\u00e4ttningar! - JAG Opinion<\/title>\n<meta name=\"robots\" content=\"index, follow, max-snippet:-1, max-image-preview:large, max-video-preview:-1\" \/>\n<link rel=\"canonical\" href=\"https:\/\/jag.se\/opinion\/pa-internationella-minnesdagen-for-forintelsen-glom-inte-bort-utrotningen-av-manniskor-med-intellektuella-funktionsnedsattningar\/\" \/>\n<meta property=\"og:locale\" content=\"sv_SE\" \/>\n<meta property=\"og:type\" content=\"article\" \/>\n<meta property=\"og:title\" content=\"P\u00e5 internationella minnesdagen f\u00f6r f\u00f6rintelsen: gl\u00f6m inte bort utrotningen av m\u00e4nniskor med intellektuella funktionsneds\u00e4ttningar! - JAG Opinion\" \/>\n<meta property=\"og:description\" content=\"Inf\u00f6r den internationella minnesdagen f\u00f6r f\u00f6rintelsen 27 januari beh\u00f6ver vi lyfta en grupp drabbade m\u00e4nniskor som s\u00e4llan synligg\u00f6rs vid minnesh\u00f6gtiderna. Det \u00e4r alla de m\u00e4nniskor med intellektuella funktionsneds\u00e4ttningar p\u00e5 olika institutioner som m\u00f6rdades med utg\u00e5ngspunkt i nazismens m\u00e4nniskosyn. T4\/Eutanasiprogrammet inleddes av Adolf Hitler den 1 september 1939. Under ben\u00e4mningen Aktion T4 m\u00f6rdades m\u00e4n, kvinnor och\" \/>\n<meta property=\"og:url\" content=\"https:\/\/jag.se\/opinion\/pa-internationella-minnesdagen-for-forintelsen-glom-inte-bort-utrotningen-av-manniskor-med-intellektuella-funktionsnedsattningar\/\" \/>\n<meta property=\"og:site_name\" content=\"JAG Opinion\" \/>\n<meta property=\"article:published_time\" content=\"2023-01-26T15:31:57+00:00\" \/>\n<meta property=\"article:modified_time\" content=\"2023-01-26T15:55:13+00:00\" \/>\n<meta property=\"og:image\" content=\"https:\/\/jag.se\/wp-content\/uploads\/sites\/3\/2023\/01\/KalleMelander-JN_NoK_utst_Almedalen-LITEN.jpg\" \/>\n\t<meta property=\"og:image:width\" content=\"500\" \/>\n\t<meta property=\"og:image:height\" content=\"333\" \/>\n\t<meta property=\"og:image:type\" content=\"image\/jpeg\" \/>\n<meta name=\"author\" content=\"Kerstin Sellin\" \/>\n<meta name=\"twitter:card\" content=\"summary_large_image\" \/>\n<meta name=\"twitter:label1\" content=\"Skriven av\" \/>\n\t<meta name=\"twitter:data1\" content=\"Kerstin Sellin\" \/>\n\t<meta name=\"twitter:label2\" content=\"Ber\u00e4knad l\u00e4stid\" \/>\n\t<meta name=\"twitter:data2\" content=\"2 minuter\" \/>\n<script type=\"application\/ld+json\" class=\"yoast-schema-graph\">{\"@context\":\"https:\/\/schema.org\",\"@graph\":[{\"@type\":\"WebPage\",\"@id\":\"https:\/\/jag.se\/opinion\/pa-internationella-minnesdagen-for-forintelsen-glom-inte-bort-utrotningen-av-manniskor-med-intellektuella-funktionsnedsattningar\/\",\"url\":\"https:\/\/jag.se\/opinion\/pa-internationella-minnesdagen-for-forintelsen-glom-inte-bort-utrotningen-av-manniskor-med-intellektuella-funktionsnedsattningar\/\",\"name\":\"P\u00e5 internationella minnesdagen f\u00f6r f\u00f6rintelsen: gl\u00f6m inte bort utrotningen av m\u00e4nniskor med intellektuella funktionsneds\u00e4ttningar! - JAG Opinion\",\"isPartOf\":{\"@id\":\"https:\/\/jag.se\/opinion\/#website\"},\"datePublished\":\"2023-01-26T15:31:57+00:00\",\"dateModified\":\"2023-01-26T15:55:13+00:00\",\"author\":{\"@id\":\"https:\/\/jag.se\/opinion\/#\/schema\/person\/5b968ceec568a6aae87bd2b04b5d995b\"},\"breadcrumb\":{\"@id\":\"https:\/\/jag.se\/opinion\/pa-internationella-minnesdagen-for-forintelsen-glom-inte-bort-utrotningen-av-manniskor-med-intellektuella-funktionsnedsattningar\/#breadcrumb\"},\"inLanguage\":\"sv-SE\",\"potentialAction\":[{\"@type\":\"ReadAction\",\"target\":[\"https:\/\/jag.se\/opinion\/pa-internationella-minnesdagen-for-forintelsen-glom-inte-bort-utrotningen-av-manniskor-med-intellektuella-funktionsnedsattningar\/\"]}]},{\"@type\":\"BreadcrumbList\",\"@id\":\"https:\/\/jag.se\/opinion\/pa-internationella-minnesdagen-for-forintelsen-glom-inte-bort-utrotningen-av-manniskor-med-intellektuella-funktionsnedsattningar\/#breadcrumb\",\"itemListElement\":[{\"@type\":\"ListItem\",\"position\":1,\"name\":\"JAG start\",\"item\":\"https:\/\/jag.se\"},{\"@type\":\"ListItem\",\"position\":2,\"name\":\"Riksf\u00f6reningen JAG\",\"item\":\"https:\/\/jag.se\/opinion\/\"},{\"@type\":\"ListItem\",\"position\":3,\"name\":\"P\u00e5 internationella minnesdagen f\u00f6r f\u00f6rintelsen: gl\u00f6m inte bort utrotningen av m\u00e4nniskor med intellektuella funktionsneds\u00e4ttningar!\"}]},{\"@type\":\"WebSite\",\"@id\":\"https:\/\/jag.se\/opinion\/#website\",\"url\":\"https:\/\/jag.se\/opinion\/\",\"name\":\"JAG Opinion\",\"description\":\"\",\"potentialAction\":[{\"@type\":\"SearchAction\",\"target\":{\"@type\":\"EntryPoint\",\"urlTemplate\":\"https:\/\/jag.se\/opinion\/?s={search_term_string}\"},\"query-input\":\"required name=search_term_string\"}],\"inLanguage\":\"sv-SE\"},{\"@type\":\"Person\",\"@id\":\"https:\/\/jag.se\/opinion\/#\/schema\/person\/5b968ceec568a6aae87bd2b04b5d995b\",\"name\":\"Kerstin Sellin\",\"image\":{\"@type\":\"ImageObject\",\"inLanguage\":\"sv-SE\",\"@id\":\"https:\/\/jag.se\/opinion\/#\/schema\/person\/image\/\",\"url\":\"https:\/\/secure.gravatar.com\/avatar\/8186ebe5b7809ff59c7d59f361424f7bbdb039cd25b26fa93e861f6ee8e199b6?s=96&d=mm&r=g\",\"contentUrl\":\"https:\/\/secure.gravatar.com\/avatar\/8186ebe5b7809ff59c7d59f361424f7bbdb039cd25b26fa93e861f6ee8e199b6?s=96&d=mm&r=g\",\"caption\":\"Kerstin Sellin\"}}]}<\/script>\n<!-- \/ Yoast SEO plugin. -->","yoast_head_json":{"title":"P\u00e5 internationella minnesdagen f\u00f6r f\u00f6rintelsen: gl\u00f6m inte bort utrotningen av m\u00e4nniskor med intellektuella funktionsneds\u00e4ttningar! - JAG Opinion","robots":{"index":"index","follow":"follow","max-snippet":"max-snippet:-1","max-image-preview":"max-image-preview:large","max-video-preview":"max-video-preview:-1"},"canonical":"https:\/\/jag.se\/opinion\/pa-internationella-minnesdagen-for-forintelsen-glom-inte-bort-utrotningen-av-manniskor-med-intellektuella-funktionsnedsattningar\/","og_locale":"sv_SE","og_type":"article","og_title":"P\u00e5 internationella minnesdagen f\u00f6r f\u00f6rintelsen: gl\u00f6m inte bort utrotningen av m\u00e4nniskor med intellektuella funktionsneds\u00e4ttningar! - JAG Opinion","og_description":"Inf\u00f6r den internationella minnesdagen f\u00f6r f\u00f6rintelsen 27 januari beh\u00f6ver vi lyfta en grupp drabbade m\u00e4nniskor som s\u00e4llan synligg\u00f6rs vid minnesh\u00f6gtiderna. Det \u00e4r alla de m\u00e4nniskor med intellektuella funktionsneds\u00e4ttningar p\u00e5 olika institutioner som m\u00f6rdades med utg\u00e5ngspunkt i nazismens m\u00e4nniskosyn. T4\/Eutanasiprogrammet inleddes av Adolf Hitler den 1 september 1939. Under ben\u00e4mningen Aktion T4 m\u00f6rdades m\u00e4n, kvinnor och","og_url":"https:\/\/jag.se\/opinion\/pa-internationella-minnesdagen-for-forintelsen-glom-inte-bort-utrotningen-av-manniskor-med-intellektuella-funktionsnedsattningar\/","og_site_name":"JAG Opinion","article_published_time":"2023-01-26T15:31:57+00:00","article_modified_time":"2023-01-26T15:55:13+00:00","og_image":[{"width":500,"height":333,"url":"https:\/\/jag.se\/wp-content\/uploads\/sites\/3\/2023\/01\/KalleMelander-JN_NoK_utst_Almedalen-LITEN.jpg","type":"image\/jpeg"}],"author":"Kerstin Sellin","twitter_card":"summary_large_image","twitter_misc":{"Skriven av":"Kerstin Sellin","Ber\u00e4knad l\u00e4stid":"2 minuter"},"schema":{"@context":"https:\/\/schema.org","@graph":[{"@type":"WebPage","@id":"https:\/\/jag.se\/opinion\/pa-internationella-minnesdagen-for-forintelsen-glom-inte-bort-utrotningen-av-manniskor-med-intellektuella-funktionsnedsattningar\/","url":"https:\/\/jag.se\/opinion\/pa-internationella-minnesdagen-for-forintelsen-glom-inte-bort-utrotningen-av-manniskor-med-intellektuella-funktionsnedsattningar\/","name":"P\u00e5 internationella minnesdagen f\u00f6r f\u00f6rintelsen: gl\u00f6m inte bort utrotningen av m\u00e4nniskor med intellektuella funktionsneds\u00e4ttningar! - JAG Opinion","isPartOf":{"@id":"https:\/\/jag.se\/opinion\/#website"},"datePublished":"2023-01-26T15:31:57+00:00","dateModified":"2023-01-26T15:55:13+00:00","author":{"@id":"https:\/\/jag.se\/opinion\/#\/schema\/person\/5b968ceec568a6aae87bd2b04b5d995b"},"breadcrumb":{"@id":"https:\/\/jag.se\/opinion\/pa-internationella-minnesdagen-for-forintelsen-glom-inte-bort-utrotningen-av-manniskor-med-intellektuella-funktionsnedsattningar\/#breadcrumb"},"inLanguage":"sv-SE","potentialAction":[{"@type":"ReadAction","target":["https:\/\/jag.se\/opinion\/pa-internationella-minnesdagen-for-forintelsen-glom-inte-bort-utrotningen-av-manniskor-med-intellektuella-funktionsnedsattningar\/"]}]},{"@type":"BreadcrumbList","@id":"https:\/\/jag.se\/opinion\/pa-internationella-minnesdagen-for-forintelsen-glom-inte-bort-utrotningen-av-manniskor-med-intellektuella-funktionsnedsattningar\/#breadcrumb","itemListElement":[{"@type":"ListItem","position":1,"name":"JAG start","item":"https:\/\/jag.se"},{"@type":"ListItem","position":2,"name":"Riksf\u00f6reningen JAG","item":"https:\/\/jag.se\/opinion\/"},{"@type":"ListItem","position":3,"name":"P\u00e5 internationella minnesdagen f\u00f6r f\u00f6rintelsen: gl\u00f6m inte bort utrotningen av m\u00e4nniskor med intellektuella funktionsneds\u00e4ttningar!"}]},{"@type":"WebSite","@id":"https:\/\/jag.se\/opinion\/#website","url":"https:\/\/jag.se\/opinion\/","name":"JAG Opinion","description":"","potentialAction":[{"@type":"SearchAction","target":{"@type":"EntryPoint","urlTemplate":"https:\/\/jag.se\/opinion\/?s={search_term_string}"},"query-input":"required name=search_term_string"}],"inLanguage":"sv-SE"},{"@type":"Person","@id":"https:\/\/jag.se\/opinion\/#\/schema\/person\/5b968ceec568a6aae87bd2b04b5d995b","name":"Kerstin Sellin","image":{"@type":"ImageObject","inLanguage":"sv-SE","@id":"https:\/\/jag.se\/opinion\/#\/schema\/person\/image\/","url":"https:\/\/secure.gravatar.com\/avatar\/8186ebe5b7809ff59c7d59f361424f7bbdb039cd25b26fa93e861f6ee8e199b6?s=96&d=mm&r=g","contentUrl":"https:\/\/secure.gravatar.com\/avatar\/8186ebe5b7809ff59c7d59f361424f7bbdb039cd25b26fa93e861f6ee8e199b6?s=96&d=mm&r=g","caption":"Kerstin Sellin"}}]}},"_links":{"self":[{"href":"https:\/\/jag.se\/opinion\/wp-json\/wp\/v2\/posts\/21550","targetHints":{"allow":["GET"]}}],"collection":[{"href":"https:\/\/jag.se\/opinion\/wp-json\/wp\/v2\/posts"}],"about":[{"href":"https:\/\/jag.se\/opinion\/wp-json\/wp\/v2\/types\/post"}],"author":[{"embeddable":true,"href":"https:\/\/jag.se\/opinion\/wp-json\/wp\/v2\/users\/7"}],"replies":[{"embeddable":true,"href":"https:\/\/jag.se\/opinion\/wp-json\/wp\/v2\/comments?post=21550"}],"version-history":[{"count":7,"href":"https:\/\/jag.se\/opinion\/wp-json\/wp\/v2\/posts\/21550\/revisions"}],"predecessor-version":[{"id":21563,"href":"https:\/\/jag.se\/opinion\/wp-json\/wp\/v2\/posts\/21550\/revisions\/21563"}],"wp:featuredmedia":[{"embeddable":true,"href":"https:\/\/jag.se\/opinion\/wp-json\/wp\/v2\/media\/21551"}],"wp:attachment":[{"href":"https:\/\/jag.se\/opinion\/wp-json\/wp\/v2\/media?parent=21550"}],"wp:term":[{"taxonomy":"category","embeddable":true,"href":"https:\/\/jag.se\/opinion\/wp-json\/wp\/v2\/categories?post=21550"},{"taxonomy":"post_tag","embeddable":true,"href":"https:\/\/jag.se\/opinion\/wp-json\/wp\/v2\/tags?post=21550"}],"curies":[{"name":"wp","href":"https:\/\/api.w.org\/{rel}","templated":true}]}}