{"id":21601,"date":"2023-03-14T07:30:02","date_gmt":"2023-03-14T07:30:02","guid":{"rendered":"https:\/\/jag.se\/opinion\/?p=21601"},"modified":"2023-03-14T07:30:58","modified_gmt":"2023-03-14T07:30:58","slug":"viktigt-samtal-om-personlig-assistans-och-manskliga-rattigheter","status":"publish","type":"post","link":"https:\/\/jag.se\/opinion\/viktigt-samtal-om-personlig-assistans-och-manskliga-rattigheter\/","title":{"rendered":"Viktigt samtal med (S) om personlig assistans och m\u00e4nskliga r\u00e4ttigheter"},"content":{"rendered":"\n<p><strong>Riksf\u00f6reningen JAG har haft bes\u00f6k av Fredrik Lundh Sammeli (S), socialutskottets vice ordf\u00f6rande, och Oskar Tax\u00e9n, politisk sekreterare i socialutskottet. Magnus And\u00e9n, ordf\u00f6rande i Riksf\u00f6reningen JAG<\/strong>, med st\u00f6d av god man Cecilia Blanck och <strong>Anna S\u00f6derberg, ledamot i styrelsen<\/strong>, med god man \u00c5sa Emtelin tog emot bes\u00f6ket. \u00c4ven <strong>Linda Forzelius, f\u00f6retr\u00e4dare f\u00f6r Richard Kostenius, vice ordf\u00f6rande f\u00f6r Riksf\u00f6reningen JAG<\/strong>, deltog. <\/p>\n\n\n\n<p>Samtalet handlade framf\u00f6r allt om n\u00e5gra av JAGs viktigaste k\u00e4rnfr\u00e5gor.<\/p>\n\n\n\n<ul class=\"wp-block-list\">\n<li><strong>R\u00e4tt till en god man som jag kan kommunicera med<\/strong>.<\/li>\n\n\n\n<li><strong>R\u00e4tt att inte bli utsatt f\u00f6r IQ-diskriminering.<\/strong><\/li>\n\n\n\n<li><strong>R\u00e4tt till personlig assistans.<\/strong><\/li>\n\n\n\n<li><strong>R\u00e4tt till assistans i skola och daglig verksamhet.<\/strong><\/li>\n<\/ul>\n\n\n\n<p>Magnus, beskrev med st\u00f6d av Cecilia, hur viktigt det \u00e4r att sj\u00e4lv f\u00e5 v\u00e4lja en god man som en kan kommunicera med. Och att det tillsammans med personlig assistans \u00e4r v\u00e4gen till ett liv med sj\u00e4lvbest\u00e4mmande och delaktighet i samh\u00e4llet.<\/p>\n\n\n\n<p>Den akuta fr\u00e5gan om en rej\u00e4l h\u00f6jning av assistansers\u00e4ttningen togs ocks\u00e5 upp.<\/p>\n\n\n\n<p>\u2013 Uppr\u00e4kningen av assistansers\u00e4ttningen har halkat efter under snart ett decennium, det \u00e4r extremt sv\u00e5rt att rekrytera nya personliga assistenter och det saknas pengar till handledning och viktig fortbildning. Det g\u00e5r snart inte att f\u00e5 en s\u00e4ker och bra assistans, sa Cecilia Blanck.<\/p>\n\n\n\n<p>\u2013 F\u00f6r mig \u00e4r m\u00e5let ett samh\u00e4lle som b\u00e5de \u00e4r tryggt och tillg\u00e4ngligt oavsett vem du \u00e4r. H\u00e4r beh\u00f6ver politiken forts\u00e4tta att leverera och det \u00e4r med oro vi ser att ocks\u00e5 JAGs medlemmar drabbas kraftigt av den ekonomiska utvecklingen, sa Fredrik Lundh Sammeli.<\/p>\n\n\n\n<p>En viktig fr\u00e5ga f\u00f6r Anna \u00e4r r\u00e4tten till personlig assistans p\u00e5 daglig verksamhet.<\/p>\n\n\n\n<p>\u2013 Det \u00e4r djupt or\u00e4ttvist och IQ-diskriminering att vi med intellektuell funktionsneds\u00e4ttning nekas assistans p\u00e5 v\u00e5rt jobb medan personer med enbart fysisk funktionsneds\u00e4ttning f\u00e5r ha sin assistans p\u00e5 arbetet, uttryckte Anna, med st\u00f6d av god man.<\/p>\n\n\n\n<p>\u2013 Som ny talesperson f\u00f6r Socialdemokraterna i socialpolitiska fr\u00e5gor \u00e4r jag glad att f\u00e5 komma p\u00e5 bes\u00f6k och f\u00e5 m\u00f6jligheten att l\u00e4ra mig mer om fr\u00e5gorna och diskutera vad som \u00e4r viktigt f\u00f6r JAGs medlemmar, sa Fredrik Lundh Sammeli.<\/p>\n\n\n\n<p><a href=\"https:\/\/jag.se\/opinion\/karnfragor\/\">H\u00e4r kan du l\u00e4sa mer om JAGs k\u00e4rnfr\u00e5gor.<\/a><\/p>\n","protected":false},"excerpt":{"rendered":"<p>Riksf\u00f6reningen JAG har haft bes\u00f6k av Fredrik Lundh Sammeli (S), socialutskottets vice ordf\u00f6rande, och Oskar Tax\u00e9n, politisk sekreterare i socialutskottet. Magnus And\u00e9n, ordf\u00f6rande i Riksf\u00f6reningen JAG, med st\u00f6d av god man Cecilia Blanck och Anna S\u00f6derberg, ledamot i styrelsen, med god man \u00c5sa Emtelin tog emot bes\u00f6ket. \u00c4ven Linda Forzelius, f\u00f6retr\u00e4dare f\u00f6r Richard Kostenius, vice<\/p>\n","protected":false},"author":9,"featured_media":21603,"comment_status":"open","ping_status":"open","sticky":false,"template":"","format":"standard","meta":{"footnotes":""},"categories":[1],"tags":[],"class_list":["post-21601","post","type-post","status-publish","format-standard","has-post-thumbnail","hentry","category-uncategorized"],"acf":[],"yoast_head":"<!-- This site is optimized with the Yoast SEO plugin v21.3 - https:\/\/yoast.com\/wordpress\/plugins\/seo\/ -->\n<title>Viktigt samtal med (S) om personlig assistans och m\u00e4nskliga r\u00e4ttigheter - JAG Opinion<\/title>\n<meta name=\"robots\" content=\"index, follow, max-snippet:-1, max-image-preview:large, max-video-preview:-1\" \/>\n<link rel=\"canonical\" href=\"https:\/\/jag.se\/opinion\/viktigt-samtal-om-personlig-assistans-och-manskliga-rattigheter\/\" \/>\n<meta property=\"og:locale\" content=\"sv_SE\" \/>\n<meta property=\"og:type\" content=\"article\" \/>\n<meta property=\"og:title\" content=\"Viktigt samtal med (S) om personlig assistans och m\u00e4nskliga r\u00e4ttigheter - JAG Opinion\" \/>\n<meta property=\"og:description\" content=\"Riksf\u00f6reningen JAG har haft bes\u00f6k av Fredrik Lundh Sammeli (S), socialutskottets vice ordf\u00f6rande, och Oskar Tax\u00e9n, politisk sekreterare i socialutskottet. Magnus And\u00e9n, ordf\u00f6rande i Riksf\u00f6reningen JAG, med st\u00f6d av god man Cecilia Blanck och Anna S\u00f6derberg, ledamot i styrelsen, med god man \u00c5sa Emtelin tog emot bes\u00f6ket. \u00c4ven Linda Forzelius, f\u00f6retr\u00e4dare f\u00f6r Richard Kostenius, vice\" \/>\n<meta property=\"og:url\" content=\"https:\/\/jag.se\/opinion\/viktigt-samtal-om-personlig-assistans-och-manskliga-rattigheter\/\" \/>\n<meta property=\"og:site_name\" content=\"JAG Opinion\" \/>\n<meta property=\"article:published_time\" content=\"2023-03-14T07:30:02+00:00\" \/>\n<meta property=\"article:modified_time\" content=\"2023-03-14T07:30:58+00:00\" \/>\n<meta property=\"og:image\" content=\"https:\/\/jag.se\/wp-content\/uploads\/sites\/3\/2023\/03\/politikertraff_Soc_230309-scaled.jpg\" \/>\n\t<meta property=\"og:image:width\" content=\"2560\" \/>\n\t<meta property=\"og:image:height\" content=\"1920\" \/>\n\t<meta property=\"og:image:type\" content=\"image\/jpeg\" \/>\n<meta name=\"author\" content=\"Asa Emtelin\" \/>\n<meta name=\"twitter:card\" content=\"summary_large_image\" \/>\n<meta name=\"twitter:label1\" content=\"Skriven av\" \/>\n\t<meta name=\"twitter:data1\" content=\"Asa Emtelin\" \/>\n\t<meta name=\"twitter:label2\" content=\"Ber\u00e4knad l\u00e4stid\" \/>\n\t<meta name=\"twitter:data2\" content=\"2 minuter\" \/>\n<script type=\"application\/ld+json\" class=\"yoast-schema-graph\">{\"@context\":\"https:\/\/schema.org\",\"@graph\":[{\"@type\":\"WebPage\",\"@id\":\"https:\/\/jag.se\/opinion\/viktigt-samtal-om-personlig-assistans-och-manskliga-rattigheter\/\",\"url\":\"https:\/\/jag.se\/opinion\/viktigt-samtal-om-personlig-assistans-och-manskliga-rattigheter\/\",\"name\":\"Viktigt samtal med (S) om personlig assistans och m\u00e4nskliga r\u00e4ttigheter - JAG Opinion\",\"isPartOf\":{\"@id\":\"https:\/\/jag.se\/opinion\/#website\"},\"datePublished\":\"2023-03-14T07:30:02+00:00\",\"dateModified\":\"2023-03-14T07:30:58+00:00\",\"author\":{\"@id\":\"https:\/\/jag.se\/opinion\/#\/schema\/person\/d688dc9ac36c8b0359e70c3810dab6fd\"},\"breadcrumb\":{\"@id\":\"https:\/\/jag.se\/opinion\/viktigt-samtal-om-personlig-assistans-och-manskliga-rattigheter\/#breadcrumb\"},\"inLanguage\":\"sv-SE\",\"potentialAction\":[{\"@type\":\"ReadAction\",\"target\":[\"https:\/\/jag.se\/opinion\/viktigt-samtal-om-personlig-assistans-och-manskliga-rattigheter\/\"]}]},{\"@type\":\"BreadcrumbList\",\"@id\":\"https:\/\/jag.se\/opinion\/viktigt-samtal-om-personlig-assistans-och-manskliga-rattigheter\/#breadcrumb\",\"itemListElement\":[{\"@type\":\"ListItem\",\"position\":1,\"name\":\"JAG start\",\"item\":\"https:\/\/jag.se\"},{\"@type\":\"ListItem\",\"position\":2,\"name\":\"Riksf\u00f6reningen JAG\",\"item\":\"https:\/\/jag.se\/opinion\/\"},{\"@type\":\"ListItem\",\"position\":3,\"name\":\"Viktigt samtal med (S) om personlig assistans och m\u00e4nskliga r\u00e4ttigheter\"}]},{\"@type\":\"WebSite\",\"@id\":\"https:\/\/jag.se\/opinion\/#website\",\"url\":\"https:\/\/jag.se\/opinion\/\",\"name\":\"JAG Opinion\",\"description\":\"\",\"potentialAction\":[{\"@type\":\"SearchAction\",\"target\":{\"@type\":\"EntryPoint\",\"urlTemplate\":\"https:\/\/jag.se\/opinion\/?s={search_term_string}\"},\"query-input\":\"required name=search_term_string\"}],\"inLanguage\":\"sv-SE\"},{\"@type\":\"Person\",\"@id\":\"https:\/\/jag.se\/opinion\/#\/schema\/person\/d688dc9ac36c8b0359e70c3810dab6fd\",\"name\":\"Asa Emtelin\",\"image\":{\"@type\":\"ImageObject\",\"inLanguage\":\"sv-SE\",\"@id\":\"https:\/\/jag.se\/opinion\/#\/schema\/person\/image\/\",\"url\":\"https:\/\/secure.gravatar.com\/avatar\/73fad270be25e2762b83219f26f69b57ac5c8122d333e45e7cdce054f17f3ce3?s=96&d=mm&r=g\",\"contentUrl\":\"https:\/\/secure.gravatar.com\/avatar\/73fad270be25e2762b83219f26f69b57ac5c8122d333e45e7cdce054f17f3ce3?s=96&d=mm&r=g\",\"caption\":\"Asa Emtelin\"}}]}<\/script>\n<!-- \/ Yoast SEO plugin. -->","yoast_head_json":{"title":"Viktigt samtal med (S) om personlig assistans och m\u00e4nskliga r\u00e4ttigheter - JAG Opinion","robots":{"index":"index","follow":"follow","max-snippet":"max-snippet:-1","max-image-preview":"max-image-preview:large","max-video-preview":"max-video-preview:-1"},"canonical":"https:\/\/jag.se\/opinion\/viktigt-samtal-om-personlig-assistans-och-manskliga-rattigheter\/","og_locale":"sv_SE","og_type":"article","og_title":"Viktigt samtal med (S) om personlig assistans och m\u00e4nskliga r\u00e4ttigheter - JAG Opinion","og_description":"Riksf\u00f6reningen JAG har haft bes\u00f6k av Fredrik Lundh Sammeli (S), socialutskottets vice ordf\u00f6rande, och Oskar Tax\u00e9n, politisk sekreterare i socialutskottet. Magnus And\u00e9n, ordf\u00f6rande i Riksf\u00f6reningen JAG, med st\u00f6d av god man Cecilia Blanck och Anna S\u00f6derberg, ledamot i styrelsen, med god man \u00c5sa Emtelin tog emot bes\u00f6ket. \u00c4ven Linda Forzelius, f\u00f6retr\u00e4dare f\u00f6r Richard Kostenius, vice","og_url":"https:\/\/jag.se\/opinion\/viktigt-samtal-om-personlig-assistans-och-manskliga-rattigheter\/","og_site_name":"JAG Opinion","article_published_time":"2023-03-14T07:30:02+00:00","article_modified_time":"2023-03-14T07:30:58+00:00","og_image":[{"width":2560,"height":1920,"url":"https:\/\/jag.se\/wp-content\/uploads\/sites\/3\/2023\/03\/politikertraff_Soc_230309-scaled.jpg","type":"image\/jpeg"}],"author":"Asa Emtelin","twitter_card":"summary_large_image","twitter_misc":{"Skriven av":"Asa Emtelin","Ber\u00e4knad l\u00e4stid":"2 minuter"},"schema":{"@context":"https:\/\/schema.org","@graph":[{"@type":"WebPage","@id":"https:\/\/jag.se\/opinion\/viktigt-samtal-om-personlig-assistans-och-manskliga-rattigheter\/","url":"https:\/\/jag.se\/opinion\/viktigt-samtal-om-personlig-assistans-och-manskliga-rattigheter\/","name":"Viktigt samtal med (S) om personlig assistans och m\u00e4nskliga r\u00e4ttigheter - JAG Opinion","isPartOf":{"@id":"https:\/\/jag.se\/opinion\/#website"},"datePublished":"2023-03-14T07:30:02+00:00","dateModified":"2023-03-14T07:30:58+00:00","author":{"@id":"https:\/\/jag.se\/opinion\/#\/schema\/person\/d688dc9ac36c8b0359e70c3810dab6fd"},"breadcrumb":{"@id":"https:\/\/jag.se\/opinion\/viktigt-samtal-om-personlig-assistans-och-manskliga-rattigheter\/#breadcrumb"},"inLanguage":"sv-SE","potentialAction":[{"@type":"ReadAction","target":["https:\/\/jag.se\/opinion\/viktigt-samtal-om-personlig-assistans-och-manskliga-rattigheter\/"]}]},{"@type":"BreadcrumbList","@id":"https:\/\/jag.se\/opinion\/viktigt-samtal-om-personlig-assistans-och-manskliga-rattigheter\/#breadcrumb","itemListElement":[{"@type":"ListItem","position":1,"name":"JAG start","item":"https:\/\/jag.se"},{"@type":"ListItem","position":2,"name":"Riksf\u00f6reningen JAG","item":"https:\/\/jag.se\/opinion\/"},{"@type":"ListItem","position":3,"name":"Viktigt samtal med (S) om personlig assistans och m\u00e4nskliga r\u00e4ttigheter"}]},{"@type":"WebSite","@id":"https:\/\/jag.se\/opinion\/#website","url":"https:\/\/jag.se\/opinion\/","name":"JAG Opinion","description":"","potentialAction":[{"@type":"SearchAction","target":{"@type":"EntryPoint","urlTemplate":"https:\/\/jag.se\/opinion\/?s={search_term_string}"},"query-input":"required name=search_term_string"}],"inLanguage":"sv-SE"},{"@type":"Person","@id":"https:\/\/jag.se\/opinion\/#\/schema\/person\/d688dc9ac36c8b0359e70c3810dab6fd","name":"Asa Emtelin","image":{"@type":"ImageObject","inLanguage":"sv-SE","@id":"https:\/\/jag.se\/opinion\/#\/schema\/person\/image\/","url":"https:\/\/secure.gravatar.com\/avatar\/73fad270be25e2762b83219f26f69b57ac5c8122d333e45e7cdce054f17f3ce3?s=96&d=mm&r=g","contentUrl":"https:\/\/secure.gravatar.com\/avatar\/73fad270be25e2762b83219f26f69b57ac5c8122d333e45e7cdce054f17f3ce3?s=96&d=mm&r=g","caption":"Asa Emtelin"}}]}},"_links":{"self":[{"href":"https:\/\/jag.se\/opinion\/wp-json\/wp\/v2\/posts\/21601","targetHints":{"allow":["GET"]}}],"collection":[{"href":"https:\/\/jag.se\/opinion\/wp-json\/wp\/v2\/posts"}],"about":[{"href":"https:\/\/jag.se\/opinion\/wp-json\/wp\/v2\/types\/post"}],"author":[{"embeddable":true,"href":"https:\/\/jag.se\/opinion\/wp-json\/wp\/v2\/users\/9"}],"replies":[{"embeddable":true,"href":"https:\/\/jag.se\/opinion\/wp-json\/wp\/v2\/comments?post=21601"}],"version-history":[{"count":4,"href":"https:\/\/jag.se\/opinion\/wp-json\/wp\/v2\/posts\/21601\/revisions"}],"predecessor-version":[{"id":21607,"href":"https:\/\/jag.se\/opinion\/wp-json\/wp\/v2\/posts\/21601\/revisions\/21607"}],"wp:featuredmedia":[{"embeddable":true,"href":"https:\/\/jag.se\/opinion\/wp-json\/wp\/v2\/media\/21603"}],"wp:attachment":[{"href":"https:\/\/jag.se\/opinion\/wp-json\/wp\/v2\/media?parent=21601"}],"wp:term":[{"taxonomy":"category","embeddable":true,"href":"https:\/\/jag.se\/opinion\/wp-json\/wp\/v2\/categories?post=21601"},{"taxonomy":"post_tag","embeddable":true,"href":"https:\/\/jag.se\/opinion\/wp-json\/wp\/v2\/tags?post=21601"}],"curies":[{"name":"wp","href":"https:\/\/api.w.org\/{rel}","templated":true}]}}