{"id":21618,"date":"2023-03-15T13:08:54","date_gmt":"2023-03-15T13:08:54","guid":{"rendered":"https:\/\/jag.se\/opinion\/?p=21618"},"modified":"2023-03-15T13:09:01","modified_gmt":"2023-03-15T13:09:01","slug":"riksforeningen-jag-traffar-forsakringskassans-generaldirektor","status":"publish","type":"post","link":"https:\/\/jag.se\/opinion\/riksforeningen-jag-traffar-forsakringskassans-generaldirektor\/","title":{"rendered":"Riksf\u00f6reningen JAG tr\u00e4ffar F\u00f6rs\u00e4kringskassans generaldirekt\u00f6r"},"content":{"rendered":"\n<p>F\u00f6rs\u00e4kringskassans generaldirekt\u00f6r, Nils \u00d6berg, bes\u00f6kte Riksf\u00f6reningen JAG. Riksf\u00f6reningens styrelsemedlemmar tog emot p\u00e5 JAGs kansli i Stockholm. Ledam\u00f6terna ber\u00e4ttade var och en, med st\u00f6d av sina f\u00f6retr\u00e4dare, om sina liv, om betydelsen av personlig assistans, varf\u00f6r Riksf\u00f6reningen JAG finns och varf\u00f6r JAGs k\u00e4rnfr\u00e5gor \u00e4r s\u00e5 viktiga. <\/p>\n\n\n\n<p>Nils \u00d6berg visade stort intresse f\u00f6r JAG-medlemmarnas ber\u00e4ttelser och uttryckte f\u00f6rst\u00e5else f\u00f6r den oro som m\u00e5nga JAG-medlemmar upplever kopplat till skyldigheten att anm\u00e4la f\u00f6r\u00e4ndrade f\u00f6rh\u00e5llanden. Han uttalade \u00e4ven en \u00f6nskan om att uppr\u00e4tth\u00e5lla en god dialog i framtiden vilket Riksf\u00f6reningen JAG ocks\u00e5 ser fram emot.<\/p>\n\n\n\n<p>N\u00e4rvarande ledam\u00f6ter f\u00f6r Riksf\u00f6reningen JAG var Magnus And\u00e9n, ordf\u00f6rande, Tim Sundberg, 2:e vice ordf\u00f6rande, Kristina Edvall, ledamot, Kenny Brandt, ledamot, Linus Ullbrand, ledamot, Anna S\u00f6derberg, ledamot, Josefine Abrahamsson, suppleant. \u00c4ven Linda Forzelius f\u00f6retr\u00e4dare f\u00f6r Richard Kostenius, 1:e vice ordf\u00f6rande, Magnus Lorentz, f\u00f6retr\u00e4dare f\u00f6r Maja Lorentz och Hanna Nordeman, f\u00f6retr\u00e4dare f\u00f6r Isabelle Nordeman medverkade.<\/p>\n\n\n\n<p><a href=\"https:\/\/jag.se\/opinion\/karnfragor\/\">H\u00e4r kan du l\u00e4sa mer om Riksf\u00f6reningen JAGs k\u00e4rnfr\u00e5gor<\/a><\/p>\n\n\n\n<p><\/p>\n\n\n\n<p><\/p>\n","protected":false},"excerpt":{"rendered":"<p>F\u00f6rs\u00e4kringskassans generaldirekt\u00f6r, Nils \u00d6berg, bes\u00f6kte Riksf\u00f6reningen JAG. Riksf\u00f6reningens styrelsemedlemmar tog emot p\u00e5 JAGs kansli i Stockholm. Ledam\u00f6terna ber\u00e4ttade var och en, med st\u00f6d av sina f\u00f6retr\u00e4dare, om sina liv, om betydelsen av personlig assistans, varf\u00f6r Riksf\u00f6reningen JAG finns och varf\u00f6r JAGs k\u00e4rnfr\u00e5gor \u00e4r s\u00e5 viktiga. Nils \u00d6berg visade stort intresse f\u00f6r JAG-medlemmarnas ber\u00e4ttelser och uttryckte<\/p>\n","protected":false},"author":9,"featured_media":21619,"comment_status":"open","ping_status":"open","sticky":false,"template":"","format":"standard","meta":{"footnotes":""},"categories":[1],"tags":[36,35,38,34],"class_list":["post-21618","post","type-post","status-publish","format-standard","has-post-thumbnail","hentry","category-uncategorized","tag-forsakringskassan","tag-independent-living","tag-manskliga-rattigheter","tag-personlig-assistans"],"acf":[],"yoast_head":"<!-- This site is optimized with the Yoast SEO plugin v21.3 - https:\/\/yoast.com\/wordpress\/plugins\/seo\/ -->\n<title>Riksf\u00f6reningen JAG tr\u00e4ffar F\u00f6rs\u00e4kringskassans generaldirekt\u00f6r - JAG Opinion<\/title>\n<meta name=\"robots\" content=\"index, follow, max-snippet:-1, max-image-preview:large, max-video-preview:-1\" \/>\n<link rel=\"canonical\" href=\"https:\/\/jag.se\/opinion\/riksforeningen-jag-traffar-forsakringskassans-generaldirektor\/\" \/>\n<meta property=\"og:locale\" content=\"sv_SE\" \/>\n<meta property=\"og:type\" content=\"article\" \/>\n<meta property=\"og:title\" content=\"Riksf\u00f6reningen JAG tr\u00e4ffar F\u00f6rs\u00e4kringskassans generaldirekt\u00f6r - JAG Opinion\" \/>\n<meta property=\"og:description\" content=\"F\u00f6rs\u00e4kringskassans generaldirekt\u00f6r, Nils \u00d6berg, bes\u00f6kte Riksf\u00f6reningen JAG. Riksf\u00f6reningens styrelsemedlemmar tog emot p\u00e5 JAGs kansli i Stockholm. Ledam\u00f6terna ber\u00e4ttade var och en, med st\u00f6d av sina f\u00f6retr\u00e4dare, om sina liv, om betydelsen av personlig assistans, varf\u00f6r Riksf\u00f6reningen JAG finns och varf\u00f6r JAGs k\u00e4rnfr\u00e5gor \u00e4r s\u00e5 viktiga. Nils \u00d6berg visade stort intresse f\u00f6r JAG-medlemmarnas ber\u00e4ttelser och uttryckte\" \/>\n<meta property=\"og:url\" content=\"https:\/\/jag.se\/opinion\/riksforeningen-jag-traffar-forsakringskassans-generaldirektor\/\" \/>\n<meta property=\"og:site_name\" content=\"JAG Opinion\" \/>\n<meta property=\"article:published_time\" content=\"2023-03-15T13:08:54+00:00\" \/>\n<meta property=\"article:modified_time\" content=\"2023-03-15T13:09:01+00:00\" \/>\n<meta property=\"og:image\" content=\"https:\/\/jag.se\/opinion\/wp-content\/uploads\/sites\/3\/2023\/03\/FK-230314-styrelsen_SoMe-scaled.jpg\" \/>\n\t<meta property=\"og:image:width\" content=\"2560\" \/>\n\t<meta property=\"og:image:height\" content=\"1607\" \/>\n\t<meta property=\"og:image:type\" content=\"image\/jpeg\" \/>\n<meta name=\"author\" content=\"Asa Emtelin\" \/>\n<meta name=\"twitter:card\" content=\"summary_large_image\" \/>\n<meta name=\"twitter:label1\" content=\"Skriven av\" \/>\n\t<meta name=\"twitter:data1\" content=\"Asa Emtelin\" \/>\n\t<meta name=\"twitter:label2\" content=\"Ber\u00e4knad l\u00e4stid\" \/>\n\t<meta name=\"twitter:data2\" content=\"1 minut\" \/>\n<script type=\"application\/ld+json\" class=\"yoast-schema-graph\">{\"@context\":\"https:\/\/schema.org\",\"@graph\":[{\"@type\":\"WebPage\",\"@id\":\"https:\/\/jag.se\/opinion\/riksforeningen-jag-traffar-forsakringskassans-generaldirektor\/\",\"url\":\"https:\/\/jag.se\/opinion\/riksforeningen-jag-traffar-forsakringskassans-generaldirektor\/\",\"name\":\"Riksf\u00f6reningen JAG tr\u00e4ffar F\u00f6rs\u00e4kringskassans generaldirekt\u00f6r - JAG Opinion\",\"isPartOf\":{\"@id\":\"https:\/\/jag.se\/opinion\/#website\"},\"datePublished\":\"2023-03-15T13:08:54+00:00\",\"dateModified\":\"2023-03-15T13:09:01+00:00\",\"author\":{\"@id\":\"https:\/\/jag.se\/opinion\/#\/schema\/person\/d688dc9ac36c8b0359e70c3810dab6fd\"},\"breadcrumb\":{\"@id\":\"https:\/\/jag.se\/opinion\/riksforeningen-jag-traffar-forsakringskassans-generaldirektor\/#breadcrumb\"},\"inLanguage\":\"sv-SE\",\"potentialAction\":[{\"@type\":\"ReadAction\",\"target\":[\"https:\/\/jag.se\/opinion\/riksforeningen-jag-traffar-forsakringskassans-generaldirektor\/\"]}]},{\"@type\":\"BreadcrumbList\",\"@id\":\"https:\/\/jag.se\/opinion\/riksforeningen-jag-traffar-forsakringskassans-generaldirektor\/#breadcrumb\",\"itemListElement\":[{\"@type\":\"ListItem\",\"position\":1,\"name\":\"JAG start\",\"item\":\"https:\/\/jag.se\"},{\"@type\":\"ListItem\",\"position\":2,\"name\":\"Riksf\u00f6reningen JAG\",\"item\":\"https:\/\/jag.se\/opinion\/\"},{\"@type\":\"ListItem\",\"position\":3,\"name\":\"Riksf\u00f6reningen JAG tr\u00e4ffar F\u00f6rs\u00e4kringskassans generaldirekt\u00f6r\"}]},{\"@type\":\"WebSite\",\"@id\":\"https:\/\/jag.se\/opinion\/#website\",\"url\":\"https:\/\/jag.se\/opinion\/\",\"name\":\"JAG Opinion\",\"description\":\"\",\"potentialAction\":[{\"@type\":\"SearchAction\",\"target\":{\"@type\":\"EntryPoint\",\"urlTemplate\":\"https:\/\/jag.se\/opinion\/?s={search_term_string}\"},\"query-input\":\"required name=search_term_string\"}],\"inLanguage\":\"sv-SE\"},{\"@type\":\"Person\",\"@id\":\"https:\/\/jag.se\/opinion\/#\/schema\/person\/d688dc9ac36c8b0359e70c3810dab6fd\",\"name\":\"Asa Emtelin\",\"image\":{\"@type\":\"ImageObject\",\"inLanguage\":\"sv-SE\",\"@id\":\"https:\/\/jag.se\/opinion\/#\/schema\/person\/image\/\",\"url\":\"https:\/\/secure.gravatar.com\/avatar\/73fad270be25e2762b83219f26f69b57ac5c8122d333e45e7cdce054f17f3ce3?s=96&d=mm&r=g\",\"contentUrl\":\"https:\/\/secure.gravatar.com\/avatar\/73fad270be25e2762b83219f26f69b57ac5c8122d333e45e7cdce054f17f3ce3?s=96&d=mm&r=g\",\"caption\":\"Asa Emtelin\"}}]}<\/script>\n<!-- \/ Yoast SEO plugin. -->","yoast_head_json":{"title":"Riksf\u00f6reningen JAG tr\u00e4ffar F\u00f6rs\u00e4kringskassans generaldirekt\u00f6r - JAG Opinion","robots":{"index":"index","follow":"follow","max-snippet":"max-snippet:-1","max-image-preview":"max-image-preview:large","max-video-preview":"max-video-preview:-1"},"canonical":"https:\/\/jag.se\/opinion\/riksforeningen-jag-traffar-forsakringskassans-generaldirektor\/","og_locale":"sv_SE","og_type":"article","og_title":"Riksf\u00f6reningen JAG tr\u00e4ffar F\u00f6rs\u00e4kringskassans generaldirekt\u00f6r - JAG Opinion","og_description":"F\u00f6rs\u00e4kringskassans generaldirekt\u00f6r, Nils \u00d6berg, bes\u00f6kte Riksf\u00f6reningen JAG. Riksf\u00f6reningens styrelsemedlemmar tog emot p\u00e5 JAGs kansli i Stockholm. Ledam\u00f6terna ber\u00e4ttade var och en, med st\u00f6d av sina f\u00f6retr\u00e4dare, om sina liv, om betydelsen av personlig assistans, varf\u00f6r Riksf\u00f6reningen JAG finns och varf\u00f6r JAGs k\u00e4rnfr\u00e5gor \u00e4r s\u00e5 viktiga. Nils \u00d6berg visade stort intresse f\u00f6r JAG-medlemmarnas ber\u00e4ttelser och uttryckte","og_url":"https:\/\/jag.se\/opinion\/riksforeningen-jag-traffar-forsakringskassans-generaldirektor\/","og_site_name":"JAG Opinion","article_published_time":"2023-03-15T13:08:54+00:00","article_modified_time":"2023-03-15T13:09:01+00:00","og_image":[{"width":2560,"height":1607,"url":"https:\/\/jag.se\/opinion\/wp-content\/uploads\/sites\/3\/2023\/03\/FK-230314-styrelsen_SoMe-scaled.jpg","type":"image\/jpeg"}],"author":"Asa Emtelin","twitter_card":"summary_large_image","twitter_misc":{"Skriven av":"Asa Emtelin","Ber\u00e4knad l\u00e4stid":"1 minut"},"schema":{"@context":"https:\/\/schema.org","@graph":[{"@type":"WebPage","@id":"https:\/\/jag.se\/opinion\/riksforeningen-jag-traffar-forsakringskassans-generaldirektor\/","url":"https:\/\/jag.se\/opinion\/riksforeningen-jag-traffar-forsakringskassans-generaldirektor\/","name":"Riksf\u00f6reningen JAG tr\u00e4ffar F\u00f6rs\u00e4kringskassans generaldirekt\u00f6r - JAG Opinion","isPartOf":{"@id":"https:\/\/jag.se\/opinion\/#website"},"datePublished":"2023-03-15T13:08:54+00:00","dateModified":"2023-03-15T13:09:01+00:00","author":{"@id":"https:\/\/jag.se\/opinion\/#\/schema\/person\/d688dc9ac36c8b0359e70c3810dab6fd"},"breadcrumb":{"@id":"https:\/\/jag.se\/opinion\/riksforeningen-jag-traffar-forsakringskassans-generaldirektor\/#breadcrumb"},"inLanguage":"sv-SE","potentialAction":[{"@type":"ReadAction","target":["https:\/\/jag.se\/opinion\/riksforeningen-jag-traffar-forsakringskassans-generaldirektor\/"]}]},{"@type":"BreadcrumbList","@id":"https:\/\/jag.se\/opinion\/riksforeningen-jag-traffar-forsakringskassans-generaldirektor\/#breadcrumb","itemListElement":[{"@type":"ListItem","position":1,"name":"JAG start","item":"https:\/\/jag.se"},{"@type":"ListItem","position":2,"name":"Riksf\u00f6reningen JAG","item":"https:\/\/jag.se\/opinion\/"},{"@type":"ListItem","position":3,"name":"Riksf\u00f6reningen JAG tr\u00e4ffar F\u00f6rs\u00e4kringskassans generaldirekt\u00f6r"}]},{"@type":"WebSite","@id":"https:\/\/jag.se\/opinion\/#website","url":"https:\/\/jag.se\/opinion\/","name":"JAG Opinion","description":"","potentialAction":[{"@type":"SearchAction","target":{"@type":"EntryPoint","urlTemplate":"https:\/\/jag.se\/opinion\/?s={search_term_string}"},"query-input":"required name=search_term_string"}],"inLanguage":"sv-SE"},{"@type":"Person","@id":"https:\/\/jag.se\/opinion\/#\/schema\/person\/d688dc9ac36c8b0359e70c3810dab6fd","name":"Asa Emtelin","image":{"@type":"ImageObject","inLanguage":"sv-SE","@id":"https:\/\/jag.se\/opinion\/#\/schema\/person\/image\/","url":"https:\/\/secure.gravatar.com\/avatar\/73fad270be25e2762b83219f26f69b57ac5c8122d333e45e7cdce054f17f3ce3?s=96&d=mm&r=g","contentUrl":"https:\/\/secure.gravatar.com\/avatar\/73fad270be25e2762b83219f26f69b57ac5c8122d333e45e7cdce054f17f3ce3?s=96&d=mm&r=g","caption":"Asa Emtelin"}}]}},"_links":{"self":[{"href":"https:\/\/jag.se\/opinion\/wp-json\/wp\/v2\/posts\/21618","targetHints":{"allow":["GET"]}}],"collection":[{"href":"https:\/\/jag.se\/opinion\/wp-json\/wp\/v2\/posts"}],"about":[{"href":"https:\/\/jag.se\/opinion\/wp-json\/wp\/v2\/types\/post"}],"author":[{"embeddable":true,"href":"https:\/\/jag.se\/opinion\/wp-json\/wp\/v2\/users\/9"}],"replies":[{"embeddable":true,"href":"https:\/\/jag.se\/opinion\/wp-json\/wp\/v2\/comments?post=21618"}],"version-history":[{"count":3,"href":"https:\/\/jag.se\/opinion\/wp-json\/wp\/v2\/posts\/21618\/revisions"}],"predecessor-version":[{"id":21622,"href":"https:\/\/jag.se\/opinion\/wp-json\/wp\/v2\/posts\/21618\/revisions\/21622"}],"wp:featuredmedia":[{"embeddable":true,"href":"https:\/\/jag.se\/opinion\/wp-json\/wp\/v2\/media\/21619"}],"wp:attachment":[{"href":"https:\/\/jag.se\/opinion\/wp-json\/wp\/v2\/media?parent=21618"}],"wp:term":[{"taxonomy":"category","embeddable":true,"href":"https:\/\/jag.se\/opinion\/wp-json\/wp\/v2\/categories?post=21618"},{"taxonomy":"post_tag","embeddable":true,"href":"https:\/\/jag.se\/opinion\/wp-json\/wp\/v2\/tags?post=21618"}],"curies":[{"name":"wp","href":"https:\/\/api.w.org\/{rel}","templated":true}]}}