{"id":21646,"date":"2023-03-31T11:03:19","date_gmt":"2023-03-31T11:03:19","guid":{"rendered":"https:\/\/jag.se\/opinion\/?p=21646"},"modified":"2023-03-31T11:22:49","modified_gmt":"2023-03-31T11:22:49","slug":"idag-slapps-laten-jag-ar-som-du","status":"publish","type":"post","link":"https:\/\/jag.se\/opinion\/idag-slapps-laten-jag-ar-som-du\/","title":{"rendered":"<strong>Idag sl\u00e4pps l\u00e5ten Jag \u00e4r som du!<\/strong>"},"content":{"rendered":"\n<p>L\u00e5ten <em>Jag \u00e4r som du<\/em> sl\u00e4pps idag p\u00e5 Spotify och Youtube. Den har spelats in till f\u00f6rm\u00e5n f\u00f6r Riksf\u00f6reningen JAG och v\u00e5rt arbete mot IQ-diskriminering, det vill s\u00e4ga att m\u00e4nniskor med intellektuell funktionsneds\u00e4ttning behandlas d\u00e5ligt p\u00e5 grund av sin funktionsneds\u00e4ttning.&nbsp;&nbsp;<\/p>\n\n\n\n<p>Klicka p\u00e5 bilden f\u00f6r att se musikvideon.<\/p>\n\n\n\n<figure class=\"wp-block-image size-large\"><a href=\"https:\/\/www.youtube.com\/watch?v=5Iqe458h_RY\"><img loading=\"lazy\" decoding=\"async\" width=\"1024\" height=\"520\" src=\"https:\/\/jag.se\/opinion\/wp-content\/uploads\/sites\/3\/2023\/03\/musikvideon-1024x520.webp\" alt=\"\" class=\"wp-image-21651\" srcset=\"https:\/\/jag.se\/opinion\/wp-content\/uploads\/sites\/3\/2023\/03\/musikvideon-1024x520.webp 1024w, https:\/\/jag.se\/opinion\/wp-content\/uploads\/sites\/3\/2023\/03\/musikvideon-300x152.webp 300w, https:\/\/jag.se\/opinion\/wp-content\/uploads\/sites\/3\/2023\/03\/musikvideon-768x390.webp 768w, https:\/\/jag.se\/opinion\/wp-content\/uploads\/sites\/3\/2023\/03\/musikvideon-1536x781.webp 1536w, https:\/\/jag.se\/opinion\/wp-content\/uploads\/sites\/3\/2023\/03\/musikvideon-2048x1041.webp 2048w, https:\/\/jag.se\/opinion\/wp-content\/uploads\/sites\/3\/2023\/03\/musikvideon-1920x976.webp 1920w, https:\/\/jag.se\/opinion\/wp-content\/uploads\/sites\/3\/2023\/03\/musikvideon-197x100.webp 197w, https:\/\/jag.se\/opinion\/wp-content\/uploads\/sites\/3\/2023\/03\/musikvideon-120x61.webp 120w, https:\/\/jag.se\/opinion\/wp-content\/uploads\/sites\/3\/2023\/03\/musikvideon-540x274.webp 540w, https:\/\/jag.se\/opinion\/wp-content\/uploads\/sites\/3\/2023\/03\/musikvideon-601x305.webp 601w, https:\/\/jag.se\/opinion\/wp-content\/uploads\/sites\/3\/2023\/03\/musikvideon-150x76.webp 150w, https:\/\/jag.se\/opinion\/wp-content\/uploads\/sites\/3\/2023\/03\/musikvideon-311x158.webp 311w, https:\/\/jag.se\/opinion\/wp-content\/uploads\/sites\/3\/2023\/03\/musikvideon-369x188.webp 369w, https:\/\/jag.se\/opinion\/wp-content\/uploads\/sites\/3\/2023\/03\/musikvideon-374x190.webp 374w, https:\/\/jag.se\/opinion\/wp-content\/uploads\/sites\/3\/2023\/03\/musikvideon-98x50.webp 98w, https:\/\/jag.se\/opinion\/wp-content\/uploads\/sites\/3\/2023\/03\/musikvideon-1102x560.webp 1102w\" sizes=\"auto, (max-width: 1024px) 100vw, 1024px\" \/><\/a><\/figure>\n\n\n\n<p>De som medverkar p\u00e5 l\u00e5ten under bandnamnet Artikel 19 \u00e4r&nbsp;Peo Thyr\u00e9n (Noice), Stephan Guiance (KSMB), Michael Alonzo (KSMB), Jan Johansen, Linnea Vikstr\u00f6m Egg (Thundermother, Therion), Filippa N\u00e4ssil (Thundermother), Pontus Norgren (Hammerfall), Chris Laney (Pretty Maids), Georg H\u00e4rnsten Egg (Dynasty), Roland Liljesk\u00e4r, Stefan Nilsson, Tim Sundberg&nbsp;och Allan Sundberg (KSMB, Stormen).<\/p>\n\n\n\n<p>\u2013 F\u00f6r mig var det en sj\u00e4lvklarhet att st\u00e4lla upp. Jag har upptr\u00e4tt flera g\u00e5nger vid manifestationer f\u00f6r r\u00e4tten till personlig assistans, s\u00e4ger Jan Johansen.&nbsp;<\/p>\n\n\n\n<p>Bandnamnet Artikel 19 syftar f\u00f6rst\u00e5s p\u00e5 FNs funktionsr\u00e4ttskonvention. I artikel 19 sl\u00e5s bland annat fast att&nbsp;vi som har funktionsneds\u00e4ttningar ska kunna v\u00e4lja var vi vill bo och med vem eller vilka vi vill leva. Ingen ska inte vara tvungna att bo i s\u00e4rskilda bost\u00e4der.<\/p>\n\n\n\n<p>Det st\u00e4mmer v\u00e4l med budskapet i l\u00e5ten att oavsett vem du \u00e4r eller vilka funktionsneds\u00e4ttningar du har, s\u00e5 har du samma v\u00e4rde som andra, samma r\u00e4tt att ha dr\u00f6mmar och samma r\u00e4tt att leva i frihet och vara huvudperson i ditt eget liv. &nbsp;<\/p>\n\n\n\n<p>\u2013&nbsp; F\u00f6r mig handlar det om m\u00e4nniskov\u00e4rde och jag tvekade inte en sekund att st\u00e4lla upp n\u00e4r jag fick fr\u00e5gan, s\u00e4ger Peo Thyr\u00e9n.&nbsp;<\/p>\n\n\n\n<p>L\u00e5ten har skrivits och producerats av Allan Sundberg som \u00e4r pappa till JAG-medlemmen Tim Sundberg.<br>&nbsp;<br>\u2013 Att jag lyckats f\u00e5 med alla dom h\u00e4r musikerna i det h\u00e4r projektet k\u00e4nns som en bekr\u00e4ftelse p\u00e5 att den h\u00e4r fr\u00e5gan ber\u00f6r. Nu g\u00e4ller det att f\u00e5 resten av befolkningen att bli lika ber\u00f6rda och f\u00f6r\u00e4ndra v\u00e4rlden p\u00e5 riktigt. R\u00e4tten till personlig assistans \u00e4r livsviktig f\u00f6r min son Tim, men ocks\u00e5 r\u00e4tten att f\u00e5 vara en del av samh\u00e4llet och inte bli diskriminerad p\u00e5 grund av sina funktionsneds\u00e4ttningar, s\u00e4ger Allan.&nbsp;<\/p>\n\n\n\n<p>Chris Laney har mixat l\u00e5ten.&nbsp;Musikvideon \u00e4r regisserad av Marcus von Boisman. Den spelades in tillsammans med medlemmar ur Riksf\u00f6reningen JAG under en manifestation framf\u00f6r Stockholms central samt p\u00e5 Rockklubben Melodybox.&nbsp;&nbsp;&nbsp;<\/p>\n\n\n\n<p>Foto: Roger Johansson (12 Bar Photo)<\/p>\n","protected":false},"excerpt":{"rendered":"<p>L\u00e5ten Jag \u00e4r som du sl\u00e4pps idag p\u00e5 Spotify och Youtube. Den har spelats in till f\u00f6rm\u00e5n f\u00f6r Riksf\u00f6reningen JAG och v\u00e5rt arbete mot IQ-diskriminering, det vill s\u00e4ga att m\u00e4nniskor med intellektuell funktionsneds\u00e4ttning behandlas d\u00e5ligt p\u00e5 grund av sin funktionsneds\u00e4ttning.&nbsp;&nbsp; Klicka p\u00e5 bilden f\u00f6r att se musikvideon. De som medverkar p\u00e5 l\u00e5ten under bandnamnet Artikel<\/p>\n","protected":false},"author":7,"featured_media":21656,"comment_status":"open","ping_status":"open","sticky":false,"template":"","format":"standard","meta":{"footnotes":""},"categories":[23,20,21],"tags":[],"class_list":["post-21646","post","type-post","status-publish","format-standard","has-post-thumbnail","hentry","category-artikel19","category-iq-diskriminering","category-manskligarattigheter"],"acf":[],"yoast_head":"<!-- This site is optimized with the Yoast SEO plugin v21.3 - https:\/\/yoast.com\/wordpress\/plugins\/seo\/ -->\n<title>Idag sl\u00e4pps l\u00e5ten Jag \u00e4r som du! - JAG Opinion<\/title>\n<meta name=\"robots\" content=\"index, follow, max-snippet:-1, max-image-preview:large, max-video-preview:-1\" \/>\n<link rel=\"canonical\" href=\"https:\/\/jag.se\/opinion\/idag-slapps-laten-jag-ar-som-du\/\" \/>\n<meta property=\"og:locale\" content=\"sv_SE\" \/>\n<meta property=\"og:type\" content=\"article\" \/>\n<meta property=\"og:title\" content=\"Idag sl\u00e4pps l\u00e5ten Jag \u00e4r som du! - JAG Opinion\" \/>\n<meta property=\"og:description\" content=\"L\u00e5ten Jag \u00e4r som du sl\u00e4pps idag p\u00e5 Spotify och Youtube. Den har spelats in till f\u00f6rm\u00e5n f\u00f6r Riksf\u00f6reningen JAG och v\u00e5rt arbete mot IQ-diskriminering, det vill s\u00e4ga att m\u00e4nniskor med intellektuell funktionsneds\u00e4ttning behandlas d\u00e5ligt p\u00e5 grund av sin funktionsneds\u00e4ttning.&nbsp;&nbsp; Klicka p\u00e5 bilden f\u00f6r att se musikvideon. De som medverkar p\u00e5 l\u00e5ten under bandnamnet Artikel\" \/>\n<meta property=\"og:url\" content=\"https:\/\/jag.se\/opinion\/idag-slapps-laten-jag-ar-som-du\/\" \/>\n<meta property=\"og:site_name\" content=\"JAG Opinion\" \/>\n<meta property=\"article:published_time\" content=\"2023-03-31T11:03:19+00:00\" \/>\n<meta property=\"article:modified_time\" content=\"2023-03-31T11:22:49+00:00\" \/>\n<meta property=\"og:image\" content=\"https:\/\/jag.se\/opinion\/wp-content\/uploads\/sites\/3\/2023\/03\/Bandet-webb-1.jpg\" \/>\n\t<meta property=\"og:image:width\" content=\"721\" \/>\n\t<meta property=\"og:image:height\" content=\"401\" \/>\n\t<meta property=\"og:image:type\" content=\"image\/jpeg\" \/>\n<meta name=\"author\" content=\"Kerstin Sellin\" \/>\n<meta name=\"twitter:card\" content=\"summary_large_image\" \/>\n<meta name=\"twitter:label1\" content=\"Skriven av\" \/>\n\t<meta name=\"twitter:data1\" content=\"Kerstin Sellin\" \/>\n\t<meta name=\"twitter:label2\" content=\"Ber\u00e4knad l\u00e4stid\" \/>\n\t<meta name=\"twitter:data2\" content=\"2 minuter\" \/>\n<script type=\"application\/ld+json\" class=\"yoast-schema-graph\">{\"@context\":\"https:\/\/schema.org\",\"@graph\":[{\"@type\":\"WebPage\",\"@id\":\"https:\/\/jag.se\/opinion\/idag-slapps-laten-jag-ar-som-du\/\",\"url\":\"https:\/\/jag.se\/opinion\/idag-slapps-laten-jag-ar-som-du\/\",\"name\":\"Idag sl\u00e4pps l\u00e5ten Jag \u00e4r som du! - JAG Opinion\",\"isPartOf\":{\"@id\":\"https:\/\/jag.se\/opinion\/#website\"},\"datePublished\":\"2023-03-31T11:03:19+00:00\",\"dateModified\":\"2023-03-31T11:22:49+00:00\",\"author\":{\"@id\":\"https:\/\/jag.se\/opinion\/#\/schema\/person\/5b968ceec568a6aae87bd2b04b5d995b\"},\"breadcrumb\":{\"@id\":\"https:\/\/jag.se\/opinion\/idag-slapps-laten-jag-ar-som-du\/#breadcrumb\"},\"inLanguage\":\"sv-SE\",\"potentialAction\":[{\"@type\":\"ReadAction\",\"target\":[\"https:\/\/jag.se\/opinion\/idag-slapps-laten-jag-ar-som-du\/\"]}]},{\"@type\":\"BreadcrumbList\",\"@id\":\"https:\/\/jag.se\/opinion\/idag-slapps-laten-jag-ar-som-du\/#breadcrumb\",\"itemListElement\":[{\"@type\":\"ListItem\",\"position\":1,\"name\":\"JAG start\",\"item\":\"https:\/\/jag.se\"},{\"@type\":\"ListItem\",\"position\":2,\"name\":\"Riksf\u00f6reningen JAG\",\"item\":\"https:\/\/jag.se\/opinion\/\"},{\"@type\":\"ListItem\",\"position\":3,\"name\":\"Idag sl\u00e4pps l\u00e5ten Jag \u00e4r som du!\"}]},{\"@type\":\"WebSite\",\"@id\":\"https:\/\/jag.se\/opinion\/#website\",\"url\":\"https:\/\/jag.se\/opinion\/\",\"name\":\"JAG Opinion\",\"description\":\"\",\"potentialAction\":[{\"@type\":\"SearchAction\",\"target\":{\"@type\":\"EntryPoint\",\"urlTemplate\":\"https:\/\/jag.se\/opinion\/?s={search_term_string}\"},\"query-input\":\"required name=search_term_string\"}],\"inLanguage\":\"sv-SE\"},{\"@type\":\"Person\",\"@id\":\"https:\/\/jag.se\/opinion\/#\/schema\/person\/5b968ceec568a6aae87bd2b04b5d995b\",\"name\":\"Kerstin Sellin\",\"image\":{\"@type\":\"ImageObject\",\"inLanguage\":\"sv-SE\",\"@id\":\"https:\/\/jag.se\/opinion\/#\/schema\/person\/image\/\",\"url\":\"https:\/\/secure.gravatar.com\/avatar\/8186ebe5b7809ff59c7d59f361424f7bbdb039cd25b26fa93e861f6ee8e199b6?s=96&d=mm&r=g\",\"contentUrl\":\"https:\/\/secure.gravatar.com\/avatar\/8186ebe5b7809ff59c7d59f361424f7bbdb039cd25b26fa93e861f6ee8e199b6?s=96&d=mm&r=g\",\"caption\":\"Kerstin Sellin\"}}]}<\/script>\n<!-- \/ Yoast SEO plugin. -->","yoast_head_json":{"title":"Idag sl\u00e4pps l\u00e5ten Jag \u00e4r som du! - JAG Opinion","robots":{"index":"index","follow":"follow","max-snippet":"max-snippet:-1","max-image-preview":"max-image-preview:large","max-video-preview":"max-video-preview:-1"},"canonical":"https:\/\/jag.se\/opinion\/idag-slapps-laten-jag-ar-som-du\/","og_locale":"sv_SE","og_type":"article","og_title":"Idag sl\u00e4pps l\u00e5ten Jag \u00e4r som du! - JAG Opinion","og_description":"L\u00e5ten Jag \u00e4r som du sl\u00e4pps idag p\u00e5 Spotify och Youtube. Den har spelats in till f\u00f6rm\u00e5n f\u00f6r Riksf\u00f6reningen JAG och v\u00e5rt arbete mot IQ-diskriminering, det vill s\u00e4ga att m\u00e4nniskor med intellektuell funktionsneds\u00e4ttning behandlas d\u00e5ligt p\u00e5 grund av sin funktionsneds\u00e4ttning.&nbsp;&nbsp; Klicka p\u00e5 bilden f\u00f6r att se musikvideon. De som medverkar p\u00e5 l\u00e5ten under bandnamnet Artikel","og_url":"https:\/\/jag.se\/opinion\/idag-slapps-laten-jag-ar-som-du\/","og_site_name":"JAG Opinion","article_published_time":"2023-03-31T11:03:19+00:00","article_modified_time":"2023-03-31T11:22:49+00:00","og_image":[{"width":721,"height":401,"url":"https:\/\/jag.se\/opinion\/wp-content\/uploads\/sites\/3\/2023\/03\/Bandet-webb-1.jpg","type":"image\/jpeg"}],"author":"Kerstin Sellin","twitter_card":"summary_large_image","twitter_misc":{"Skriven av":"Kerstin Sellin","Ber\u00e4knad l\u00e4stid":"2 minuter"},"schema":{"@context":"https:\/\/schema.org","@graph":[{"@type":"WebPage","@id":"https:\/\/jag.se\/opinion\/idag-slapps-laten-jag-ar-som-du\/","url":"https:\/\/jag.se\/opinion\/idag-slapps-laten-jag-ar-som-du\/","name":"Idag sl\u00e4pps l\u00e5ten Jag \u00e4r som du! - JAG Opinion","isPartOf":{"@id":"https:\/\/jag.se\/opinion\/#website"},"datePublished":"2023-03-31T11:03:19+00:00","dateModified":"2023-03-31T11:22:49+00:00","author":{"@id":"https:\/\/jag.se\/opinion\/#\/schema\/person\/5b968ceec568a6aae87bd2b04b5d995b"},"breadcrumb":{"@id":"https:\/\/jag.se\/opinion\/idag-slapps-laten-jag-ar-som-du\/#breadcrumb"},"inLanguage":"sv-SE","potentialAction":[{"@type":"ReadAction","target":["https:\/\/jag.se\/opinion\/idag-slapps-laten-jag-ar-som-du\/"]}]},{"@type":"BreadcrumbList","@id":"https:\/\/jag.se\/opinion\/idag-slapps-laten-jag-ar-som-du\/#breadcrumb","itemListElement":[{"@type":"ListItem","position":1,"name":"JAG start","item":"https:\/\/jag.se"},{"@type":"ListItem","position":2,"name":"Riksf\u00f6reningen JAG","item":"https:\/\/jag.se\/opinion\/"},{"@type":"ListItem","position":3,"name":"Idag sl\u00e4pps l\u00e5ten Jag \u00e4r som du!"}]},{"@type":"WebSite","@id":"https:\/\/jag.se\/opinion\/#website","url":"https:\/\/jag.se\/opinion\/","name":"JAG Opinion","description":"","potentialAction":[{"@type":"SearchAction","target":{"@type":"EntryPoint","urlTemplate":"https:\/\/jag.se\/opinion\/?s={search_term_string}"},"query-input":"required name=search_term_string"}],"inLanguage":"sv-SE"},{"@type":"Person","@id":"https:\/\/jag.se\/opinion\/#\/schema\/person\/5b968ceec568a6aae87bd2b04b5d995b","name":"Kerstin Sellin","image":{"@type":"ImageObject","inLanguage":"sv-SE","@id":"https:\/\/jag.se\/opinion\/#\/schema\/person\/image\/","url":"https:\/\/secure.gravatar.com\/avatar\/8186ebe5b7809ff59c7d59f361424f7bbdb039cd25b26fa93e861f6ee8e199b6?s=96&d=mm&r=g","contentUrl":"https:\/\/secure.gravatar.com\/avatar\/8186ebe5b7809ff59c7d59f361424f7bbdb039cd25b26fa93e861f6ee8e199b6?s=96&d=mm&r=g","caption":"Kerstin Sellin"}}]}},"_links":{"self":[{"href":"https:\/\/jag.se\/opinion\/wp-json\/wp\/v2\/posts\/21646","targetHints":{"allow":["GET"]}}],"collection":[{"href":"https:\/\/jag.se\/opinion\/wp-json\/wp\/v2\/posts"}],"about":[{"href":"https:\/\/jag.se\/opinion\/wp-json\/wp\/v2\/types\/post"}],"author":[{"embeddable":true,"href":"https:\/\/jag.se\/opinion\/wp-json\/wp\/v2\/users\/7"}],"replies":[{"embeddable":true,"href":"https:\/\/jag.se\/opinion\/wp-json\/wp\/v2\/comments?post=21646"}],"version-history":[{"count":5,"href":"https:\/\/jag.se\/opinion\/wp-json\/wp\/v2\/posts\/21646\/revisions"}],"predecessor-version":[{"id":21657,"href":"https:\/\/jag.se\/opinion\/wp-json\/wp\/v2\/posts\/21646\/revisions\/21657"}],"wp:featuredmedia":[{"embeddable":true,"href":"https:\/\/jag.se\/opinion\/wp-json\/wp\/v2\/media\/21656"}],"wp:attachment":[{"href":"https:\/\/jag.se\/opinion\/wp-json\/wp\/v2\/media?parent=21646"}],"wp:term":[{"taxonomy":"category","embeddable":true,"href":"https:\/\/jag.se\/opinion\/wp-json\/wp\/v2\/categories?post=21646"},{"taxonomy":"post_tag","embeddable":true,"href":"https:\/\/jag.se\/opinion\/wp-json\/wp\/v2\/tags?post=21646"}],"curies":[{"name":"wp","href":"https:\/\/api.w.org\/{rel}","templated":true}]}}