{"id":2206,"date":"2022-02-18T14:58:02","date_gmt":"2022-02-18T14:58:02","guid":{"rendered":"https:\/\/jag.se\/opinion\/forsta-delen-av-starkt-assistans-utredningen-som-remiss\/"},"modified":"2022-03-18T15:44:05","modified_gmt":"2022-03-18T15:44:05","slug":"forsta-delen-av-starkt-assistans-utredningen-som-remiss","status":"publish","type":"post","link":"https:\/\/jag.se\/opinion\/forsta-delen-av-starkt-assistans-utredningen-som-remiss\/","title":{"rendered":"F\u00f6rsta delen av St\u00e4rkt assistans-utredningen som remiss"},"content":{"rendered":"<p>Regeringen l\u00e4mnade i veckan f\u00f6rsta delen av St\u00e4rkt assistans som remiss till lagr\u00e5det. Om allt g\u00e5r som planerat ska riksdagen f\u00e5 propositionen p\u00e5 sitt bord den 5 april. F\u00f6rslaget inneh\u00e5ller m\u00e5nga bra delar, och vi i Riksf\u00f6reningen JAG k\u00e4nner oss mycket hoppfulla!<\/p>\n<p>I korthet inneb\u00e4r f\u00f6rslagen:<\/p>\n<p>Det grundl\u00e4ggande behovet <em>ing\u00e5ende kunskap<\/em> tas bort, och ers\u00e4tts p\u00e5 tv\u00e5 s\u00e4tt:<\/p>\n<ul>\n<li>Dels med att behov av st\u00f6d f\u00f6r att f\u00f6rebygga vissa beteenden och minska risken f\u00f6r skador till f\u00f6ljd av s\u00e5dana beteenden blir ett nytt grundl\u00e4ggande behov. H\u00e4r har tyv\u00e4rr regeringen f\u00f6r\u00e4ndrat utredningens f\u00f6rslag, s\u00e5 att det fortfarande ska kr\u00e4vas viss frekvens av ingripanden. Regeringen uttrycker p\u00e5 flera st\u00e4llen att dagens till\u00e4mpning i detta ska best\u00e5. Problemet \u00e4r ju att dagens till\u00e4mpning inneb\u00e4r att en v\u00e4l fungerande assistans (som allts\u00e5 minskar eller helt f\u00f6rebygger det beteende som \u00e4r riskfyllt) betyder att st\u00f6det tas bort vid n\u00e4sta ompr\u00f6vning. Ett moment 22. Vilket blir \u00e4nnu mer ologiskt och sv\u00e5rtolkat om st\u00f6det till och med ska heta \u201df\u00f6rebyggande\u201d. D\u00e5 f\u00f6ruts\u00e4tts st\u00f6det allts\u00e5 inte fungera, f\u00f6r att f\u00e5 beh\u00e5llas\u2026 Fel t\u00e4nkt, anser vi!<\/li>\n<li>Dels med att behov av kvalificerade aktiverings- och motiveringsinsatser beaktas som en del i det grundl\u00e4ggande behov som det avser att tillgodose. Det \u00e4r f\u00f6rst\u00e5s j\u00e4ttebra, \u00e4ntligen avskaffas det underliggande kravet p\u00e5 att st\u00f6det m\u00e5ste vara praktiskt f\u00f6r att r\u00e4knas.<\/li>\n<\/ul>\n<p>Dessutom schabloniseras f\u00f6r\u00e4ldraansvaret, f\u00f6r att bli b\u00e5de mer avgr\u00e4nsat och mer r\u00e4ttss\u00e4kert. H\u00e4r ser vi att tr\u00f6skeln kommer att s\u00e4nkas f\u00f6r m\u00e5nga barn att f\u00e5 assistans. De som har stora behov kommer att f\u00e5 fler timmar, m\u00e5nga som nekas assistans idag kommer att beviljas. Det finns n\u00e5gra fr\u00e5getecken i bed\u00f6mningen av de olika \u00e5ldersniv\u00e5erna, men sammantaget \u00e4r detta ett stort steg fram\u00e5t!<\/p>\n<p>Det som inte finns med i f\u00f6rslaget \u00e4r utredningens f\u00f6rslag att \u00e4ven s\u00e5dan tillsyn som en kan beh\u00f6va av orsaker som t ex sv\u00e5r epilepsi, shunt eller andra h\u00e4lsotillst\u00e5nd, skulle bli grundl\u00e4ggande behov. Det skriver regeringen att de t\u00e4nker \u00e5terkomma med. Men f\u00f6rst i samband med f\u00f6rslagen om egenv\u00e5rd som \u00e4r aviserat att l\u00e4mnas till riksdagen den 5\/5. Denna del av utredningen \u00e4r mycket komplicerad och Riksf\u00f6reningen JAG avstyrkte till och med delar i v\u00e5rt remissvar. Vi kommer att bevaka den delen noga!<\/p>\n<p><a href=\"https:\/\/www.regeringen.se\/pressmeddelanden\/2022\/02\/regeringen-foreslar-lagandringar-for-att-starka-ratten-till-personlig-assistans\/\" target=\"_blank\" rel=\"noopener\">L\u00e4nk till mer information om remissen p\u00e5 regeringens hemsida.<\/a><\/p>\n<p>Inl\u00e4gget <a rel=\"nofollow\" href=\"https:\/\/jag.se\/opinion\/forsta-delen-av-starkt-assistans-utredningen-som-remiss\/\">F\u00f6rsta delen av St\u00e4rkt assistans-utredningen som remiss<\/a> d\u00f6k f\u00f6rst upp p\u00e5 <a rel=\"nofollow\" href=\"https:\/\/jag.se\/opinion\">Riksf\u00f6reningen JAG<\/a>.<\/p>\n","protected":false},"excerpt":{"rendered":"<p>Regeringen l\u00e4mnade i veckan f\u00f6rsta delen av St\u00e4rkt assistans som remiss till lagr\u00e5det. Om allt g\u00e5r som planerat ska riksdagen f\u00e5 propositionen p\u00e5 sitt bord den 5 april. F\u00f6rslaget inneh\u00e5ller m\u00e5nga bra delar, och vi i Riksf\u00f6reningen JAG k\u00e4nner oss mycket hoppfulla! I korthet inneb\u00e4r f\u00f6rslagen: Det grundl\u00e4ggande behovet ing\u00e5ende kunskap tas bort, och ers\u00e4tts<\/p>\n","protected":false},"author":1,"featured_media":2480,"comment_status":"closed","ping_status":"open","sticky":false,"template":"","format":"standard","meta":{"footnotes":""},"categories":[1],"tags":[],"class_list":["post-2206","post","type-post","status-publish","format-standard","has-post-thumbnail","hentry","category-uncategorized"],"acf":[],"yoast_head":"<!-- This site is optimized with the Yoast SEO plugin v21.3 - https:\/\/yoast.com\/wordpress\/plugins\/seo\/ -->\n<title>F\u00f6rsta delen av St\u00e4rkt assistans-utredningen som remiss - JAG Opinion<\/title>\n<meta name=\"robots\" content=\"index, follow, max-snippet:-1, max-image-preview:large, max-video-preview:-1\" \/>\n<link rel=\"canonical\" href=\"https:\/\/jag.se\/opinion\/forsta-delen-av-starkt-assistans-utredningen-som-remiss\/\" \/>\n<meta property=\"og:locale\" content=\"sv_SE\" \/>\n<meta property=\"og:type\" content=\"article\" \/>\n<meta property=\"og:title\" content=\"F\u00f6rsta delen av St\u00e4rkt assistans-utredningen som remiss - JAG Opinion\" \/>\n<meta property=\"og:description\" content=\"Regeringen l\u00e4mnade i veckan f\u00f6rsta delen av St\u00e4rkt assistans som remiss till lagr\u00e5det. Om allt g\u00e5r som planerat ska riksdagen f\u00e5 propositionen p\u00e5 sitt bord den 5 april. F\u00f6rslaget inneh\u00e5ller m\u00e5nga bra delar, och vi i Riksf\u00f6reningen JAG k\u00e4nner oss mycket hoppfulla! I korthet inneb\u00e4r f\u00f6rslagen: Det grundl\u00e4ggande behovet ing\u00e5ende kunskap tas bort, och ers\u00e4tts\" \/>\n<meta property=\"og:url\" content=\"https:\/\/jag.se\/opinion\/forsta-delen-av-starkt-assistans-utredningen-som-remiss\/\" \/>\n<meta property=\"og:site_name\" content=\"JAG Opinion\" \/>\n<meta property=\"article:published_time\" content=\"2022-02-18T14:58:02+00:00\" \/>\n<meta property=\"article:modified_time\" content=\"2022-03-18T15:44:05+00:00\" \/>\n<meta property=\"og:image\" content=\"https:\/\/jag.se\/wp-content\/uploads\/sites\/3\/2022\/02\/Tim-och-Lena-H-webb-1.jpg\" \/>\n\t<meta property=\"og:image:width\" content=\"800\" \/>\n\t<meta property=\"og:image:height\" content=\"610\" \/>\n\t<meta property=\"og:image:type\" content=\"image\/jpeg\" \/>\n<meta name=\"author\" content=\"Alexander Alexandrov\" \/>\n<meta name=\"twitter:card\" content=\"summary_large_image\" \/>\n<meta name=\"twitter:label1\" content=\"Skriven av\" \/>\n\t<meta name=\"twitter:data1\" content=\"Alexander Alexandrov\" \/>\n\t<meta name=\"twitter:label2\" content=\"Ber\u00e4knad l\u00e4stid\" \/>\n\t<meta name=\"twitter:data2\" content=\"2 minuter\" \/>\n<script type=\"application\/ld+json\" class=\"yoast-schema-graph\">{\"@context\":\"https:\/\/schema.org\",\"@graph\":[{\"@type\":\"WebPage\",\"@id\":\"https:\/\/jag.se\/opinion\/forsta-delen-av-starkt-assistans-utredningen-som-remiss\/\",\"url\":\"https:\/\/jag.se\/opinion\/forsta-delen-av-starkt-assistans-utredningen-som-remiss\/\",\"name\":\"F\u00f6rsta delen av St\u00e4rkt assistans-utredningen som remiss - JAG Opinion\",\"isPartOf\":{\"@id\":\"https:\/\/jag.se\/opinion\/#website\"},\"datePublished\":\"2022-02-18T14:58:02+00:00\",\"dateModified\":\"2022-03-18T15:44:05+00:00\",\"author\":{\"@id\":\"https:\/\/jag.se\/opinion\/#\/schema\/person\/42ca7c4b556b837c35d83ffe97aa92c0\"},\"breadcrumb\":{\"@id\":\"https:\/\/jag.se\/opinion\/forsta-delen-av-starkt-assistans-utredningen-som-remiss\/#breadcrumb\"},\"inLanguage\":\"sv-SE\",\"potentialAction\":[{\"@type\":\"ReadAction\",\"target\":[\"https:\/\/jag.se\/opinion\/forsta-delen-av-starkt-assistans-utredningen-som-remiss\/\"]}]},{\"@type\":\"BreadcrumbList\",\"@id\":\"https:\/\/jag.se\/opinion\/forsta-delen-av-starkt-assistans-utredningen-som-remiss\/#breadcrumb\",\"itemListElement\":[{\"@type\":\"ListItem\",\"position\":1,\"name\":\"JAG start\",\"item\":\"https:\/\/jag.se\"},{\"@type\":\"ListItem\",\"position\":2,\"name\":\"Riksf\u00f6reningen JAG\",\"item\":\"https:\/\/jag.se\/opinion\/\"},{\"@type\":\"ListItem\",\"position\":3,\"name\":\"F\u00f6rsta delen av St\u00e4rkt assistans-utredningen som remiss\"}]},{\"@type\":\"WebSite\",\"@id\":\"https:\/\/jag.se\/opinion\/#website\",\"url\":\"https:\/\/jag.se\/opinion\/\",\"name\":\"JAG Opinion\",\"description\":\"\",\"potentialAction\":[{\"@type\":\"SearchAction\",\"target\":{\"@type\":\"EntryPoint\",\"urlTemplate\":\"https:\/\/jag.se\/opinion\/?s={search_term_string}\"},\"query-input\":\"required name=search_term_string\"}],\"inLanguage\":\"sv-SE\"},{\"@type\":\"Person\",\"@id\":\"https:\/\/jag.se\/opinion\/#\/schema\/person\/42ca7c4b556b837c35d83ffe97aa92c0\",\"name\":\"Alexander Alexandrov\",\"image\":{\"@type\":\"ImageObject\",\"inLanguage\":\"sv-SE\",\"@id\":\"https:\/\/jag.se\/opinion\/#\/schema\/person\/image\/\",\"url\":\"https:\/\/secure.gravatar.com\/avatar\/39974ed46e3cb66fe6760e4c288a2722aff8b0a328a2802a65dd6f31fe323990?s=96&d=mm&r=g\",\"contentUrl\":\"https:\/\/secure.gravatar.com\/avatar\/39974ed46e3cb66fe6760e4c288a2722aff8b0a328a2802a65dd6f31fe323990?s=96&d=mm&r=g\",\"caption\":\"Alexander Alexandrov\"},\"sameAs\":[\"https:\/\/jag.se\"]}]}<\/script>\n<!-- \/ Yoast SEO plugin. -->","yoast_head_json":{"title":"F\u00f6rsta delen av St\u00e4rkt assistans-utredningen som remiss - JAG Opinion","robots":{"index":"index","follow":"follow","max-snippet":"max-snippet:-1","max-image-preview":"max-image-preview:large","max-video-preview":"max-video-preview:-1"},"canonical":"https:\/\/jag.se\/opinion\/forsta-delen-av-starkt-assistans-utredningen-som-remiss\/","og_locale":"sv_SE","og_type":"article","og_title":"F\u00f6rsta delen av St\u00e4rkt assistans-utredningen som remiss - JAG Opinion","og_description":"Regeringen l\u00e4mnade i veckan f\u00f6rsta delen av St\u00e4rkt assistans som remiss till lagr\u00e5det. Om allt g\u00e5r som planerat ska riksdagen f\u00e5 propositionen p\u00e5 sitt bord den 5 april. F\u00f6rslaget inneh\u00e5ller m\u00e5nga bra delar, och vi i Riksf\u00f6reningen JAG k\u00e4nner oss mycket hoppfulla! I korthet inneb\u00e4r f\u00f6rslagen: Det grundl\u00e4ggande behovet ing\u00e5ende kunskap tas bort, och ers\u00e4tts","og_url":"https:\/\/jag.se\/opinion\/forsta-delen-av-starkt-assistans-utredningen-som-remiss\/","og_site_name":"JAG Opinion","article_published_time":"2022-02-18T14:58:02+00:00","article_modified_time":"2022-03-18T15:44:05+00:00","og_image":[{"width":800,"height":610,"url":"https:\/\/jag.se\/wp-content\/uploads\/sites\/3\/2022\/02\/Tim-och-Lena-H-webb-1.jpg","type":"image\/jpeg"}],"author":"Alexander Alexandrov","twitter_card":"summary_large_image","twitter_misc":{"Skriven av":"Alexander Alexandrov","Ber\u00e4knad l\u00e4stid":"2 minuter"},"schema":{"@context":"https:\/\/schema.org","@graph":[{"@type":"WebPage","@id":"https:\/\/jag.se\/opinion\/forsta-delen-av-starkt-assistans-utredningen-som-remiss\/","url":"https:\/\/jag.se\/opinion\/forsta-delen-av-starkt-assistans-utredningen-som-remiss\/","name":"F\u00f6rsta delen av St\u00e4rkt assistans-utredningen som remiss - JAG Opinion","isPartOf":{"@id":"https:\/\/jag.se\/opinion\/#website"},"datePublished":"2022-02-18T14:58:02+00:00","dateModified":"2022-03-18T15:44:05+00:00","author":{"@id":"https:\/\/jag.se\/opinion\/#\/schema\/person\/42ca7c4b556b837c35d83ffe97aa92c0"},"breadcrumb":{"@id":"https:\/\/jag.se\/opinion\/forsta-delen-av-starkt-assistans-utredningen-som-remiss\/#breadcrumb"},"inLanguage":"sv-SE","potentialAction":[{"@type":"ReadAction","target":["https:\/\/jag.se\/opinion\/forsta-delen-av-starkt-assistans-utredningen-som-remiss\/"]}]},{"@type":"BreadcrumbList","@id":"https:\/\/jag.se\/opinion\/forsta-delen-av-starkt-assistans-utredningen-som-remiss\/#breadcrumb","itemListElement":[{"@type":"ListItem","position":1,"name":"JAG start","item":"https:\/\/jag.se"},{"@type":"ListItem","position":2,"name":"Riksf\u00f6reningen JAG","item":"https:\/\/jag.se\/opinion\/"},{"@type":"ListItem","position":3,"name":"F\u00f6rsta delen av St\u00e4rkt assistans-utredningen som remiss"}]},{"@type":"WebSite","@id":"https:\/\/jag.se\/opinion\/#website","url":"https:\/\/jag.se\/opinion\/","name":"JAG Opinion","description":"","potentialAction":[{"@type":"SearchAction","target":{"@type":"EntryPoint","urlTemplate":"https:\/\/jag.se\/opinion\/?s={search_term_string}"},"query-input":"required name=search_term_string"}],"inLanguage":"sv-SE"},{"@type":"Person","@id":"https:\/\/jag.se\/opinion\/#\/schema\/person\/42ca7c4b556b837c35d83ffe97aa92c0","name":"Alexander Alexandrov","image":{"@type":"ImageObject","inLanguage":"sv-SE","@id":"https:\/\/jag.se\/opinion\/#\/schema\/person\/image\/","url":"https:\/\/secure.gravatar.com\/avatar\/39974ed46e3cb66fe6760e4c288a2722aff8b0a328a2802a65dd6f31fe323990?s=96&d=mm&r=g","contentUrl":"https:\/\/secure.gravatar.com\/avatar\/39974ed46e3cb66fe6760e4c288a2722aff8b0a328a2802a65dd6f31fe323990?s=96&d=mm&r=g","caption":"Alexander Alexandrov"},"sameAs":["https:\/\/jag.se"]}]}},"_links":{"self":[{"href":"https:\/\/jag.se\/opinion\/wp-json\/wp\/v2\/posts\/2206","targetHints":{"allow":["GET"]}}],"collection":[{"href":"https:\/\/jag.se\/opinion\/wp-json\/wp\/v2\/posts"}],"about":[{"href":"https:\/\/jag.se\/opinion\/wp-json\/wp\/v2\/types\/post"}],"author":[{"embeddable":true,"href":"https:\/\/jag.se\/opinion\/wp-json\/wp\/v2\/users\/1"}],"replies":[{"embeddable":true,"href":"https:\/\/jag.se\/opinion\/wp-json\/wp\/v2\/comments?post=2206"}],"version-history":[{"count":2,"href":"https:\/\/jag.se\/opinion\/wp-json\/wp\/v2\/posts\/2206\/revisions"}],"predecessor-version":[{"id":3361,"href":"https:\/\/jag.se\/opinion\/wp-json\/wp\/v2\/posts\/2206\/revisions\/3361"}],"wp:featuredmedia":[{"embeddable":true,"href":"https:\/\/jag.se\/opinion\/wp-json\/wp\/v2\/media\/2480"}],"wp:attachment":[{"href":"https:\/\/jag.se\/opinion\/wp-json\/wp\/v2\/media?parent=2206"}],"wp:term":[{"taxonomy":"category","embeddable":true,"href":"https:\/\/jag.se\/opinion\/wp-json\/wp\/v2\/categories?post=2206"},{"taxonomy":"post_tag","embeddable":true,"href":"https:\/\/jag.se\/opinion\/wp-json\/wp\/v2\/tags?post=2206"}],"curies":[{"name":"wp","href":"https:\/\/api.w.org\/{rel}","templated":true}]}}