{"id":2209,"date":"2022-01-07T13:13:54","date_gmt":"2022-01-07T13:13:54","guid":{"rendered":"https:\/\/jag.se\/opinion\/till-minne-av-nicklas-benn\/"},"modified":"2022-03-18T15:43:59","modified_gmt":"2022-03-18T15:43:59","slug":"till-minne-av-nicklas-benn","status":"publish","type":"post","link":"https:\/\/jag.se\/opinion\/till-minne-av-nicklas-benn\/","title":{"rendered":"Till minne av Nicklas Benn"},"content":{"rendered":"<p>Det \u00e4r med stor sorg som vi f\u00e5tt veta att Nicklas Benn, styrelseledamot i Riksf\u00f6reningen JAG, avled i b\u00f6rjan av januari, endast 34 \u00e5r gammal. Ut\u00f6ver sitt uppdrag i styrelsen hade Nicklas \u00e4ven daglig verksamhet p\u00e5 JAG-center p\u00e5 JAGs kansli. Han har medverkat i flera av JAGs dans- och teaterf\u00f6rest\u00e4llningar och \u00e4ven upptr\u00e4tt f\u00f6r m\u00e5nga f\u00f6rskoleklasser med en egen upps\u00e4ttning av Mamma Mu.<\/p>\n<p>Nicklas tyckte mycket om att resa och har haft personlig assistans i JAG sedan 1994.<\/p>\n<p>Begravningen \u00e4ger\u00a0rum 1 februari\u00a0i Heliga korsets kapell p\u00e5 Skogskyrkog\u00e5rden i Stockholm.\u00a0Anm\u00e4lan till Fonus.<\/p>\n<p>V\u00e5ra tankar g\u00e5r till\u00a0Nicklas familj, sl\u00e4kt, v\u00e4nner och personliga assistenter.<\/p>\n<p>Inl\u00e4gget <a rel=\"nofollow\" href=\"https:\/\/jag.se\/opinion\/till-minne-av-nicklas-benn\/\">Till minne av Nicklas Benn<\/a> d\u00f6k f\u00f6rst upp p\u00e5 <a rel=\"nofollow\" href=\"https:\/\/jag.se\/opinion\">Riksf\u00f6reningen JAG<\/a>.<\/p>\n","protected":false},"excerpt":{"rendered":"<p>Det \u00e4r med stor sorg som vi f\u00e5tt veta att Nicklas Benn, styrelseledamot i Riksf\u00f6reningen JAG, avled i b\u00f6rjan av januari, endast 34 \u00e5r gammal. Ut\u00f6ver sitt uppdrag i styrelsen hade Nicklas \u00e4ven daglig verksamhet p\u00e5 JAG-center p\u00e5 JAGs kansli. Han har medverkat i flera av JAGs dans- och teaterf\u00f6rest\u00e4llningar och \u00e4ven upptr\u00e4tt f\u00f6r m\u00e5nga<\/p>\n","protected":false},"author":1,"featured_media":2474,"comment_status":"closed","ping_status":"open","sticky":false,"template":"","format":"standard","meta":{"footnotes":""},"categories":[1],"tags":[],"class_list":["post-2209","post","type-post","status-publish","format-standard","has-post-thumbnail","hentry","category-uncategorized"],"acf":[],"yoast_head":"<!-- This site is optimized with the Yoast SEO plugin v21.3 - https:\/\/yoast.com\/wordpress\/plugins\/seo\/ -->\n<title>Till minne av Nicklas Benn - JAG Opinion<\/title>\n<meta name=\"robots\" content=\"index, follow, max-snippet:-1, max-image-preview:large, max-video-preview:-1\" \/>\n<link rel=\"canonical\" href=\"https:\/\/jag.se\/opinion\/till-minne-av-nicklas-benn\/\" \/>\n<meta property=\"og:locale\" content=\"sv_SE\" \/>\n<meta property=\"og:type\" content=\"article\" \/>\n<meta property=\"og:title\" content=\"Till minne av Nicklas Benn - JAG Opinion\" \/>\n<meta property=\"og:description\" content=\"Det \u00e4r med stor sorg som vi f\u00e5tt veta att Nicklas Benn, styrelseledamot i Riksf\u00f6reningen JAG, avled i b\u00f6rjan av januari, endast 34 \u00e5r gammal. Ut\u00f6ver sitt uppdrag i styrelsen hade Nicklas \u00e4ven daglig verksamhet p\u00e5 JAG-center p\u00e5 JAGs kansli. Han har medverkat i flera av JAGs dans- och teaterf\u00f6rest\u00e4llningar och \u00e4ven upptr\u00e4tt f\u00f6r m\u00e5nga\" \/>\n<meta property=\"og:url\" content=\"https:\/\/jag.se\/opinion\/till-minne-av-nicklas-benn\/\" \/>\n<meta property=\"og:site_name\" content=\"JAG Opinion\" \/>\n<meta property=\"article:published_time\" content=\"2022-01-07T13:13:54+00:00\" \/>\n<meta property=\"article:modified_time\" content=\"2022-03-18T15:43:59+00:00\" \/>\n<meta property=\"og:image\" content=\"https:\/\/jag.se\/wp-content\/uploads\/sites\/3\/2022\/01\/Nicklas-Benn-IM-1-1.jpg\" \/>\n\t<meta property=\"og:image:width\" content=\"1254\" \/>\n\t<meta property=\"og:image:height\" content=\"1145\" \/>\n\t<meta property=\"og:image:type\" content=\"image\/jpeg\" \/>\n<meta name=\"author\" content=\"Alexander Alexandrov\" \/>\n<meta name=\"twitter:card\" content=\"summary_large_image\" \/>\n<meta name=\"twitter:label1\" content=\"Skriven av\" \/>\n\t<meta name=\"twitter:data1\" content=\"Alexander Alexandrov\" \/>\n\t<meta name=\"twitter:label2\" content=\"Ber\u00e4knad l\u00e4stid\" \/>\n\t<meta name=\"twitter:data2\" content=\"1 minut\" \/>\n<script type=\"application\/ld+json\" class=\"yoast-schema-graph\">{\"@context\":\"https:\/\/schema.org\",\"@graph\":[{\"@type\":\"WebPage\",\"@id\":\"https:\/\/jag.se\/opinion\/till-minne-av-nicklas-benn\/\",\"url\":\"https:\/\/jag.se\/opinion\/till-minne-av-nicklas-benn\/\",\"name\":\"Till minne av Nicklas Benn - JAG Opinion\",\"isPartOf\":{\"@id\":\"https:\/\/jag.se\/opinion\/#website\"},\"datePublished\":\"2022-01-07T13:13:54+00:00\",\"dateModified\":\"2022-03-18T15:43:59+00:00\",\"author\":{\"@id\":\"https:\/\/jag.se\/opinion\/#\/schema\/person\/42ca7c4b556b837c35d83ffe97aa92c0\"},\"breadcrumb\":{\"@id\":\"https:\/\/jag.se\/opinion\/till-minne-av-nicklas-benn\/#breadcrumb\"},\"inLanguage\":\"sv-SE\",\"potentialAction\":[{\"@type\":\"ReadAction\",\"target\":[\"https:\/\/jag.se\/opinion\/till-minne-av-nicklas-benn\/\"]}]},{\"@type\":\"BreadcrumbList\",\"@id\":\"https:\/\/jag.se\/opinion\/till-minne-av-nicklas-benn\/#breadcrumb\",\"itemListElement\":[{\"@type\":\"ListItem\",\"position\":1,\"name\":\"JAG start\",\"item\":\"https:\/\/jag.se\"},{\"@type\":\"ListItem\",\"position\":2,\"name\":\"Riksf\u00f6reningen JAG\",\"item\":\"https:\/\/jag.se\/opinion\/\"},{\"@type\":\"ListItem\",\"position\":3,\"name\":\"Till minne av Nicklas Benn\"}]},{\"@type\":\"WebSite\",\"@id\":\"https:\/\/jag.se\/opinion\/#website\",\"url\":\"https:\/\/jag.se\/opinion\/\",\"name\":\"JAG Opinion\",\"description\":\"\",\"potentialAction\":[{\"@type\":\"SearchAction\",\"target\":{\"@type\":\"EntryPoint\",\"urlTemplate\":\"https:\/\/jag.se\/opinion\/?s={search_term_string}\"},\"query-input\":\"required name=search_term_string\"}],\"inLanguage\":\"sv-SE\"},{\"@type\":\"Person\",\"@id\":\"https:\/\/jag.se\/opinion\/#\/schema\/person\/42ca7c4b556b837c35d83ffe97aa92c0\",\"name\":\"Alexander Alexandrov\",\"image\":{\"@type\":\"ImageObject\",\"inLanguage\":\"sv-SE\",\"@id\":\"https:\/\/jag.se\/opinion\/#\/schema\/person\/image\/\",\"url\":\"https:\/\/secure.gravatar.com\/avatar\/39974ed46e3cb66fe6760e4c288a2722aff8b0a328a2802a65dd6f31fe323990?s=96&d=mm&r=g\",\"contentUrl\":\"https:\/\/secure.gravatar.com\/avatar\/39974ed46e3cb66fe6760e4c288a2722aff8b0a328a2802a65dd6f31fe323990?s=96&d=mm&r=g\",\"caption\":\"Alexander Alexandrov\"},\"sameAs\":[\"https:\/\/jag.se\"]}]}<\/script>\n<!-- \/ Yoast SEO plugin. -->","yoast_head_json":{"title":"Till minne av Nicklas Benn - JAG Opinion","robots":{"index":"index","follow":"follow","max-snippet":"max-snippet:-1","max-image-preview":"max-image-preview:large","max-video-preview":"max-video-preview:-1"},"canonical":"https:\/\/jag.se\/opinion\/till-minne-av-nicklas-benn\/","og_locale":"sv_SE","og_type":"article","og_title":"Till minne av Nicklas Benn - JAG Opinion","og_description":"Det \u00e4r med stor sorg som vi f\u00e5tt veta att Nicklas Benn, styrelseledamot i Riksf\u00f6reningen JAG, avled i b\u00f6rjan av januari, endast 34 \u00e5r gammal. Ut\u00f6ver sitt uppdrag i styrelsen hade Nicklas \u00e4ven daglig verksamhet p\u00e5 JAG-center p\u00e5 JAGs kansli. Han har medverkat i flera av JAGs dans- och teaterf\u00f6rest\u00e4llningar och \u00e4ven upptr\u00e4tt f\u00f6r m\u00e5nga","og_url":"https:\/\/jag.se\/opinion\/till-minne-av-nicklas-benn\/","og_site_name":"JAG Opinion","article_published_time":"2022-01-07T13:13:54+00:00","article_modified_time":"2022-03-18T15:43:59+00:00","og_image":[{"width":1254,"height":1145,"url":"https:\/\/jag.se\/wp-content\/uploads\/sites\/3\/2022\/01\/Nicklas-Benn-IM-1-1.jpg","type":"image\/jpeg"}],"author":"Alexander Alexandrov","twitter_card":"summary_large_image","twitter_misc":{"Skriven av":"Alexander Alexandrov","Ber\u00e4knad l\u00e4stid":"1 minut"},"schema":{"@context":"https:\/\/schema.org","@graph":[{"@type":"WebPage","@id":"https:\/\/jag.se\/opinion\/till-minne-av-nicklas-benn\/","url":"https:\/\/jag.se\/opinion\/till-minne-av-nicklas-benn\/","name":"Till minne av Nicklas Benn - JAG Opinion","isPartOf":{"@id":"https:\/\/jag.se\/opinion\/#website"},"datePublished":"2022-01-07T13:13:54+00:00","dateModified":"2022-03-18T15:43:59+00:00","author":{"@id":"https:\/\/jag.se\/opinion\/#\/schema\/person\/42ca7c4b556b837c35d83ffe97aa92c0"},"breadcrumb":{"@id":"https:\/\/jag.se\/opinion\/till-minne-av-nicklas-benn\/#breadcrumb"},"inLanguage":"sv-SE","potentialAction":[{"@type":"ReadAction","target":["https:\/\/jag.se\/opinion\/till-minne-av-nicklas-benn\/"]}]},{"@type":"BreadcrumbList","@id":"https:\/\/jag.se\/opinion\/till-minne-av-nicklas-benn\/#breadcrumb","itemListElement":[{"@type":"ListItem","position":1,"name":"JAG start","item":"https:\/\/jag.se"},{"@type":"ListItem","position":2,"name":"Riksf\u00f6reningen JAG","item":"https:\/\/jag.se\/opinion\/"},{"@type":"ListItem","position":3,"name":"Till minne av Nicklas Benn"}]},{"@type":"WebSite","@id":"https:\/\/jag.se\/opinion\/#website","url":"https:\/\/jag.se\/opinion\/","name":"JAG Opinion","description":"","potentialAction":[{"@type":"SearchAction","target":{"@type":"EntryPoint","urlTemplate":"https:\/\/jag.se\/opinion\/?s={search_term_string}"},"query-input":"required name=search_term_string"}],"inLanguage":"sv-SE"},{"@type":"Person","@id":"https:\/\/jag.se\/opinion\/#\/schema\/person\/42ca7c4b556b837c35d83ffe97aa92c0","name":"Alexander Alexandrov","image":{"@type":"ImageObject","inLanguage":"sv-SE","@id":"https:\/\/jag.se\/opinion\/#\/schema\/person\/image\/","url":"https:\/\/secure.gravatar.com\/avatar\/39974ed46e3cb66fe6760e4c288a2722aff8b0a328a2802a65dd6f31fe323990?s=96&d=mm&r=g","contentUrl":"https:\/\/secure.gravatar.com\/avatar\/39974ed46e3cb66fe6760e4c288a2722aff8b0a328a2802a65dd6f31fe323990?s=96&d=mm&r=g","caption":"Alexander Alexandrov"},"sameAs":["https:\/\/jag.se"]}]}},"_links":{"self":[{"href":"https:\/\/jag.se\/opinion\/wp-json\/wp\/v2\/posts\/2209","targetHints":{"allow":["GET"]}}],"collection":[{"href":"https:\/\/jag.se\/opinion\/wp-json\/wp\/v2\/posts"}],"about":[{"href":"https:\/\/jag.se\/opinion\/wp-json\/wp\/v2\/types\/post"}],"author":[{"embeddable":true,"href":"https:\/\/jag.se\/opinion\/wp-json\/wp\/v2\/users\/1"}],"replies":[{"embeddable":true,"href":"https:\/\/jag.se\/opinion\/wp-json\/wp\/v2\/comments?post=2209"}],"version-history":[{"count":1,"href":"https:\/\/jag.se\/opinion\/wp-json\/wp\/v2\/posts\/2209\/revisions"}],"predecessor-version":[{"id":2475,"href":"https:\/\/jag.se\/opinion\/wp-json\/wp\/v2\/posts\/2209\/revisions\/2475"}],"wp:featuredmedia":[{"embeddable":true,"href":"https:\/\/jag.se\/opinion\/wp-json\/wp\/v2\/media\/2474"}],"wp:attachment":[{"href":"https:\/\/jag.se\/opinion\/wp-json\/wp\/v2\/media?parent=2209"}],"wp:term":[{"taxonomy":"category","embeddable":true,"href":"https:\/\/jag.se\/opinion\/wp-json\/wp\/v2\/categories?post=2209"},{"taxonomy":"post_tag","embeddable":true,"href":"https:\/\/jag.se\/opinion\/wp-json\/wp\/v2\/tags?post=2209"}],"curies":[{"name":"wp","href":"https:\/\/api.w.org\/{rel}","templated":true}]}}