{"id":2211,"date":"2021-12-10T09:08:10","date_gmt":"2021-12-10T09:08:10","guid":{"rendered":"https:\/\/jag.se\/opinion\/riksforeningen-jag-far-mr-pris\/"},"modified":"2022-03-18T15:43:56","modified_gmt":"2022-03-18T15:43:56","slug":"riksforeningen-jag-far-mr-pris","status":"publish","type":"post","link":"https:\/\/jag.se\/opinion\/riksforeningen-jag-far-mr-pris\/","title":{"rendered":"Riksf\u00f6reningen JAG f\u00e5r MR-pris"},"content":{"rendered":"<p><strong>P\u00e5 Internationella dagen f\u00f6r m\u00e4nskliga r\u00e4ttigheter, den 10 december, tilldelas Riksf\u00f6reningen JAG MR-priset 2021. Ett pris som Stockholms FN-f\u00f6rening varje \u00e5r delar ut till en organisation som gjort s\u00e4rskilda insatser f\u00f6r m\u00e4nskliga r\u00e4ttigheter i Sverige.<br \/>n<\/strong><\/p>\n<p>\u2013 Vi \u00e4r f\u00f6rst\u00e5s glada att v\u00e5rt arbete uppm\u00e4rksammas, och att v\u00e5r kamp \u00e4r synlig f\u00f6r andra. Men vi \u00e4r framf\u00f6r allt glada f\u00f6r just det h\u00e4r priset, s\u00e4ger Magnus And\u00e9n, ordf\u00f6rande i Riksf\u00f6reningen JAG, genom sin gode man. Att FN-f\u00f6reningen sett att det vi k\u00e4mpar f\u00f6r \u00e4r just m\u00e4nskliga r\u00e4ttigheter.<\/p>\n<p>Motiveringen lyder, \u201dRiksf\u00f6reningen JAGs p\u00e5verkansarbete \u00e4r fr\u00e4mst inriktat p\u00e5 att med alla krafter bevara r\u00e4tten till personlig assistans f\u00f6r personer med nedsatt autonomi. Riksf\u00f6reningen JAG sprider kunskap, i Sverige och internationellt, om hur det g\u00e5r att leva sitt liv med sj\u00e4lvbest\u00e4mmande, i gemenskap med sin familj och som andra i samh\u00e4llet, med b\u00e4sta m\u00f6jliga personligt anpassad assistans.<\/p>\n<p>Riksf\u00f6reningen JAG \u00e4r en del av den svenska Independent Living-r\u00f6relsen som handlar om r\u00e4tten f\u00f6r personer med funktionsneds\u00e4ttning att vara samh\u00e4llsmedborgare som andra. JAG k\u00e4mpar f\u00f6r m\u00e4nskliga r\u00e4ttigheter och mot alla sorters diskriminering och utest\u00e4ngning av personer med intellektuella funktionsneds\u00e4ttningar.<\/p>\n<p>Sverige har skrivit under FNs funktionsr\u00e4ttskonvention och lovat att inte f\u00f6rs\u00e4mra r\u00e4ttigheterna. \u00c4nd\u00e5 h\u00e4nder det nu. JAGs arbete mot att skydda dessa r\u00e4ttigheter g\u00f6r f\u00f6reningen till en v\u00e4rdig mottagare av Stockholms FN-f\u00f6renings MR-pris 2021.\u201d<\/p>\n<p>\u2013 Det \u00e4r en stor \u00e4ra och vi \u00e4r mycket stolta \u00f6ver att f\u00e5 ta emot Stockholms FN-f\u00f6renings MR-pris 2021. Riksf\u00f6reningen JAG har k\u00e4mpat f\u00f6r r\u00e4tten till att leva i frihet och med sj\u00e4lvbest\u00e4mmande f\u00f6r personer med funktionsneds\u00e4ttning sedan 1992, s\u00e4ger Magnus And\u00e9n.<\/p>\n<p>Inl\u00e4gget <a rel=\"nofollow\" href=\"https:\/\/jag.se\/opinion\/riksforeningen-jag-far-mr-pris\/\">Riksf\u00f6reningen JAG f\u00e5r MR-pris<\/a> d\u00f6k f\u00f6rst upp p\u00e5 <a rel=\"nofollow\" href=\"https:\/\/jag.se\/opinion\">Riksf\u00f6reningen JAG<\/a>.<\/p>\n","protected":false},"excerpt":{"rendered":"<p>P\u00e5 Internationella dagen f\u00f6r m\u00e4nskliga r\u00e4ttigheter, den 10 december, tilldelas Riksf\u00f6reningen JAG MR-priset 2021. Ett pris som Stockholms FN-f\u00f6rening varje \u00e5r delar ut till en organisation som gjort s\u00e4rskilda insatser f\u00f6r m\u00e4nskliga r\u00e4ttigheter i Sverige.n \u2013 Vi \u00e4r f\u00f6rst\u00e5s glada att v\u00e5rt arbete uppm\u00e4rksammas, och att v\u00e5r kamp \u00e4r synlig f\u00f6r andra. Men vi \u00e4r<\/p>\n","protected":false},"author":1,"featured_media":2470,"comment_status":"closed","ping_status":"open","sticky":false,"template":"","format":"standard","meta":{"footnotes":""},"categories":[1],"tags":[],"class_list":["post-2211","post","type-post","status-publish","format-standard","has-post-thumbnail","hentry","category-uncategorized"],"acf":[],"yoast_head":"<!-- This site is optimized with the Yoast SEO plugin v21.3 - https:\/\/yoast.com\/wordpress\/plugins\/seo\/ -->\n<title>Riksf\u00f6reningen JAG f\u00e5r MR-pris - JAG Opinion<\/title>\n<meta name=\"robots\" content=\"index, follow, max-snippet:-1, max-image-preview:large, max-video-preview:-1\" \/>\n<link rel=\"canonical\" href=\"https:\/\/jag.se\/opinion\/riksforeningen-jag-far-mr-pris\/\" \/>\n<meta property=\"og:locale\" content=\"sv_SE\" \/>\n<meta property=\"og:type\" content=\"article\" \/>\n<meta property=\"og:title\" content=\"Riksf\u00f6reningen JAG f\u00e5r MR-pris - JAG Opinion\" \/>\n<meta property=\"og:description\" content=\"P\u00e5 Internationella dagen f\u00f6r m\u00e4nskliga r\u00e4ttigheter, den 10 december, tilldelas Riksf\u00f6reningen JAG MR-priset 2021. Ett pris som Stockholms FN-f\u00f6rening varje \u00e5r delar ut till en organisation som gjort s\u00e4rskilda insatser f\u00f6r m\u00e4nskliga r\u00e4ttigheter i Sverige.n \u2013 Vi \u00e4r f\u00f6rst\u00e5s glada att v\u00e5rt arbete uppm\u00e4rksammas, och att v\u00e5r kamp \u00e4r synlig f\u00f6r andra. Men vi \u00e4r\" \/>\n<meta property=\"og:url\" content=\"https:\/\/jag.se\/opinion\/riksforeningen-jag-far-mr-pris\/\" \/>\n<meta property=\"og:site_name\" content=\"JAG Opinion\" \/>\n<meta property=\"article:published_time\" content=\"2021-12-10T09:08:10+00:00\" \/>\n<meta property=\"article:modified_time\" content=\"2022-03-18T15:43:56+00:00\" \/>\n<meta property=\"og:image\" content=\"https:\/\/jag.se\/wp-content\/uploads\/sites\/3\/2021\/12\/Magnus_Anden-e1639128201775-1.jpg\" \/>\n\t<meta property=\"og:image:width\" content=\"450\" \/>\n\t<meta property=\"og:image:height\" content=\"531\" \/>\n\t<meta property=\"og:image:type\" content=\"image\/jpeg\" \/>\n<meta name=\"author\" content=\"Alexander Alexandrov\" \/>\n<meta name=\"twitter:card\" content=\"summary_large_image\" \/>\n<meta name=\"twitter:label1\" content=\"Skriven av\" \/>\n\t<meta name=\"twitter:data1\" content=\"Alexander Alexandrov\" \/>\n\t<meta name=\"twitter:label2\" content=\"Ber\u00e4knad l\u00e4stid\" \/>\n\t<meta name=\"twitter:data2\" content=\"2 minuter\" \/>\n<script type=\"application\/ld+json\" class=\"yoast-schema-graph\">{\"@context\":\"https:\/\/schema.org\",\"@graph\":[{\"@type\":\"WebPage\",\"@id\":\"https:\/\/jag.se\/opinion\/riksforeningen-jag-far-mr-pris\/\",\"url\":\"https:\/\/jag.se\/opinion\/riksforeningen-jag-far-mr-pris\/\",\"name\":\"Riksf\u00f6reningen JAG f\u00e5r MR-pris - JAG Opinion\",\"isPartOf\":{\"@id\":\"https:\/\/jag.se\/opinion\/#website\"},\"datePublished\":\"2021-12-10T09:08:10+00:00\",\"dateModified\":\"2022-03-18T15:43:56+00:00\",\"author\":{\"@id\":\"https:\/\/jag.se\/opinion\/#\/schema\/person\/42ca7c4b556b837c35d83ffe97aa92c0\"},\"breadcrumb\":{\"@id\":\"https:\/\/jag.se\/opinion\/riksforeningen-jag-far-mr-pris\/#breadcrumb\"},\"inLanguage\":\"sv-SE\",\"potentialAction\":[{\"@type\":\"ReadAction\",\"target\":[\"https:\/\/jag.se\/opinion\/riksforeningen-jag-far-mr-pris\/\"]}]},{\"@type\":\"BreadcrumbList\",\"@id\":\"https:\/\/jag.se\/opinion\/riksforeningen-jag-far-mr-pris\/#breadcrumb\",\"itemListElement\":[{\"@type\":\"ListItem\",\"position\":1,\"name\":\"JAG start\",\"item\":\"https:\/\/jag.se\"},{\"@type\":\"ListItem\",\"position\":2,\"name\":\"Riksf\u00f6reningen JAG\",\"item\":\"https:\/\/jag.se\/opinion\/\"},{\"@type\":\"ListItem\",\"position\":3,\"name\":\"Riksf\u00f6reningen JAG f\u00e5r MR-pris\"}]},{\"@type\":\"WebSite\",\"@id\":\"https:\/\/jag.se\/opinion\/#website\",\"url\":\"https:\/\/jag.se\/opinion\/\",\"name\":\"JAG Opinion\",\"description\":\"\",\"potentialAction\":[{\"@type\":\"SearchAction\",\"target\":{\"@type\":\"EntryPoint\",\"urlTemplate\":\"https:\/\/jag.se\/opinion\/?s={search_term_string}\"},\"query-input\":\"required name=search_term_string\"}],\"inLanguage\":\"sv-SE\"},{\"@type\":\"Person\",\"@id\":\"https:\/\/jag.se\/opinion\/#\/schema\/person\/42ca7c4b556b837c35d83ffe97aa92c0\",\"name\":\"Alexander Alexandrov\",\"image\":{\"@type\":\"ImageObject\",\"inLanguage\":\"sv-SE\",\"@id\":\"https:\/\/jag.se\/opinion\/#\/schema\/person\/image\/\",\"url\":\"https:\/\/secure.gravatar.com\/avatar\/39974ed46e3cb66fe6760e4c288a2722aff8b0a328a2802a65dd6f31fe323990?s=96&d=mm&r=g\",\"contentUrl\":\"https:\/\/secure.gravatar.com\/avatar\/39974ed46e3cb66fe6760e4c288a2722aff8b0a328a2802a65dd6f31fe323990?s=96&d=mm&r=g\",\"caption\":\"Alexander Alexandrov\"},\"sameAs\":[\"https:\/\/jag.se\"]}]}<\/script>\n<!-- \/ Yoast SEO plugin. -->","yoast_head_json":{"title":"Riksf\u00f6reningen JAG f\u00e5r MR-pris - JAG Opinion","robots":{"index":"index","follow":"follow","max-snippet":"max-snippet:-1","max-image-preview":"max-image-preview:large","max-video-preview":"max-video-preview:-1"},"canonical":"https:\/\/jag.se\/opinion\/riksforeningen-jag-far-mr-pris\/","og_locale":"sv_SE","og_type":"article","og_title":"Riksf\u00f6reningen JAG f\u00e5r MR-pris - JAG Opinion","og_description":"P\u00e5 Internationella dagen f\u00f6r m\u00e4nskliga r\u00e4ttigheter, den 10 december, tilldelas Riksf\u00f6reningen JAG MR-priset 2021. Ett pris som Stockholms FN-f\u00f6rening varje \u00e5r delar ut till en organisation som gjort s\u00e4rskilda insatser f\u00f6r m\u00e4nskliga r\u00e4ttigheter i Sverige.n \u2013 Vi \u00e4r f\u00f6rst\u00e5s glada att v\u00e5rt arbete uppm\u00e4rksammas, och att v\u00e5r kamp \u00e4r synlig f\u00f6r andra. Men vi \u00e4r","og_url":"https:\/\/jag.se\/opinion\/riksforeningen-jag-far-mr-pris\/","og_site_name":"JAG Opinion","article_published_time":"2021-12-10T09:08:10+00:00","article_modified_time":"2022-03-18T15:43:56+00:00","og_image":[{"width":450,"height":531,"url":"https:\/\/jag.se\/wp-content\/uploads\/sites\/3\/2021\/12\/Magnus_Anden-e1639128201775-1.jpg","type":"image\/jpeg"}],"author":"Alexander Alexandrov","twitter_card":"summary_large_image","twitter_misc":{"Skriven av":"Alexander Alexandrov","Ber\u00e4knad l\u00e4stid":"2 minuter"},"schema":{"@context":"https:\/\/schema.org","@graph":[{"@type":"WebPage","@id":"https:\/\/jag.se\/opinion\/riksforeningen-jag-far-mr-pris\/","url":"https:\/\/jag.se\/opinion\/riksforeningen-jag-far-mr-pris\/","name":"Riksf\u00f6reningen JAG f\u00e5r MR-pris - JAG Opinion","isPartOf":{"@id":"https:\/\/jag.se\/opinion\/#website"},"datePublished":"2021-12-10T09:08:10+00:00","dateModified":"2022-03-18T15:43:56+00:00","author":{"@id":"https:\/\/jag.se\/opinion\/#\/schema\/person\/42ca7c4b556b837c35d83ffe97aa92c0"},"breadcrumb":{"@id":"https:\/\/jag.se\/opinion\/riksforeningen-jag-far-mr-pris\/#breadcrumb"},"inLanguage":"sv-SE","potentialAction":[{"@type":"ReadAction","target":["https:\/\/jag.se\/opinion\/riksforeningen-jag-far-mr-pris\/"]}]},{"@type":"BreadcrumbList","@id":"https:\/\/jag.se\/opinion\/riksforeningen-jag-far-mr-pris\/#breadcrumb","itemListElement":[{"@type":"ListItem","position":1,"name":"JAG start","item":"https:\/\/jag.se"},{"@type":"ListItem","position":2,"name":"Riksf\u00f6reningen JAG","item":"https:\/\/jag.se\/opinion\/"},{"@type":"ListItem","position":3,"name":"Riksf\u00f6reningen JAG f\u00e5r MR-pris"}]},{"@type":"WebSite","@id":"https:\/\/jag.se\/opinion\/#website","url":"https:\/\/jag.se\/opinion\/","name":"JAG Opinion","description":"","potentialAction":[{"@type":"SearchAction","target":{"@type":"EntryPoint","urlTemplate":"https:\/\/jag.se\/opinion\/?s={search_term_string}"},"query-input":"required name=search_term_string"}],"inLanguage":"sv-SE"},{"@type":"Person","@id":"https:\/\/jag.se\/opinion\/#\/schema\/person\/42ca7c4b556b837c35d83ffe97aa92c0","name":"Alexander Alexandrov","image":{"@type":"ImageObject","inLanguage":"sv-SE","@id":"https:\/\/jag.se\/opinion\/#\/schema\/person\/image\/","url":"https:\/\/secure.gravatar.com\/avatar\/39974ed46e3cb66fe6760e4c288a2722aff8b0a328a2802a65dd6f31fe323990?s=96&d=mm&r=g","contentUrl":"https:\/\/secure.gravatar.com\/avatar\/39974ed46e3cb66fe6760e4c288a2722aff8b0a328a2802a65dd6f31fe323990?s=96&d=mm&r=g","caption":"Alexander Alexandrov"},"sameAs":["https:\/\/jag.se"]}]}},"_links":{"self":[{"href":"https:\/\/jag.se\/opinion\/wp-json\/wp\/v2\/posts\/2211","targetHints":{"allow":["GET"]}}],"collection":[{"href":"https:\/\/jag.se\/opinion\/wp-json\/wp\/v2\/posts"}],"about":[{"href":"https:\/\/jag.se\/opinion\/wp-json\/wp\/v2\/types\/post"}],"author":[{"embeddable":true,"href":"https:\/\/jag.se\/opinion\/wp-json\/wp\/v2\/users\/1"}],"replies":[{"embeddable":true,"href":"https:\/\/jag.se\/opinion\/wp-json\/wp\/v2\/comments?post=2211"}],"version-history":[{"count":1,"href":"https:\/\/jag.se\/opinion\/wp-json\/wp\/v2\/posts\/2211\/revisions"}],"predecessor-version":[{"id":2471,"href":"https:\/\/jag.se\/opinion\/wp-json\/wp\/v2\/posts\/2211\/revisions\/2471"}],"wp:featuredmedia":[{"embeddable":true,"href":"https:\/\/jag.se\/opinion\/wp-json\/wp\/v2\/media\/2470"}],"wp:attachment":[{"href":"https:\/\/jag.se\/opinion\/wp-json\/wp\/v2\/media?parent=2211"}],"wp:term":[{"taxonomy":"category","embeddable":true,"href":"https:\/\/jag.se\/opinion\/wp-json\/wp\/v2\/categories?post=2211"},{"taxonomy":"post_tag","embeddable":true,"href":"https:\/\/jag.se\/opinion\/wp-json\/wp\/v2\/tags?post=2211"}],"curies":[{"name":"wp","href":"https:\/\/api.w.org\/{rel}","templated":true}]}}