{"id":2212,"date":"2021-12-02T10:01:00","date_gmt":"2021-12-02T10:01:00","guid":{"rendered":"https:\/\/jag.se\/opinion\/lite-kyla-stoppar-inte-oss-aktivister\/"},"modified":"2022-05-13T13:32:29","modified_gmt":"2022-05-13T13:32:29","slug":"lite-kyla-stoppar-inte-oss-aktivister","status":"publish","type":"post","link":"https:\/\/jag.se\/opinion\/lite-kyla-stoppar-inte-oss-aktivister\/","title":{"rendered":"Lite kyla stoppar inte oss aktivister!"},"content":{"rendered":"<p>P\u00e5 fredag 3 december \u00e4r det internationella funktionsr\u00e4ttsdagen. H\u00e4r kan du se vad som h\u00e4nder runt om i landet. Ta p\u00e5 dina varmaste kl\u00e4der och h\u00e4ng med!<\/p>\n<p>Du kan\u00a0\u00e4ven uppm\u00e4rksamma\u00a0funktionsr\u00e4ttsdagen digitalt.<\/p>\n<p><strong>Digital manifestation<\/strong><\/p>\n<p>L\u00e4gg upp en bild p\u00e5 dig sj\u00e4lv p\u00e5 Facebook, Instagram, Tiktok och\/eller annan social plattform. Bilden ska vara p\u00e5 n\u00e4r du k\u00e4nner dig som starkast och b\u00e4st, och i beskrivningen skriver du #jag\u00e4rsomdu, #m\u00e4nskligar\u00e4ttigheter och, om du vill, en kort text om varf\u00f6r internationella funktionsr\u00e4ttsdagen \u00e4r viktig f\u00f6r dig. Du f\u00e5r g\u00e4rna tagga @jagforeningen, taggen fungerar b\u00e5de p\u00e5 Facebook och Instagram. Om du inte har sociala medier men vill vara med \u00e4nd\u00e5, skicka din bild och text till <a href=\"mailto:kerstin.sellin@jag.se\">kerstin.sellin@jag.se<\/a> s\u00e5 l\u00e4gger vi upp din bild!<\/p>\n<p><strong>Om du vill demonstrera i\u00a0Stockholm\u00a0<\/strong><br \/>\nn11:30 Samling p\u00e5 JAGs kansli, Klara S\u00f6dra kyrkogata 1. Det bjuds p\u00e5 korv och mos, varm dryck (gl\u00f6gg, kaffe och te), pepp och pepparkakor.<br \/>\nn13:00 (ca) Demonstrationst\u00e5get g\u00e5r fr\u00e5n JAGs kansli med poliseskort mot Mynttorget. F\u00e4rdv\u00e4g: Klara v\u00e4stra kyrkogata-Klarabergsgatan-Hamngatan-Kungstr\u00e4dg\u00e5rdsgatan-Str\u00f6mbron-Slottskajen.<br \/>\nn14\u201315 Manifestation p\u00e5 Mynttorget med tal av Magnus And\u00e9n, ordf\u00f6rande Riksf\u00f6reningen JAG, Simon Johansson, ordf\u00f6rande F\u00f6reningen JAG Stockholm och Johan Klinthammar, ordf\u00f6rande RBU samt livemusik med KSMB<br \/>\nn15:00 Manifestationen avslutas. JAGs kansli h\u00e5ller \u00f6ppet fram till kl 16.30.<\/p>\n<p><strong>Om du vill demonstrera i\u00a0Karlstad<\/strong><br \/>\nnF\u00f6reningen JAG V\u00e4rmland samarbetar med FUB Karlstad och HSO Karlstad.<br \/>\nn15.00 Vi samlas vid\u00a0Norra kyrkogatan 4\u00a0och marscherar sedan\u00a0till Soltorget.\u00a0Vi bjuder p\u00e5 gl\u00f6gg och pepparkakor.<br \/>\nn17.30\u00a0Demonstrationen avslutas.<\/p>\n<p><strong>Om du vill demonstrera i\u00a0Sundsvall<\/strong><br \/>\nn16.00 Samling p\u00e5 Tr\u00e4ffpunkten, Kyrkogatan 29,\u00a0och avf\u00e4rd fr\u00e5n lokalen genom Sundsvall<br \/>\nn16.30 S\u00e5ng med \u201cSmultron och s\u00e5ng\u201d p\u00e5 torget.<br \/>\nn17.00 Korv och mingel p\u00e5 Tr\u00e4ffpunkten.<\/p>\n<p><strong>Om du vill demonstrera i\u00a0Kalmar<\/strong><br \/>\nn14.00\u00a0Samling\u00a0p\u00e5 Larmtorget, Kalmar<br \/>\nnVi avslutar med adventsfika och mingel p\u00e5 Kaggensgatan 11 F\u00f6reningen JAG Sydosts lokaler.<\/p>\n<p><strong>Om du vill demonstrera i\u00a0Mora<\/strong><br \/>\nnMedlemmarna i F\u00f6reningen JAG Dalarna kommer demonstrera i Mora centrum.<\/p>\n<p><strong>Om du vill demonstrera i\u00a0Malm\u00f6<\/strong><\/p>\n<p>OBS tiden! S\u00f6ndag\u00a0den\u00a05 december, kl. 13\u201315 p\u00e5 Sankt Johannesplan i Malm\u00f6.<\/p>\n<p>13:05-13:20 Tal av Natalie Eneke, RBU<br \/>\nn13:30-13:45 Tal av William Hedendahl<br \/>\nn14:00-14:15 Tal av Jeanette Fridh, FUB<br \/>\nn14:30-14:45 Tal av Anton Smeets, F\u00f6reningen JAG Sk\u00e5ne<\/p>\n<p>Gl\u00f6m inte att l\u00e4gga upp dina f\u00f6rberedelser p\u00e5 sociala medier! Tagga med @jagforeningen och #jag\u00e4rsomdu<\/p>\n<p>Inl\u00e4gget <a href=\"https:\/\/jag.se\/opinion\/lite-kyla-stoppar-inte-oss-aktivister\/\" rel=\"nofollow\">Lite kyla stoppar inte oss aktivister!<\/a> d\u00f6k f\u00f6rst upp p\u00e5 <a href=\"https:\/\/jag.se\/opinion\" rel=\"nofollow\">Riksf\u00f6reningen JAG<\/a>.<\/p>\n","protected":false},"excerpt":{"rendered":"<p>P\u00e5 fredag 3 december \u00e4r det internationella funktionsr\u00e4ttsdagen. H\u00e4r kan du se vad som h\u00e4nder runt om i landet. Ta p\u00e5 dina varmaste kl\u00e4der och h\u00e4ng med! Du kan\u00a0\u00e4ven uppm\u00e4rksamma\u00a0funktionsr\u00e4ttsdagen digitalt. Digital manifestation L\u00e4gg upp en bild p\u00e5 dig sj\u00e4lv p\u00e5 Facebook, Instagram, Tiktok och\/eller annan social plattform. Bilden ska vara p\u00e5 n\u00e4r du k\u00e4nner<\/p>\n","protected":false},"author":1,"featured_media":2468,"comment_status":"closed","ping_status":"open","sticky":false,"template":"","format":"standard","meta":{"footnotes":""},"categories":[1],"tags":[],"class_list":["post-2212","post","type-post","status-publish","format-standard","has-post-thumbnail","hentry","category-uncategorized"],"acf":[],"yoast_head":"<!-- This site is optimized with the Yoast SEO plugin v21.3 - https:\/\/yoast.com\/wordpress\/plugins\/seo\/ -->\n<title>Lite kyla stoppar inte oss aktivister! - JAG Opinion<\/title>\n<meta name=\"robots\" content=\"index, follow, max-snippet:-1, max-image-preview:large, max-video-preview:-1\" \/>\n<link rel=\"canonical\" href=\"https:\/\/jag.se\/opinion\/lite-kyla-stoppar-inte-oss-aktivister\/\" \/>\n<meta property=\"og:locale\" content=\"sv_SE\" \/>\n<meta property=\"og:type\" content=\"article\" \/>\n<meta property=\"og:title\" content=\"Lite kyla stoppar inte oss aktivister! - JAG Opinion\" \/>\n<meta property=\"og:description\" content=\"P\u00e5 fredag 3 december \u00e4r det internationella funktionsr\u00e4ttsdagen. H\u00e4r kan du se vad som h\u00e4nder runt om i landet. Ta p\u00e5 dina varmaste kl\u00e4der och h\u00e4ng med! Du kan\u00a0\u00e4ven uppm\u00e4rksamma\u00a0funktionsr\u00e4ttsdagen digitalt. Digital manifestation L\u00e4gg upp en bild p\u00e5 dig sj\u00e4lv p\u00e5 Facebook, Instagram, Tiktok och\/eller annan social plattform. Bilden ska vara p\u00e5 n\u00e4r du k\u00e4nner\" \/>\n<meta property=\"og:url\" content=\"https:\/\/jag.se\/opinion\/lite-kyla-stoppar-inte-oss-aktivister\/\" \/>\n<meta property=\"og:site_name\" content=\"JAG Opinion\" \/>\n<meta property=\"article:published_time\" content=\"2021-12-02T10:01:00+00:00\" \/>\n<meta property=\"article:modified_time\" content=\"2022-05-13T13:32:29+00:00\" \/>\n<meta property=\"og:image\" content=\"https:\/\/jag.se\/wp-content\/uploads\/sites\/3\/2021\/12\/Liten-rulleaktivist-ljusrosa-1.png\" \/>\n\t<meta property=\"og:image:width\" content=\"150\" \/>\n\t<meta property=\"og:image:height\" content=\"150\" \/>\n\t<meta property=\"og:image:type\" content=\"image\/png\" \/>\n<meta name=\"author\" content=\"Alexander Alexandrov\" \/>\n<meta name=\"twitter:card\" content=\"summary_large_image\" \/>\n<meta name=\"twitter:label1\" content=\"Skriven av\" \/>\n\t<meta name=\"twitter:data1\" content=\"Alexander Alexandrov\" \/>\n\t<meta name=\"twitter:label2\" content=\"Ber\u00e4knad l\u00e4stid\" \/>\n\t<meta name=\"twitter:data2\" content=\"2 minuter\" \/>\n<script type=\"application\/ld+json\" class=\"yoast-schema-graph\">{\"@context\":\"https:\/\/schema.org\",\"@graph\":[{\"@type\":\"WebPage\",\"@id\":\"https:\/\/jag.se\/opinion\/lite-kyla-stoppar-inte-oss-aktivister\/\",\"url\":\"https:\/\/jag.se\/opinion\/lite-kyla-stoppar-inte-oss-aktivister\/\",\"name\":\"Lite kyla stoppar inte oss aktivister! - JAG Opinion\",\"isPartOf\":{\"@id\":\"https:\/\/jag.se\/opinion\/#website\"},\"datePublished\":\"2021-12-02T10:01:00+00:00\",\"dateModified\":\"2022-05-13T13:32:29+00:00\",\"author\":{\"@id\":\"https:\/\/jag.se\/opinion\/#\/schema\/person\/90dd15a2a47e0c05d666bd8dcc143c05\"},\"breadcrumb\":{\"@id\":\"https:\/\/jag.se\/opinion\/lite-kyla-stoppar-inte-oss-aktivister\/#breadcrumb\"},\"inLanguage\":\"sv-SE\",\"potentialAction\":[{\"@type\":\"ReadAction\",\"target\":[\"https:\/\/jag.se\/opinion\/lite-kyla-stoppar-inte-oss-aktivister\/\"]}]},{\"@type\":\"BreadcrumbList\",\"@id\":\"https:\/\/jag.se\/opinion\/lite-kyla-stoppar-inte-oss-aktivister\/#breadcrumb\",\"itemListElement\":[{\"@type\":\"ListItem\",\"position\":1,\"name\":\"JAG start\",\"item\":\"https:\/\/jag.se\"},{\"@type\":\"ListItem\",\"position\":2,\"name\":\"Riksf\u00f6reningen JAG\",\"item\":\"https:\/\/jag.se\/opinion\/\"},{\"@type\":\"ListItem\",\"position\":3,\"name\":\"Lite kyla stoppar inte oss aktivister!\"}]},{\"@type\":\"WebSite\",\"@id\":\"https:\/\/jag.se\/opinion\/#website\",\"url\":\"https:\/\/jag.se\/opinion\/\",\"name\":\"JAG Opinion\",\"description\":\"\",\"potentialAction\":[{\"@type\":\"SearchAction\",\"target\":{\"@type\":\"EntryPoint\",\"urlTemplate\":\"https:\/\/jag.se\/opinion\/?s={search_term_string}\"},\"query-input\":\"required name=search_term_string\"}],\"inLanguage\":\"sv-SE\"},{\"@type\":\"Person\",\"@id\":\"https:\/\/jag.se\/opinion\/#\/schema\/person\/90dd15a2a47e0c05d666bd8dcc143c05\",\"name\":\"Alexander Alexandrov\",\"image\":{\"@type\":\"ImageObject\",\"inLanguage\":\"sv-SE\",\"@id\":\"https:\/\/jag.se\/opinion\/#\/schema\/person\/image\/\",\"url\":\"https:\/\/secure.gravatar.com\/avatar\/39974ed46e3cb66fe6760e4c288a2722aff8b0a328a2802a65dd6f31fe323990?s=96&d=mm&r=g\",\"contentUrl\":\"https:\/\/secure.gravatar.com\/avatar\/39974ed46e3cb66fe6760e4c288a2722aff8b0a328a2802a65dd6f31fe323990?s=96&d=mm&r=g\",\"caption\":\"Alexander Alexandrov\"},\"sameAs\":[\"https:\/\/jag.se\"]}]}<\/script>\n<!-- \/ Yoast SEO plugin. -->","yoast_head_json":{"title":"Lite kyla stoppar inte oss aktivister! - JAG Opinion","robots":{"index":"index","follow":"follow","max-snippet":"max-snippet:-1","max-image-preview":"max-image-preview:large","max-video-preview":"max-video-preview:-1"},"canonical":"https:\/\/jag.se\/opinion\/lite-kyla-stoppar-inte-oss-aktivister\/","og_locale":"sv_SE","og_type":"article","og_title":"Lite kyla stoppar inte oss aktivister! - JAG Opinion","og_description":"P\u00e5 fredag 3 december \u00e4r det internationella funktionsr\u00e4ttsdagen. H\u00e4r kan du se vad som h\u00e4nder runt om i landet. Ta p\u00e5 dina varmaste kl\u00e4der och h\u00e4ng med! Du kan\u00a0\u00e4ven uppm\u00e4rksamma\u00a0funktionsr\u00e4ttsdagen digitalt. Digital manifestation L\u00e4gg upp en bild p\u00e5 dig sj\u00e4lv p\u00e5 Facebook, Instagram, Tiktok och\/eller annan social plattform. Bilden ska vara p\u00e5 n\u00e4r du k\u00e4nner","og_url":"https:\/\/jag.se\/opinion\/lite-kyla-stoppar-inte-oss-aktivister\/","og_site_name":"JAG Opinion","article_published_time":"2021-12-02T10:01:00+00:00","article_modified_time":"2022-05-13T13:32:29+00:00","og_image":[{"width":150,"height":150,"url":"https:\/\/jag.se\/wp-content\/uploads\/sites\/3\/2021\/12\/Liten-rulleaktivist-ljusrosa-1.png","type":"image\/png"}],"author":"Alexander Alexandrov","twitter_card":"summary_large_image","twitter_misc":{"Skriven av":"Alexander Alexandrov","Ber\u00e4knad l\u00e4stid":"2 minuter"},"schema":{"@context":"https:\/\/schema.org","@graph":[{"@type":"WebPage","@id":"https:\/\/jag.se\/opinion\/lite-kyla-stoppar-inte-oss-aktivister\/","url":"https:\/\/jag.se\/opinion\/lite-kyla-stoppar-inte-oss-aktivister\/","name":"Lite kyla stoppar inte oss aktivister! - JAG Opinion","isPartOf":{"@id":"https:\/\/jag.se\/opinion\/#website"},"datePublished":"2021-12-02T10:01:00+00:00","dateModified":"2022-05-13T13:32:29+00:00","author":{"@id":"https:\/\/jag.se\/opinion\/#\/schema\/person\/90dd15a2a47e0c05d666bd8dcc143c05"},"breadcrumb":{"@id":"https:\/\/jag.se\/opinion\/lite-kyla-stoppar-inte-oss-aktivister\/#breadcrumb"},"inLanguage":"sv-SE","potentialAction":[{"@type":"ReadAction","target":["https:\/\/jag.se\/opinion\/lite-kyla-stoppar-inte-oss-aktivister\/"]}]},{"@type":"BreadcrumbList","@id":"https:\/\/jag.se\/opinion\/lite-kyla-stoppar-inte-oss-aktivister\/#breadcrumb","itemListElement":[{"@type":"ListItem","position":1,"name":"JAG start","item":"https:\/\/jag.se"},{"@type":"ListItem","position":2,"name":"Riksf\u00f6reningen JAG","item":"https:\/\/jag.se\/opinion\/"},{"@type":"ListItem","position":3,"name":"Lite kyla stoppar inte oss aktivister!"}]},{"@type":"WebSite","@id":"https:\/\/jag.se\/opinion\/#website","url":"https:\/\/jag.se\/opinion\/","name":"JAG Opinion","description":"","potentialAction":[{"@type":"SearchAction","target":{"@type":"EntryPoint","urlTemplate":"https:\/\/jag.se\/opinion\/?s={search_term_string}"},"query-input":"required name=search_term_string"}],"inLanguage":"sv-SE"},{"@type":"Person","@id":"https:\/\/jag.se\/opinion\/#\/schema\/person\/90dd15a2a47e0c05d666bd8dcc143c05","name":"Alexander Alexandrov","image":{"@type":"ImageObject","inLanguage":"sv-SE","@id":"https:\/\/jag.se\/opinion\/#\/schema\/person\/image\/","url":"https:\/\/secure.gravatar.com\/avatar\/39974ed46e3cb66fe6760e4c288a2722aff8b0a328a2802a65dd6f31fe323990?s=96&d=mm&r=g","contentUrl":"https:\/\/secure.gravatar.com\/avatar\/39974ed46e3cb66fe6760e4c288a2722aff8b0a328a2802a65dd6f31fe323990?s=96&d=mm&r=g","caption":"Alexander Alexandrov"},"sameAs":["https:\/\/jag.se"]}]}},"_links":{"self":[{"href":"https:\/\/jag.se\/opinion\/wp-json\/wp\/v2\/posts\/2212","targetHints":{"allow":["GET"]}}],"collection":[{"href":"https:\/\/jag.se\/opinion\/wp-json\/wp\/v2\/posts"}],"about":[{"href":"https:\/\/jag.se\/opinion\/wp-json\/wp\/v2\/types\/post"}],"author":[{"embeddable":true,"href":"https:\/\/jag.se\/opinion\/wp-json\/wp\/v2\/users\/1"}],"replies":[{"embeddable":true,"href":"https:\/\/jag.se\/opinion\/wp-json\/wp\/v2\/comments?post=2212"}],"version-history":[{"count":2,"href":"https:\/\/jag.se\/opinion\/wp-json\/wp\/v2\/posts\/2212\/revisions"}],"predecessor-version":[{"id":5403,"href":"https:\/\/jag.se\/opinion\/wp-json\/wp\/v2\/posts\/2212\/revisions\/5403"}],"wp:featuredmedia":[{"embeddable":true,"href":"https:\/\/jag.se\/opinion\/wp-json\/wp\/v2\/media\/2468"}],"wp:attachment":[{"href":"https:\/\/jag.se\/opinion\/wp-json\/wp\/v2\/media?parent=2212"}],"wp:term":[{"taxonomy":"category","embeddable":true,"href":"https:\/\/jag.se\/opinion\/wp-json\/wp\/v2\/categories?post=2212"},{"taxonomy":"post_tag","embeddable":true,"href":"https:\/\/jag.se\/opinion\/wp-json\/wp\/v2\/tags?post=2212"}],"curies":[{"name":"wp","href":"https:\/\/api.w.org\/{rel}","templated":true}]}}