{"id":2213,"date":"2021-11-22T14:59:20","date_gmt":"2021-11-22T14:59:20","guid":{"rendered":"https:\/\/jag.se\/opinion\/inget-barn-ska-behova-vaxa-upp-pa-institution\/"},"modified":"2022-03-18T15:43:56","modified_gmt":"2022-03-18T15:43:56","slug":"inget-barn-ska-behova-vaxa-upp-pa-institution","status":"publish","type":"post","link":"https:\/\/jag.se\/opinion\/inget-barn-ska-behova-vaxa-upp-pa-institution\/","title":{"rendered":"Inget barn ska beh\u00f6va v\u00e4xa upp p\u00e5 institution"},"content":{"rendered":"<p><strong>Det finns bara vinnare n\u00e4r tolv\u00e5rige Iskander Odenson till slut fick den insats han enligt lagen har r\u00e4tt till \u2013 personlig assistans. Iskander kunde flytta hem till sin familj och J\u00e4rf\u00e4lla kommun sparar 124 000 i m\u00e5naden och uppfyller samtidigt barnkonventionens krav p\u00e5 att barn inte ska skiljas fr\u00e5n sina f\u00f6r\u00e4ldrar.<\/strong><\/p>\n<p>Iskander har sedan f\u00f6dseln en intellektuell funktionsneds\u00e4ttning p\u00e5 grund av en genetisk skada. Hans tal \u00e4r sv\u00e5rt att f\u00f6rst\u00e5 f\u00f6r utomst\u00e5ende och han f\u00e5r ofta sv\u00e5ra krampanfall. Liksom s\u00e5 m\u00e5nga andra f\u00f6r\u00e4ldrar till barn med funktionsneds\u00e4ttning har Iskanders f\u00f6r\u00e4ldrar f\u00f6rt en l\u00e5ng kamp f\u00f6r att f\u00e5 n\u00f6dv\u00e4ndiga omsorger beviljade. Kommunala insatser som anpassad f\u00f6rskola, avl\u00f6sarservice och korttidsboende var viktiga, men familjen knakade i fogarna och 2017 separerade f\u00f6r\u00e4ldrarna. \u00c5r 2019 var kritiskt, d\u00e5 debuterade Iskanders sv\u00e5ra epilepsi och hans mormor fick cancer. Iskanders mamma ,Elin Engstr\u00f6m, var p\u00e5 gr\u00e4nsen att inte l\u00e4ngre orka b\u00e4ra huvudansvaret f\u00f6r familjen<strong>.<\/strong><\/p>\n<p><strong>Barnboende<\/strong><\/p>\n<p>Kommunens handl\u00e4ggare ins\u00e5g situationens allvar, \u00e4nd\u00e5 ans\u00e5gs personlig assistans inte vara en realistisk l\u00f6sning. I st\u00e4llet erbj\u00f6ds Iskander plats p\u00e5 ett av omsorgsf\u00f6retaget Nytidas barnboenden. Elin gick motvilligt med p\u00e5 att ans\u00f6ka om en plats f\u00f6r Iskander.<\/p>\n<p>\u2013 Jag sj\u00e4lv var tio \u00e5r n\u00e4r jag fick l\u00e4mna min biologiska mamma. Det gjorde det extra starkt att jag skulle beh\u00f6va l\u00e4mna bort mitt barn. Det var fruktansv\u00e4rt.<\/p>\n<p>Iskander flyttade in p\u00e5 boendet och redan f\u00f6rsta natten fick Elin telefon fr\u00e5n hemmet. Iskander var p\u00e5 akuten med ett stort fult jack i huvudet.<\/p>\n<p>F\u00f6ljande veckor h\u00e4nde ytterligare tv\u00e5 olyckor p\u00e5 boendet. En fallskada i pannan och bit- och kl\u00f6sm\u00e4rken p\u00e5 Iskanders rygg. Olyckorna resulterade i tv\u00e5 Lex Sarah-anm\u00e4lningar. Efter 22 dagar p\u00e5 boendet h\u00e4mtade Elin hem sin son. Tre m\u00e5nader senare beviljade J\u00e4rf\u00e4lla kommun personlig assistans, 28,7 timmar i veckan och korttidsboende en helg i m\u00e5naden. Nu kan Iskander bo kvar hemma.<\/p>\n<p>\u2013 Det viktigaste \u00e4r att han har r\u00e4tt att bo hos sina f\u00f6r\u00e4ldrar, s\u00e4ger Elin med h\u00e4nvisning till barnkonventionen. Iskander har det sj\u00e4lvklart tryggare och h\u00e4r med st\u00f6d av personlig assistans.<\/p>\n<p><strong>I utredningen St\u00e4rkt r\u00e4tt till assistans finns flera livsviktiga f\u00f6rslag som skulle ge fler barn r\u00e4tt till personlig assistans och d\u00e4rmed f\u00e5 v\u00e4xa upp i en familj.<\/strong><\/p>\n<p>Se journalisten Bo \u00d6hl\u00e9ns reportage om Iskander Odenson som till slut blev beviljad personlig assistans.<\/p>\n<p><iframe loading=\"lazy\" title=\"YouTube video player\" src=\"https:\/\/www.youtube.com\/embed\/DIpJIownEQs\" width=\"560\" height=\"315\" frameborder=\"0\" allowfullscreen=\"allowfullscreen\"><\/iframe><\/p>\n<p>Inl\u00e4gget <a rel=\"nofollow\" href=\"https:\/\/jag.se\/opinion\/inget-barn-ska-behova-vaxa-upp-pa-institution\/\">Inget barn ska beh\u00f6va v\u00e4xa upp p\u00e5 institution<\/a> d\u00f6k f\u00f6rst upp p\u00e5 <a rel=\"nofollow\" href=\"https:\/\/jag.se\/opinion\">Riksf\u00f6reningen JAG<\/a>.<\/p>\n","protected":false},"excerpt":{"rendered":"<p>Det finns bara vinnare n\u00e4r tolv\u00e5rige Iskander Odenson till slut fick den insats han enligt lagen har r\u00e4tt till \u2013 personlig assistans. Iskander kunde flytta hem till sin familj och J\u00e4rf\u00e4lla kommun sparar 124 000 i m\u00e5naden och uppfyller samtidigt barnkonventionens krav p\u00e5 att barn inte ska skiljas fr\u00e5n sina f\u00f6r\u00e4ldrar. Iskander har sedan f\u00f6dseln<\/p>\n","protected":false},"author":1,"featured_media":2466,"comment_status":"closed","ping_status":"open","sticky":false,"template":"","format":"standard","meta":{"footnotes":""},"categories":[1],"tags":[],"class_list":["post-2213","post","type-post","status-publish","format-standard","has-post-thumbnail","hentry","category-uncategorized"],"acf":[],"yoast_head":"<!-- This site is optimized with the Yoast SEO plugin v21.3 - https:\/\/yoast.com\/wordpress\/plugins\/seo\/ -->\n<title>Inget barn ska beh\u00f6va v\u00e4xa upp p\u00e5 institution - JAG Opinion<\/title>\n<meta name=\"robots\" content=\"index, follow, max-snippet:-1, max-image-preview:large, max-video-preview:-1\" \/>\n<link rel=\"canonical\" href=\"https:\/\/jag.se\/opinion\/inget-barn-ska-behova-vaxa-upp-pa-institution\/\" \/>\n<meta property=\"og:locale\" content=\"sv_SE\" \/>\n<meta property=\"og:type\" content=\"article\" \/>\n<meta property=\"og:title\" content=\"Inget barn ska beh\u00f6va v\u00e4xa upp p\u00e5 institution - JAG Opinion\" \/>\n<meta property=\"og:description\" content=\"Det finns bara vinnare n\u00e4r tolv\u00e5rige Iskander Odenson till slut fick den insats han enligt lagen har r\u00e4tt till \u2013 personlig assistans. Iskander kunde flytta hem till sin familj och J\u00e4rf\u00e4lla kommun sparar 124 000 i m\u00e5naden och uppfyller samtidigt barnkonventionens krav p\u00e5 att barn inte ska skiljas fr\u00e5n sina f\u00f6r\u00e4ldrar. Iskander har sedan f\u00f6dseln\" \/>\n<meta property=\"og:url\" content=\"https:\/\/jag.se\/opinion\/inget-barn-ska-behova-vaxa-upp-pa-institution\/\" \/>\n<meta property=\"og:site_name\" content=\"JAG Opinion\" \/>\n<meta property=\"article:published_time\" content=\"2021-11-22T14:59:20+00:00\" \/>\n<meta property=\"article:modified_time\" content=\"2022-03-18T15:43:56+00:00\" \/>\n<meta property=\"og:image\" content=\"https:\/\/jag.se\/wp-content\/uploads\/sites\/3\/2021\/11\/Iskander-1.jpg\" \/>\n\t<meta property=\"og:image:width\" content=\"1754\" \/>\n\t<meta property=\"og:image:height\" content=\"1040\" \/>\n\t<meta property=\"og:image:type\" content=\"image\/jpeg\" \/>\n<meta name=\"author\" content=\"Alexander Alexandrov\" \/>\n<meta name=\"twitter:card\" content=\"summary_large_image\" \/>\n<meta name=\"twitter:label1\" content=\"Skriven av\" \/>\n\t<meta name=\"twitter:data1\" content=\"Alexander Alexandrov\" \/>\n\t<meta name=\"twitter:label2\" content=\"Ber\u00e4knad l\u00e4stid\" \/>\n\t<meta name=\"twitter:data2\" content=\"2 minuter\" \/>\n<script type=\"application\/ld+json\" class=\"yoast-schema-graph\">{\"@context\":\"https:\/\/schema.org\",\"@graph\":[{\"@type\":\"WebPage\",\"@id\":\"https:\/\/jag.se\/opinion\/inget-barn-ska-behova-vaxa-upp-pa-institution\/\",\"url\":\"https:\/\/jag.se\/opinion\/inget-barn-ska-behova-vaxa-upp-pa-institution\/\",\"name\":\"Inget barn ska beh\u00f6va v\u00e4xa upp p\u00e5 institution - JAG Opinion\",\"isPartOf\":{\"@id\":\"https:\/\/jag.se\/opinion\/#website\"},\"datePublished\":\"2021-11-22T14:59:20+00:00\",\"dateModified\":\"2022-03-18T15:43:56+00:00\",\"author\":{\"@id\":\"https:\/\/jag.se\/opinion\/#\/schema\/person\/42ca7c4b556b837c35d83ffe97aa92c0\"},\"breadcrumb\":{\"@id\":\"https:\/\/jag.se\/opinion\/inget-barn-ska-behova-vaxa-upp-pa-institution\/#breadcrumb\"},\"inLanguage\":\"sv-SE\",\"potentialAction\":[{\"@type\":\"ReadAction\",\"target\":[\"https:\/\/jag.se\/opinion\/inget-barn-ska-behova-vaxa-upp-pa-institution\/\"]}]},{\"@type\":\"BreadcrumbList\",\"@id\":\"https:\/\/jag.se\/opinion\/inget-barn-ska-behova-vaxa-upp-pa-institution\/#breadcrumb\",\"itemListElement\":[{\"@type\":\"ListItem\",\"position\":1,\"name\":\"JAG start\",\"item\":\"https:\/\/jag.se\"},{\"@type\":\"ListItem\",\"position\":2,\"name\":\"Riksf\u00f6reningen JAG\",\"item\":\"https:\/\/jag.se\/opinion\/\"},{\"@type\":\"ListItem\",\"position\":3,\"name\":\"Inget barn ska beh\u00f6va v\u00e4xa upp p\u00e5 institution\"}]},{\"@type\":\"WebSite\",\"@id\":\"https:\/\/jag.se\/opinion\/#website\",\"url\":\"https:\/\/jag.se\/opinion\/\",\"name\":\"JAG Opinion\",\"description\":\"\",\"potentialAction\":[{\"@type\":\"SearchAction\",\"target\":{\"@type\":\"EntryPoint\",\"urlTemplate\":\"https:\/\/jag.se\/opinion\/?s={search_term_string}\"},\"query-input\":\"required name=search_term_string\"}],\"inLanguage\":\"sv-SE\"},{\"@type\":\"Person\",\"@id\":\"https:\/\/jag.se\/opinion\/#\/schema\/person\/42ca7c4b556b837c35d83ffe97aa92c0\",\"name\":\"Alexander Alexandrov\",\"image\":{\"@type\":\"ImageObject\",\"inLanguage\":\"sv-SE\",\"@id\":\"https:\/\/jag.se\/opinion\/#\/schema\/person\/image\/\",\"url\":\"https:\/\/secure.gravatar.com\/avatar\/39974ed46e3cb66fe6760e4c288a2722aff8b0a328a2802a65dd6f31fe323990?s=96&d=mm&r=g\",\"contentUrl\":\"https:\/\/secure.gravatar.com\/avatar\/39974ed46e3cb66fe6760e4c288a2722aff8b0a328a2802a65dd6f31fe323990?s=96&d=mm&r=g\",\"caption\":\"Alexander Alexandrov\"},\"sameAs\":[\"https:\/\/jag.se\"]}]}<\/script>\n<!-- \/ Yoast SEO plugin. -->","yoast_head_json":{"title":"Inget barn ska beh\u00f6va v\u00e4xa upp p\u00e5 institution - JAG Opinion","robots":{"index":"index","follow":"follow","max-snippet":"max-snippet:-1","max-image-preview":"max-image-preview:large","max-video-preview":"max-video-preview:-1"},"canonical":"https:\/\/jag.se\/opinion\/inget-barn-ska-behova-vaxa-upp-pa-institution\/","og_locale":"sv_SE","og_type":"article","og_title":"Inget barn ska beh\u00f6va v\u00e4xa upp p\u00e5 institution - JAG Opinion","og_description":"Det finns bara vinnare n\u00e4r tolv\u00e5rige Iskander Odenson till slut fick den insats han enligt lagen har r\u00e4tt till \u2013 personlig assistans. Iskander kunde flytta hem till sin familj och J\u00e4rf\u00e4lla kommun sparar 124 000 i m\u00e5naden och uppfyller samtidigt barnkonventionens krav p\u00e5 att barn inte ska skiljas fr\u00e5n sina f\u00f6r\u00e4ldrar. Iskander har sedan f\u00f6dseln","og_url":"https:\/\/jag.se\/opinion\/inget-barn-ska-behova-vaxa-upp-pa-institution\/","og_site_name":"JAG Opinion","article_published_time":"2021-11-22T14:59:20+00:00","article_modified_time":"2022-03-18T15:43:56+00:00","og_image":[{"width":1754,"height":1040,"url":"https:\/\/jag.se\/wp-content\/uploads\/sites\/3\/2021\/11\/Iskander-1.jpg","type":"image\/jpeg"}],"author":"Alexander Alexandrov","twitter_card":"summary_large_image","twitter_misc":{"Skriven av":"Alexander Alexandrov","Ber\u00e4knad l\u00e4stid":"2 minuter"},"schema":{"@context":"https:\/\/schema.org","@graph":[{"@type":"WebPage","@id":"https:\/\/jag.se\/opinion\/inget-barn-ska-behova-vaxa-upp-pa-institution\/","url":"https:\/\/jag.se\/opinion\/inget-barn-ska-behova-vaxa-upp-pa-institution\/","name":"Inget barn ska beh\u00f6va v\u00e4xa upp p\u00e5 institution - JAG Opinion","isPartOf":{"@id":"https:\/\/jag.se\/opinion\/#website"},"datePublished":"2021-11-22T14:59:20+00:00","dateModified":"2022-03-18T15:43:56+00:00","author":{"@id":"https:\/\/jag.se\/opinion\/#\/schema\/person\/42ca7c4b556b837c35d83ffe97aa92c0"},"breadcrumb":{"@id":"https:\/\/jag.se\/opinion\/inget-barn-ska-behova-vaxa-upp-pa-institution\/#breadcrumb"},"inLanguage":"sv-SE","potentialAction":[{"@type":"ReadAction","target":["https:\/\/jag.se\/opinion\/inget-barn-ska-behova-vaxa-upp-pa-institution\/"]}]},{"@type":"BreadcrumbList","@id":"https:\/\/jag.se\/opinion\/inget-barn-ska-behova-vaxa-upp-pa-institution\/#breadcrumb","itemListElement":[{"@type":"ListItem","position":1,"name":"JAG start","item":"https:\/\/jag.se"},{"@type":"ListItem","position":2,"name":"Riksf\u00f6reningen JAG","item":"https:\/\/jag.se\/opinion\/"},{"@type":"ListItem","position":3,"name":"Inget barn ska beh\u00f6va v\u00e4xa upp p\u00e5 institution"}]},{"@type":"WebSite","@id":"https:\/\/jag.se\/opinion\/#website","url":"https:\/\/jag.se\/opinion\/","name":"JAG Opinion","description":"","potentialAction":[{"@type":"SearchAction","target":{"@type":"EntryPoint","urlTemplate":"https:\/\/jag.se\/opinion\/?s={search_term_string}"},"query-input":"required name=search_term_string"}],"inLanguage":"sv-SE"},{"@type":"Person","@id":"https:\/\/jag.se\/opinion\/#\/schema\/person\/42ca7c4b556b837c35d83ffe97aa92c0","name":"Alexander Alexandrov","image":{"@type":"ImageObject","inLanguage":"sv-SE","@id":"https:\/\/jag.se\/opinion\/#\/schema\/person\/image\/","url":"https:\/\/secure.gravatar.com\/avatar\/39974ed46e3cb66fe6760e4c288a2722aff8b0a328a2802a65dd6f31fe323990?s=96&d=mm&r=g","contentUrl":"https:\/\/secure.gravatar.com\/avatar\/39974ed46e3cb66fe6760e4c288a2722aff8b0a328a2802a65dd6f31fe323990?s=96&d=mm&r=g","caption":"Alexander Alexandrov"},"sameAs":["https:\/\/jag.se"]}]}},"_links":{"self":[{"href":"https:\/\/jag.se\/opinion\/wp-json\/wp\/v2\/posts\/2213","targetHints":{"allow":["GET"]}}],"collection":[{"href":"https:\/\/jag.se\/opinion\/wp-json\/wp\/v2\/posts"}],"about":[{"href":"https:\/\/jag.se\/opinion\/wp-json\/wp\/v2\/types\/post"}],"author":[{"embeddable":true,"href":"https:\/\/jag.se\/opinion\/wp-json\/wp\/v2\/users\/1"}],"replies":[{"embeddable":true,"href":"https:\/\/jag.se\/opinion\/wp-json\/wp\/v2\/comments?post=2213"}],"version-history":[{"count":1,"href":"https:\/\/jag.se\/opinion\/wp-json\/wp\/v2\/posts\/2213\/revisions"}],"predecessor-version":[{"id":2467,"href":"https:\/\/jag.se\/opinion\/wp-json\/wp\/v2\/posts\/2213\/revisions\/2467"}],"wp:featuredmedia":[{"embeddable":true,"href":"https:\/\/jag.se\/opinion\/wp-json\/wp\/v2\/media\/2466"}],"wp:attachment":[{"href":"https:\/\/jag.se\/opinion\/wp-json\/wp\/v2\/media?parent=2213"}],"wp:term":[{"taxonomy":"category","embeddable":true,"href":"https:\/\/jag.se\/opinion\/wp-json\/wp\/v2\/categories?post=2213"},{"taxonomy":"post_tag","embeddable":true,"href":"https:\/\/jag.se\/opinion\/wp-json\/wp\/v2\/tags?post=2213"}],"curies":[{"name":"wp","href":"https:\/\/api.w.org\/{rel}","templated":true}]}}