{"id":2214,"date":"2021-10-22T08:16:24","date_gmt":"2021-10-22T08:16:24","guid":{"rendered":"https:\/\/jag.se\/opinion\/forshaga-kommun-vill-inte-finansiera-vi-vill-bidras-verksamhet\/"},"modified":"2022-03-18T15:43:53","modified_gmt":"2022-03-18T15:43:53","slug":"forshaga-kommun-vill-inte-finansiera-vi-vill-bidras-verksamhet","status":"publish","type":"post","link":"https:\/\/jag.se\/opinion\/forshaga-kommun-vill-inte-finansiera-vi-vill-bidras-verksamhet\/","title":{"rendered":"Forshaga kommun vill inte finansiera Vi vill bidras verksamhet"},"content":{"rendered":"<p><strong>Forshaga kommun s\u00e4ger nej till att finansiera Vi vill bidras verksamhet i Forshaga. Detta trots att kommunen uppger att de uppskattar det arbete som g\u00f6rs. Genom en namninsamling hoppas Vi vill bidra kunna \u00f6vertyga kommunen om vinsten med att alla kan bidra i samh\u00e4llet.<\/strong><\/p>\n<p>Vi vill bidra \u00e4r en verksamhet och modell f\u00f6r meningsfull syssels\u00e4ttning f\u00f6r personer som har personlig assistans. Vi vill bidras deltagare bidrar med hj\u00e4lp av personlig assistans i det vanliga arbetslivet.\u00a0 VVB var tidigare ett projekt finansierat av Arvsfonden och drivs nu i vidare av Riksf\u00f6reningen JAG och Brukarkooperativet JAG.<\/p>\n<p>\u2013 Det handlar om en mycket litet antal personer i kommunen. Vi vill bidra konkurrerar inte med kommunens dagliga verksamhet utan \u00e4r ett komplement f\u00f6r personerna med allra st\u00f6rst funktionsneds\u00e4ttning som ofta har sv\u00e5rt att hitta sin plats i det ordinarie utbudet. Idag bekostas Vi vill bidras verksamhet i Forshaga av Riksf\u00f6reningen JAG. Men det \u00e4r inte h\u00e5llbart i l\u00e4ngden, s\u00e4ger Anna Karlsson, verksamhetsledare.<\/p>\n<p>Vi vill bidra\u00a0startade i Forshaga 2016 d\u00e4r Josefine Abrahamsson har Jossans caf\u00e9<strong>.\u00a0<\/strong>En uppskattad verksamhet d\u00e4r Josefine och flera personer med stora funktionsneds\u00e4ttningar \u00e4r engagerade genom att baka, fixa mackor och servera.<\/p>\n<p>Idag har Vi vill bidra flera deltagare i Forshaga, bland andra Andrea Jarl som \u00e4ven hon har sin syssels\u00e4ttning p\u00e5 ett caf\u00e9 i Forshaga samt Alexander Griffer som har musikstunder f\u00f6r barn i en f\u00f6rskola.<\/p>\n<p>Jossans \u00e4r en viktig plats f\u00f6r att skapa integration och inkludering av nya inv\u00e5nare. F\u00f6rra \u00e5ret fick Josefine Abrahamsson Forshaga kommuns pris som \u00e5rets v\u00e4rdeskapare med sitt fina caf\u00e9. Genom ett samarbete mellan kommunen, kyrkan och Bilda, bjuder man in kvotflyktingar till M\u00f6tesplats Jossans caf\u00e9.<\/p>\n<p>Vi vill bidra st\u00f6ttar kommunens befintliga verksamhet, \u00f6kar valfriheten och inkluderingen i samh\u00e4llet till en avsev\u00e4rt mindre summa \u00e4n vanlig daglig verksamhet.\u00a0Det handlar om j\u00e4mlikhet, m\u00e4nskliga r\u00e4ttigheter och inkludering f\u00f6r alla medborgare!<\/p>\n<p>Vi vill bidra har startat en namninsamling som ska \u00f6verl\u00e4mnas till Forshaga kommun. P\u00e5 bara ett dygn har \u00f6ver hundra personer skrivit p\u00e5 namninsamlingen. En av dem \u00e4r Snjezana Marjanovic.<\/p>\n<p>\u2013 Det \u00e4r en viktig verksamhet! N\u00e5gonting nytt som kommunen verkligen b\u00f6r inse vikten av. Personerna som deltar i Vi vill bidra har trots sin funktionsneds\u00e4ttning hittat en meningsfull syssels\u00e4ttning, utan att anv\u00e4nda kommunens resurser, varken lokalm\u00e4ssigt eller personalm\u00e4ssigt. Josefin \u00e4lskar att baka och ha kontakt med kunder. Ska hon inte f\u00e5 forts\u00e4tta g\u00f6ra ett jobb hon tycker om, bara f\u00f6r att hon saknar f\u00f6rm\u00e5gan att utf\u00f6ra uppgifter p\u00e5 egen hand? Genom att l\u00e5ta Josefine driva sin lilla caf\u00e9 kommer Forshaga kommun att g\u00f6ra m\u00e5nga av oss glada, skriver Snjezana Marjanovic.<\/p>\n<p><a href=\"https:\/\/www.skrivunder.com\/bevara_vi_vill_bidra_i_forshaga_kommun?uv=38877046&#038;fbclid=IwAR0Rpq5w3iViCCSaCSPoSeXYBYVC4ICneIBo5IywTWkbSruVvXANGW2zAt4\" target=\"_blank\" rel=\"noopener\">L\u00e4nk till namninsamlingen.<\/a><\/p>\n<p>Inl\u00e4gget <a rel=\"nofollow\" href=\"https:\/\/jag.se\/opinion\/forshaga-kommun-vill-inte-finansiera-vi-vill-bidras-verksamhet\/\">Forshaga kommun vill inte finansiera Vi vill bidras verksamhet<\/a> d\u00f6k f\u00f6rst upp p\u00e5 <a rel=\"nofollow\" href=\"https:\/\/jag.se\/opinion\">Riksf\u00f6reningen JAG<\/a>.<\/p>\n","protected":false},"excerpt":{"rendered":"<p>Forshaga kommun s\u00e4ger nej till att finansiera Vi vill bidras verksamhet i Forshaga. Detta trots att kommunen uppger att de uppskattar det arbete som g\u00f6rs. Genom en namninsamling hoppas Vi vill bidra kunna \u00f6vertyga kommunen om vinsten med att alla kan bidra i samh\u00e4llet. Vi vill bidra \u00e4r en verksamhet och modell f\u00f6r meningsfull syssels\u00e4ttning<\/p>\n","protected":false},"author":1,"featured_media":2464,"comment_status":"closed","ping_status":"open","sticky":false,"template":"","format":"standard","meta":{"footnotes":""},"categories":[1],"tags":[],"class_list":["post-2214","post","type-post","status-publish","format-standard","has-post-thumbnail","hentry","category-uncategorized"],"acf":[],"yoast_head":"<!-- This site is optimized with the Yoast SEO plugin v21.3 - https:\/\/yoast.com\/wordpress\/plugins\/seo\/ -->\n<title>Forshaga kommun vill inte finansiera Vi vill bidras verksamhet - JAG Opinion<\/title>\n<meta name=\"robots\" content=\"index, follow, max-snippet:-1, max-image-preview:large, max-video-preview:-1\" \/>\n<link rel=\"canonical\" href=\"https:\/\/jag.se\/opinion\/forshaga-kommun-vill-inte-finansiera-vi-vill-bidras-verksamhet\/\" \/>\n<meta property=\"og:locale\" content=\"sv_SE\" \/>\n<meta property=\"og:type\" content=\"article\" \/>\n<meta property=\"og:title\" content=\"Forshaga kommun vill inte finansiera Vi vill bidras verksamhet - JAG Opinion\" \/>\n<meta property=\"og:description\" content=\"Forshaga kommun s\u00e4ger nej till att finansiera Vi vill bidras verksamhet i Forshaga. Detta trots att kommunen uppger att de uppskattar det arbete som g\u00f6rs. Genom en namninsamling hoppas Vi vill bidra kunna \u00f6vertyga kommunen om vinsten med att alla kan bidra i samh\u00e4llet. Vi vill bidra \u00e4r en verksamhet och modell f\u00f6r meningsfull syssels\u00e4ttning\" \/>\n<meta property=\"og:url\" content=\"https:\/\/jag.se\/opinion\/forshaga-kommun-vill-inte-finansiera-vi-vill-bidras-verksamhet\/\" \/>\n<meta property=\"og:site_name\" content=\"JAG Opinion\" \/>\n<meta property=\"article:published_time\" content=\"2021-10-22T08:16:24+00:00\" \/>\n<meta property=\"article:modified_time\" content=\"2022-03-18T15:43:53+00:00\" \/>\n<meta property=\"og:image\" content=\"https:\/\/jag.se\/wp-content\/uploads\/sites\/3\/2021\/10\/small_Josefine4-1.jpg\" \/>\n\t<meta property=\"og:image:width\" content=\"442\" \/>\n\t<meta property=\"og:image:height\" content=\"320\" \/>\n\t<meta property=\"og:image:type\" content=\"image\/jpeg\" \/>\n<meta name=\"author\" content=\"Alexander Alexandrov\" \/>\n<meta name=\"twitter:card\" content=\"summary_large_image\" \/>\n<meta name=\"twitter:label1\" content=\"Skriven av\" \/>\n\t<meta name=\"twitter:data1\" content=\"Alexander Alexandrov\" \/>\n\t<meta name=\"twitter:label2\" content=\"Ber\u00e4knad l\u00e4stid\" \/>\n\t<meta name=\"twitter:data2\" content=\"2 minuter\" \/>\n<script type=\"application\/ld+json\" class=\"yoast-schema-graph\">{\"@context\":\"https:\/\/schema.org\",\"@graph\":[{\"@type\":\"WebPage\",\"@id\":\"https:\/\/jag.se\/opinion\/forshaga-kommun-vill-inte-finansiera-vi-vill-bidras-verksamhet\/\",\"url\":\"https:\/\/jag.se\/opinion\/forshaga-kommun-vill-inte-finansiera-vi-vill-bidras-verksamhet\/\",\"name\":\"Forshaga kommun vill inte finansiera Vi vill bidras verksamhet - JAG Opinion\",\"isPartOf\":{\"@id\":\"https:\/\/jag.se\/opinion\/#website\"},\"datePublished\":\"2021-10-22T08:16:24+00:00\",\"dateModified\":\"2022-03-18T15:43:53+00:00\",\"author\":{\"@id\":\"https:\/\/jag.se\/opinion\/#\/schema\/person\/42ca7c4b556b837c35d83ffe97aa92c0\"},\"breadcrumb\":{\"@id\":\"https:\/\/jag.se\/opinion\/forshaga-kommun-vill-inte-finansiera-vi-vill-bidras-verksamhet\/#breadcrumb\"},\"inLanguage\":\"sv-SE\",\"potentialAction\":[{\"@type\":\"ReadAction\",\"target\":[\"https:\/\/jag.se\/opinion\/forshaga-kommun-vill-inte-finansiera-vi-vill-bidras-verksamhet\/\"]}]},{\"@type\":\"BreadcrumbList\",\"@id\":\"https:\/\/jag.se\/opinion\/forshaga-kommun-vill-inte-finansiera-vi-vill-bidras-verksamhet\/#breadcrumb\",\"itemListElement\":[{\"@type\":\"ListItem\",\"position\":1,\"name\":\"JAG start\",\"item\":\"https:\/\/jag.se\"},{\"@type\":\"ListItem\",\"position\":2,\"name\":\"Riksf\u00f6reningen JAG\",\"item\":\"https:\/\/jag.se\/opinion\/\"},{\"@type\":\"ListItem\",\"position\":3,\"name\":\"Forshaga kommun vill inte finansiera Vi vill bidras verksamhet\"}]},{\"@type\":\"WebSite\",\"@id\":\"https:\/\/jag.se\/opinion\/#website\",\"url\":\"https:\/\/jag.se\/opinion\/\",\"name\":\"JAG Opinion\",\"description\":\"\",\"potentialAction\":[{\"@type\":\"SearchAction\",\"target\":{\"@type\":\"EntryPoint\",\"urlTemplate\":\"https:\/\/jag.se\/opinion\/?s={search_term_string}\"},\"query-input\":\"required name=search_term_string\"}],\"inLanguage\":\"sv-SE\"},{\"@type\":\"Person\",\"@id\":\"https:\/\/jag.se\/opinion\/#\/schema\/person\/42ca7c4b556b837c35d83ffe97aa92c0\",\"name\":\"Alexander Alexandrov\",\"image\":{\"@type\":\"ImageObject\",\"inLanguage\":\"sv-SE\",\"@id\":\"https:\/\/jag.se\/opinion\/#\/schema\/person\/image\/\",\"url\":\"https:\/\/secure.gravatar.com\/avatar\/39974ed46e3cb66fe6760e4c288a2722aff8b0a328a2802a65dd6f31fe323990?s=96&d=mm&r=g\",\"contentUrl\":\"https:\/\/secure.gravatar.com\/avatar\/39974ed46e3cb66fe6760e4c288a2722aff8b0a328a2802a65dd6f31fe323990?s=96&d=mm&r=g\",\"caption\":\"Alexander Alexandrov\"},\"sameAs\":[\"https:\/\/jag.se\"]}]}<\/script>\n<!-- \/ Yoast SEO plugin. -->","yoast_head_json":{"title":"Forshaga kommun vill inte finansiera Vi vill bidras verksamhet - JAG Opinion","robots":{"index":"index","follow":"follow","max-snippet":"max-snippet:-1","max-image-preview":"max-image-preview:large","max-video-preview":"max-video-preview:-1"},"canonical":"https:\/\/jag.se\/opinion\/forshaga-kommun-vill-inte-finansiera-vi-vill-bidras-verksamhet\/","og_locale":"sv_SE","og_type":"article","og_title":"Forshaga kommun vill inte finansiera Vi vill bidras verksamhet - JAG Opinion","og_description":"Forshaga kommun s\u00e4ger nej till att finansiera Vi vill bidras verksamhet i Forshaga. Detta trots att kommunen uppger att de uppskattar det arbete som g\u00f6rs. Genom en namninsamling hoppas Vi vill bidra kunna \u00f6vertyga kommunen om vinsten med att alla kan bidra i samh\u00e4llet. Vi vill bidra \u00e4r en verksamhet och modell f\u00f6r meningsfull syssels\u00e4ttning","og_url":"https:\/\/jag.se\/opinion\/forshaga-kommun-vill-inte-finansiera-vi-vill-bidras-verksamhet\/","og_site_name":"JAG Opinion","article_published_time":"2021-10-22T08:16:24+00:00","article_modified_time":"2022-03-18T15:43:53+00:00","og_image":[{"width":442,"height":320,"url":"https:\/\/jag.se\/wp-content\/uploads\/sites\/3\/2021\/10\/small_Josefine4-1.jpg","type":"image\/jpeg"}],"author":"Alexander Alexandrov","twitter_card":"summary_large_image","twitter_misc":{"Skriven av":"Alexander Alexandrov","Ber\u00e4knad l\u00e4stid":"2 minuter"},"schema":{"@context":"https:\/\/schema.org","@graph":[{"@type":"WebPage","@id":"https:\/\/jag.se\/opinion\/forshaga-kommun-vill-inte-finansiera-vi-vill-bidras-verksamhet\/","url":"https:\/\/jag.se\/opinion\/forshaga-kommun-vill-inte-finansiera-vi-vill-bidras-verksamhet\/","name":"Forshaga kommun vill inte finansiera Vi vill bidras verksamhet - JAG Opinion","isPartOf":{"@id":"https:\/\/jag.se\/opinion\/#website"},"datePublished":"2021-10-22T08:16:24+00:00","dateModified":"2022-03-18T15:43:53+00:00","author":{"@id":"https:\/\/jag.se\/opinion\/#\/schema\/person\/42ca7c4b556b837c35d83ffe97aa92c0"},"breadcrumb":{"@id":"https:\/\/jag.se\/opinion\/forshaga-kommun-vill-inte-finansiera-vi-vill-bidras-verksamhet\/#breadcrumb"},"inLanguage":"sv-SE","potentialAction":[{"@type":"ReadAction","target":["https:\/\/jag.se\/opinion\/forshaga-kommun-vill-inte-finansiera-vi-vill-bidras-verksamhet\/"]}]},{"@type":"BreadcrumbList","@id":"https:\/\/jag.se\/opinion\/forshaga-kommun-vill-inte-finansiera-vi-vill-bidras-verksamhet\/#breadcrumb","itemListElement":[{"@type":"ListItem","position":1,"name":"JAG start","item":"https:\/\/jag.se"},{"@type":"ListItem","position":2,"name":"Riksf\u00f6reningen JAG","item":"https:\/\/jag.se\/opinion\/"},{"@type":"ListItem","position":3,"name":"Forshaga kommun vill inte finansiera Vi vill bidras verksamhet"}]},{"@type":"WebSite","@id":"https:\/\/jag.se\/opinion\/#website","url":"https:\/\/jag.se\/opinion\/","name":"JAG Opinion","description":"","potentialAction":[{"@type":"SearchAction","target":{"@type":"EntryPoint","urlTemplate":"https:\/\/jag.se\/opinion\/?s={search_term_string}"},"query-input":"required name=search_term_string"}],"inLanguage":"sv-SE"},{"@type":"Person","@id":"https:\/\/jag.se\/opinion\/#\/schema\/person\/42ca7c4b556b837c35d83ffe97aa92c0","name":"Alexander Alexandrov","image":{"@type":"ImageObject","inLanguage":"sv-SE","@id":"https:\/\/jag.se\/opinion\/#\/schema\/person\/image\/","url":"https:\/\/secure.gravatar.com\/avatar\/39974ed46e3cb66fe6760e4c288a2722aff8b0a328a2802a65dd6f31fe323990?s=96&d=mm&r=g","contentUrl":"https:\/\/secure.gravatar.com\/avatar\/39974ed46e3cb66fe6760e4c288a2722aff8b0a328a2802a65dd6f31fe323990?s=96&d=mm&r=g","caption":"Alexander Alexandrov"},"sameAs":["https:\/\/jag.se"]}]}},"_links":{"self":[{"href":"https:\/\/jag.se\/opinion\/wp-json\/wp\/v2\/posts\/2214","targetHints":{"allow":["GET"]}}],"collection":[{"href":"https:\/\/jag.se\/opinion\/wp-json\/wp\/v2\/posts"}],"about":[{"href":"https:\/\/jag.se\/opinion\/wp-json\/wp\/v2\/types\/post"}],"author":[{"embeddable":true,"href":"https:\/\/jag.se\/opinion\/wp-json\/wp\/v2\/users\/1"}],"replies":[{"embeddable":true,"href":"https:\/\/jag.se\/opinion\/wp-json\/wp\/v2\/comments?post=2214"}],"version-history":[{"count":1,"href":"https:\/\/jag.se\/opinion\/wp-json\/wp\/v2\/posts\/2214\/revisions"}],"predecessor-version":[{"id":2465,"href":"https:\/\/jag.se\/opinion\/wp-json\/wp\/v2\/posts\/2214\/revisions\/2465"}],"wp:featuredmedia":[{"embeddable":true,"href":"https:\/\/jag.se\/opinion\/wp-json\/wp\/v2\/media\/2464"}],"wp:attachment":[{"href":"https:\/\/jag.se\/opinion\/wp-json\/wp\/v2\/media?parent=2214"}],"wp:term":[{"taxonomy":"category","embeddable":true,"href":"https:\/\/jag.se\/opinion\/wp-json\/wp\/v2\/categories?post=2214"},{"taxonomy":"post_tag","embeddable":true,"href":"https:\/\/jag.se\/opinion\/wp-json\/wp\/v2\/tags?post=2214"}],"curies":[{"name":"wp","href":"https:\/\/api.w.org\/{rel}","templated":true}]}}