{"id":2216,"date":"2021-09-30T09:20:42","date_gmt":"2021-09-30T09:20:42","guid":{"rendered":"https:\/\/jag.se\/opinion\/viktiga-steg-pa-vagen-mot-rattvisa-livsvillkor\/"},"modified":"2022-03-18T15:43:53","modified_gmt":"2022-03-18T15:43:53","slug":"viktiga-steg-pa-vagen-mot-rattvisa-livsvillkor","status":"publish","type":"post","link":"https:\/\/jag.se\/opinion\/viktiga-steg-pa-vagen-mot-rattvisa-livsvillkor\/","title":{"rendered":"\u201dViktiga steg p\u00e5 v\u00e4gen mot r\u00e4ttvisa livsvillkor\u201d"},"content":{"rendered":"<p>Vi har nu l\u00e4mnat v\u00e5rt remissvar p\u00e5 utredningen om st\u00e4rkt assistans. Riksf\u00f6reningen JAG har genom sin expertplats i utredningen kunnat f\u00f6lja och bidra till resonemangen som ligger till grund f\u00f6r bet\u00e4nkandet. H\u00e4r \u00e4r en sammanfattning av v\u00e5rt svar:<\/p>\n<p><strong>Personlig assistans med egenv\u00e5rdsuppgifter. <\/strong>Vi delar inte utredningens bild av nuvarande brister och risker. Olika akt\u00f6rers roller och ansvar beh\u00f6ver f\u00f6rtydligas men en striktare reglering \u00e4r on\u00f6dig. Den f\u00f6reslagna nya egenv\u00e5rdslagen medf\u00f6r en uppenbar risk f\u00f6r IQ-diskriminering av personer med intellektuell funktionsneds\u00e4ttning vid egenv\u00e5rdsbed\u00f6mningen. Med den reservationen tillstyrker Riksf\u00f6reningen JAG \u00e4nd\u00e5 f\u00f6rslagen som r\u00f6r assistans med egenv\u00e5rd.<\/p>\n<p><strong>Utf\u00f6rande av sjukv\u00e5rdsinsatser tillsammans med assistansen. <\/strong>Utredningen har inte tillr\u00e4ckligt grundligt redovisat hur enskildas sj\u00e4lvbest\u00e4mmande och valfrihet inom den personliga assistansen ska bibeh\u00e5llas n\u00e4r sjukv\u00e5rdsinsatser styrda av regioner och kommuner ska utf\u00f6ras inom samma ram. Vi ser ocks\u00e5 stora risker f\u00f6r att m\u00e5ngfalden av assistansanordnare ska komma att begr\u00e4nsas till skada f\u00f6r assistansanv\u00e4ndare. Riksf\u00f6reningen JAG avstyrker f\u00f6rslagen.<\/p>\n<p><strong>Ett avgr\u00e4nsat och mer r\u00e4ttss\u00e4kert f\u00f6r\u00e4ldraavdrag och nya grundl\u00e4ggande behov. <\/strong>Vi inst\u00e4mmer i utredningens problembeskrivningar och analyser. F\u00f6rslagen att inf\u00f6ra schabloner f\u00f6r avdrag f\u00f6r f\u00f6r\u00e4ldraansvar och att l\u00e5ta tv\u00e5 nya grundl\u00e4ggande behov ers\u00e4tta det nuvarande sj\u00e4tte grundl\u00e4ggande behovet \u201dAnnan hj\u00e4lp som f\u00f6ruts\u00e4tter ing\u00e5ende kunskap om den funktionshindrade\u201d l\u00f6ser inte alla nuvarande till\u00e4mpningsproblem men \u00e4r mycket betydelsefulla f\u00f6r \u00e5terst\u00e4llande och st\u00e4rkande av assistansr\u00e4tten f\u00f6r ber\u00f6rda m\u00e5lgrupper. Riksf\u00f6reningen JAG tillstyrker starkt dessa f\u00f6rslag.<\/p>\n<p>Det nya grundl\u00e4ggande behovet \u201dKontinuerligt st\u00f6d som den enskilde till f\u00f6ljd av sitt funktionshinder beh\u00f6ver f\u00f6r att f\u00f6rebygga att han eller hon fysiskt skadar sig sj\u00e4lv, n\u00e5gon annan eller egendom\u201d har utformats f\u00f6r en grupp som hittills regelm\u00e4ssigt har blivit misstrodd och missuppfattad, och vars r\u00e4tt att leva som andra st\u00e4ndigt har ifr\u00e5gasatts. Personlig assistans har dock visat sig vara det st\u00f6d som b\u00e4st av alla ger f\u00f6ruts\u00e4ttningar att ge m\u00e4nniskor med dessa behov det trygga och kunniga st\u00f6d som g\u00f6r det m\u00f6jligt att slippa tv\u00e5ng och begr\u00e4nsning, ta tillvara sina f\u00f6rm\u00e5gor, vara delaktiga och utveckla sj\u00e4lvst\u00e4ndighet. Vi \u00e4r mycket glada att utredaren delar denna bild. Kontrasten \u00e4r total mellan St\u00e4rkt assistans insiktsfulla och respektfulla beskrivningar av dessa m\u00e4nniskors behov, och vilja att st\u00e4rka deras r\u00e4ttigheter, och den f\u00f6reg\u00e5ende LSS-utredningens okunniga och f\u00f6rdomsfulla inst\u00e4llning till samma grupp som resulterade i f\u00f6rslag att helt slopa deras assistansr\u00e4tt.<\/p>\n<p>Det \u00e4r bra att fokus l\u00e4ggs p\u00e5 det f\u00f6rebyggande st\u00f6det n\u00e4r behovet inneh\u00e5ller risker att skada sig sj\u00e4lv eller andra. Dock beh\u00f6vs ett f\u00f6rtydligande om att risker inte endast uppst\u00e5r vid ett ut\u00e5tagerande beteende. Det \u00e4r fullt m\u00f6jligt att komma till skada \u00e4ven genom en of\u00f6rm\u00e5ga att agera f\u00f6r att skydda sig mot risker och hot i omgivningen.<\/p>\n<p>Det nya grundl\u00e4ggande behovet \u201dKontinuerligt st\u00f6d som f\u00f6ranleds av varaktig eller l\u00e5ngvarig medicinsk problematik d\u00e4r uteblivet st\u00f6d utg\u00f6r en allvarlig risk f\u00f6r liv eller h\u00e4lsa\u201d \u00e4r ocks\u00e5 mycket viktigt f\u00f6r personer med omfattande och kontinuerliga behov. Det kommer att t\u00e4cka det glapp som kvarstod efter det att andning och sond\u00e4tande blev grundl\u00e4ggande behov f\u00f6rra \u00e5ret.<\/p>\n<p>Vi \u00e4r mycket positiva till att kvalificerat motiverande eller v\u00e4gledande st\u00f6d ska bed\u00f6mas som en del i det grundl\u00e4ggande behov som det avser att tillgodose. Det ger \u00f6kade f\u00f6ruts\u00e4ttningar f\u00f6r helhetsbed\u00f6mningar av behov i vardagen, och d\u00e4rmed beslut som b\u00e4ttre tillgodoser de verkliga behoven.<\/p>\n<p><strong>Alla regel\u00e4ndringar m\u00e5ste g\u00f6ras med mycket stor tydlighet<\/strong> f\u00f6r att l\u00e4mna s\u00e5 litet utrymme som m\u00f6jligt f\u00f6r icke avsedda begr\u00e4nsande tolkningar d\u00e5 myndigheterna \u00e4r ben\u00e4gna att tolka assistansreglerna s\u00e5 restriktivt som m\u00f6jligt till nackdel f\u00f6r enskilda.<\/p>\n<p><strong>Ompr\u00f6vningsstoppet m\u00e5ste vara kvar<\/strong> \u00e4ven efter de regel\u00e4ndringar som f\u00f6resl\u00e5s i bet\u00e4nkandet. Men de \u00e4r mycket viktiga steg p\u00e5 v\u00e4gen mot r\u00e4ttvisa livsvillkor f\u00f6r medborgare med funktionsneds\u00e4ttning, och hoppas att de ska bli verklighet s\u00e5 snart som m\u00f6jligt.<\/p>\n<p><a href=\"https:\/\/jag-se-dev.azurewebsites.net\/wp-content\/uploads\/sites\/3\/2021\/09\/Remissyttrande-JAG-SOU-2021-37-Starkt-assistans-.pdf\" target=\"_blank\" rel=\"noopener\">Remissyttrande JAG SOU 2021-37 St\u00e4rkt assistans<\/a><\/p>\n<p>L\u00e4nk till <a href=\"https:\/\/www.regeringen.se\/49bd9f\/contentassets\/6a4b04e7bc584315931893a15690ee99\/sou-2021_37_komplett.pdf\" target=\"_blank\" rel=\"noopener\">bet\u00e4nkandet St\u00e4rkt r\u00e4tt till personlig assistans. \u00d6kad r\u00e4ttss\u00e4kerhet f\u00f6r barn, fler grundl\u00e4ggande behov och tryggare sjukv\u00e5rdande insatser (SOU 2021:37)<\/a><\/p>\n<p><a href=\"https:\/\/jag.se\/opinion\/kan-ny-utredning-aterstalla-ratten-till-assistans\/\" target=\"_blank\" rel=\"noopener\">Se filmen om Gabriel.<\/a><\/p>\n<p>Inl\u00e4gget <a rel=\"nofollow\" href=\"https:\/\/jag.se\/opinion\/viktiga-steg-pa-vagen-mot-rattvisa-livsvillkor\/\">&#8221;Viktiga steg p\u00e5 v\u00e4gen mot r\u00e4ttvisa livsvillkor&#8221;<\/a> d\u00f6k f\u00f6rst upp p\u00e5 <a rel=\"nofollow\" href=\"https:\/\/jag.se\/opinion\">Riksf\u00f6reningen JAG<\/a>.<\/p>\n","protected":false},"excerpt":{"rendered":"<p>Vi har nu l\u00e4mnat v\u00e5rt remissvar p\u00e5 utredningen om st\u00e4rkt assistans. Riksf\u00f6reningen JAG har genom sin expertplats i utredningen kunnat f\u00f6lja och bidra till resonemangen som ligger till grund f\u00f6r bet\u00e4nkandet. H\u00e4r \u00e4r en sammanfattning av v\u00e5rt svar: Personlig assistans med egenv\u00e5rdsuppgifter. Vi delar inte utredningens bild av nuvarande brister och risker. Olika akt\u00f6rers roller<\/p>\n","protected":false},"author":1,"featured_media":2460,"comment_status":"closed","ping_status":"open","sticky":false,"template":"","format":"standard","meta":{"footnotes":""},"categories":[1],"tags":[],"class_list":["post-2216","post","type-post","status-publish","format-standard","has-post-thumbnail","hentry","category-uncategorized"],"acf":[],"yoast_head":"<!-- This site is optimized with the Yoast SEO plugin v21.3 - https:\/\/yoast.com\/wordpress\/plugins\/seo\/ -->\n<title>\u201dViktiga steg p\u00e5 v\u00e4gen mot r\u00e4ttvisa livsvillkor\u201d - JAG Opinion<\/title>\n<meta name=\"robots\" content=\"index, follow, max-snippet:-1, max-image-preview:large, max-video-preview:-1\" \/>\n<link rel=\"canonical\" href=\"https:\/\/jag.se\/opinion\/viktiga-steg-pa-vagen-mot-rattvisa-livsvillkor\/\" \/>\n<meta property=\"og:locale\" content=\"sv_SE\" \/>\n<meta property=\"og:type\" content=\"article\" \/>\n<meta property=\"og:title\" content=\"\u201dViktiga steg p\u00e5 v\u00e4gen mot r\u00e4ttvisa livsvillkor\u201d - JAG Opinion\" \/>\n<meta property=\"og:description\" content=\"Vi har nu l\u00e4mnat v\u00e5rt remissvar p\u00e5 utredningen om st\u00e4rkt assistans. Riksf\u00f6reningen JAG har genom sin expertplats i utredningen kunnat f\u00f6lja och bidra till resonemangen som ligger till grund f\u00f6r bet\u00e4nkandet. H\u00e4r \u00e4r en sammanfattning av v\u00e5rt svar: Personlig assistans med egenv\u00e5rdsuppgifter. Vi delar inte utredningens bild av nuvarande brister och risker. Olika akt\u00f6rers roller\" \/>\n<meta property=\"og:url\" content=\"https:\/\/jag.se\/opinion\/viktiga-steg-pa-vagen-mot-rattvisa-livsvillkor\/\" \/>\n<meta property=\"og:site_name\" content=\"JAG Opinion\" \/>\n<meta property=\"article:published_time\" content=\"2021-09-30T09:20:42+00:00\" \/>\n<meta property=\"article:modified_time\" content=\"2022-03-18T15:43:53+00:00\" \/>\n<meta property=\"og:image\" content=\"https:\/\/jag.se\/wp-content\/uploads\/sites\/3\/2021\/09\/Gabriel_bild_webb_1_1-1.jpg\" \/>\n\t<meta property=\"og:image:width\" content=\"1057\" \/>\n\t<meta property=\"og:image:height\" content=\"1057\" \/>\n\t<meta property=\"og:image:type\" content=\"image\/jpeg\" \/>\n<meta name=\"author\" content=\"Alexander Alexandrov\" \/>\n<meta name=\"twitter:card\" content=\"summary_large_image\" \/>\n<meta name=\"twitter:label1\" content=\"Skriven av\" \/>\n\t<meta name=\"twitter:data1\" content=\"Alexander Alexandrov\" \/>\n\t<meta name=\"twitter:label2\" content=\"Ber\u00e4knad l\u00e4stid\" \/>\n\t<meta name=\"twitter:data2\" content=\"4 minuter\" \/>\n<script type=\"application\/ld+json\" class=\"yoast-schema-graph\">{\"@context\":\"https:\/\/schema.org\",\"@graph\":[{\"@type\":\"WebPage\",\"@id\":\"https:\/\/jag.se\/opinion\/viktiga-steg-pa-vagen-mot-rattvisa-livsvillkor\/\",\"url\":\"https:\/\/jag.se\/opinion\/viktiga-steg-pa-vagen-mot-rattvisa-livsvillkor\/\",\"name\":\"\u201dViktiga steg p\u00e5 v\u00e4gen mot r\u00e4ttvisa livsvillkor\u201d - JAG Opinion\",\"isPartOf\":{\"@id\":\"https:\/\/jag.se\/opinion\/#website\"},\"datePublished\":\"2021-09-30T09:20:42+00:00\",\"dateModified\":\"2022-03-18T15:43:53+00:00\",\"author\":{\"@id\":\"https:\/\/jag.se\/opinion\/#\/schema\/person\/42ca7c4b556b837c35d83ffe97aa92c0\"},\"breadcrumb\":{\"@id\":\"https:\/\/jag.se\/opinion\/viktiga-steg-pa-vagen-mot-rattvisa-livsvillkor\/#breadcrumb\"},\"inLanguage\":\"sv-SE\",\"potentialAction\":[{\"@type\":\"ReadAction\",\"target\":[\"https:\/\/jag.se\/opinion\/viktiga-steg-pa-vagen-mot-rattvisa-livsvillkor\/\"]}]},{\"@type\":\"BreadcrumbList\",\"@id\":\"https:\/\/jag.se\/opinion\/viktiga-steg-pa-vagen-mot-rattvisa-livsvillkor\/#breadcrumb\",\"itemListElement\":[{\"@type\":\"ListItem\",\"position\":1,\"name\":\"JAG start\",\"item\":\"https:\/\/jag.se\"},{\"@type\":\"ListItem\",\"position\":2,\"name\":\"Riksf\u00f6reningen JAG\",\"item\":\"https:\/\/jag.se\/opinion\/\"},{\"@type\":\"ListItem\",\"position\":3,\"name\":\"\u201dViktiga steg p\u00e5 v\u00e4gen mot r\u00e4ttvisa livsvillkor\u201d\"}]},{\"@type\":\"WebSite\",\"@id\":\"https:\/\/jag.se\/opinion\/#website\",\"url\":\"https:\/\/jag.se\/opinion\/\",\"name\":\"JAG Opinion\",\"description\":\"\",\"potentialAction\":[{\"@type\":\"SearchAction\",\"target\":{\"@type\":\"EntryPoint\",\"urlTemplate\":\"https:\/\/jag.se\/opinion\/?s={search_term_string}\"},\"query-input\":\"required name=search_term_string\"}],\"inLanguage\":\"sv-SE\"},{\"@type\":\"Person\",\"@id\":\"https:\/\/jag.se\/opinion\/#\/schema\/person\/42ca7c4b556b837c35d83ffe97aa92c0\",\"name\":\"Alexander Alexandrov\",\"image\":{\"@type\":\"ImageObject\",\"inLanguage\":\"sv-SE\",\"@id\":\"https:\/\/jag.se\/opinion\/#\/schema\/person\/image\/\",\"url\":\"https:\/\/secure.gravatar.com\/avatar\/39974ed46e3cb66fe6760e4c288a2722aff8b0a328a2802a65dd6f31fe323990?s=96&d=mm&r=g\",\"contentUrl\":\"https:\/\/secure.gravatar.com\/avatar\/39974ed46e3cb66fe6760e4c288a2722aff8b0a328a2802a65dd6f31fe323990?s=96&d=mm&r=g\",\"caption\":\"Alexander Alexandrov\"},\"sameAs\":[\"https:\/\/jag.se\"]}]}<\/script>\n<!-- \/ Yoast SEO plugin. -->","yoast_head_json":{"title":"\u201dViktiga steg p\u00e5 v\u00e4gen mot r\u00e4ttvisa livsvillkor\u201d - JAG Opinion","robots":{"index":"index","follow":"follow","max-snippet":"max-snippet:-1","max-image-preview":"max-image-preview:large","max-video-preview":"max-video-preview:-1"},"canonical":"https:\/\/jag.se\/opinion\/viktiga-steg-pa-vagen-mot-rattvisa-livsvillkor\/","og_locale":"sv_SE","og_type":"article","og_title":"\u201dViktiga steg p\u00e5 v\u00e4gen mot r\u00e4ttvisa livsvillkor\u201d - JAG Opinion","og_description":"Vi har nu l\u00e4mnat v\u00e5rt remissvar p\u00e5 utredningen om st\u00e4rkt assistans. Riksf\u00f6reningen JAG har genom sin expertplats i utredningen kunnat f\u00f6lja och bidra till resonemangen som ligger till grund f\u00f6r bet\u00e4nkandet. H\u00e4r \u00e4r en sammanfattning av v\u00e5rt svar: Personlig assistans med egenv\u00e5rdsuppgifter. Vi delar inte utredningens bild av nuvarande brister och risker. Olika akt\u00f6rers roller","og_url":"https:\/\/jag.se\/opinion\/viktiga-steg-pa-vagen-mot-rattvisa-livsvillkor\/","og_site_name":"JAG Opinion","article_published_time":"2021-09-30T09:20:42+00:00","article_modified_time":"2022-03-18T15:43:53+00:00","og_image":[{"width":1057,"height":1057,"url":"https:\/\/jag.se\/wp-content\/uploads\/sites\/3\/2021\/09\/Gabriel_bild_webb_1_1-1.jpg","type":"image\/jpeg"}],"author":"Alexander Alexandrov","twitter_card":"summary_large_image","twitter_misc":{"Skriven av":"Alexander Alexandrov","Ber\u00e4knad l\u00e4stid":"4 minuter"},"schema":{"@context":"https:\/\/schema.org","@graph":[{"@type":"WebPage","@id":"https:\/\/jag.se\/opinion\/viktiga-steg-pa-vagen-mot-rattvisa-livsvillkor\/","url":"https:\/\/jag.se\/opinion\/viktiga-steg-pa-vagen-mot-rattvisa-livsvillkor\/","name":"\u201dViktiga steg p\u00e5 v\u00e4gen mot r\u00e4ttvisa livsvillkor\u201d - JAG Opinion","isPartOf":{"@id":"https:\/\/jag.se\/opinion\/#website"},"datePublished":"2021-09-30T09:20:42+00:00","dateModified":"2022-03-18T15:43:53+00:00","author":{"@id":"https:\/\/jag.se\/opinion\/#\/schema\/person\/42ca7c4b556b837c35d83ffe97aa92c0"},"breadcrumb":{"@id":"https:\/\/jag.se\/opinion\/viktiga-steg-pa-vagen-mot-rattvisa-livsvillkor\/#breadcrumb"},"inLanguage":"sv-SE","potentialAction":[{"@type":"ReadAction","target":["https:\/\/jag.se\/opinion\/viktiga-steg-pa-vagen-mot-rattvisa-livsvillkor\/"]}]},{"@type":"BreadcrumbList","@id":"https:\/\/jag.se\/opinion\/viktiga-steg-pa-vagen-mot-rattvisa-livsvillkor\/#breadcrumb","itemListElement":[{"@type":"ListItem","position":1,"name":"JAG start","item":"https:\/\/jag.se"},{"@type":"ListItem","position":2,"name":"Riksf\u00f6reningen JAG","item":"https:\/\/jag.se\/opinion\/"},{"@type":"ListItem","position":3,"name":"\u201dViktiga steg p\u00e5 v\u00e4gen mot r\u00e4ttvisa livsvillkor\u201d"}]},{"@type":"WebSite","@id":"https:\/\/jag.se\/opinion\/#website","url":"https:\/\/jag.se\/opinion\/","name":"JAG Opinion","description":"","potentialAction":[{"@type":"SearchAction","target":{"@type":"EntryPoint","urlTemplate":"https:\/\/jag.se\/opinion\/?s={search_term_string}"},"query-input":"required name=search_term_string"}],"inLanguage":"sv-SE"},{"@type":"Person","@id":"https:\/\/jag.se\/opinion\/#\/schema\/person\/42ca7c4b556b837c35d83ffe97aa92c0","name":"Alexander Alexandrov","image":{"@type":"ImageObject","inLanguage":"sv-SE","@id":"https:\/\/jag.se\/opinion\/#\/schema\/person\/image\/","url":"https:\/\/secure.gravatar.com\/avatar\/39974ed46e3cb66fe6760e4c288a2722aff8b0a328a2802a65dd6f31fe323990?s=96&d=mm&r=g","contentUrl":"https:\/\/secure.gravatar.com\/avatar\/39974ed46e3cb66fe6760e4c288a2722aff8b0a328a2802a65dd6f31fe323990?s=96&d=mm&r=g","caption":"Alexander Alexandrov"},"sameAs":["https:\/\/jag.se"]}]}},"_links":{"self":[{"href":"https:\/\/jag.se\/opinion\/wp-json\/wp\/v2\/posts\/2216","targetHints":{"allow":["GET"]}}],"collection":[{"href":"https:\/\/jag.se\/opinion\/wp-json\/wp\/v2\/posts"}],"about":[{"href":"https:\/\/jag.se\/opinion\/wp-json\/wp\/v2\/types\/post"}],"author":[{"embeddable":true,"href":"https:\/\/jag.se\/opinion\/wp-json\/wp\/v2\/users\/1"}],"replies":[{"embeddable":true,"href":"https:\/\/jag.se\/opinion\/wp-json\/wp\/v2\/comments?post=2216"}],"version-history":[{"count":1,"href":"https:\/\/jag.se\/opinion\/wp-json\/wp\/v2\/posts\/2216\/revisions"}],"predecessor-version":[{"id":2461,"href":"https:\/\/jag.se\/opinion\/wp-json\/wp\/v2\/posts\/2216\/revisions\/2461"}],"wp:featuredmedia":[{"embeddable":true,"href":"https:\/\/jag.se\/opinion\/wp-json\/wp\/v2\/media\/2460"}],"wp:attachment":[{"href":"https:\/\/jag.se\/opinion\/wp-json\/wp\/v2\/media?parent=2216"}],"wp:term":[{"taxonomy":"category","embeddable":true,"href":"https:\/\/jag.se\/opinion\/wp-json\/wp\/v2\/categories?post=2216"},{"taxonomy":"post_tag","embeddable":true,"href":"https:\/\/jag.se\/opinion\/wp-json\/wp\/v2\/tags?post=2216"}],"curies":[{"name":"wp","href":"https:\/\/api.w.org\/{rel}","templated":true}]}}