{"id":2217,"date":"2021-09-23T12:26:21","date_gmt":"2021-09-23T12:26:21","guid":{"rendered":"https:\/\/jag.se\/opinion\/ett-berett-forslag-for-en-kommunalisering-skulle-halla-oss-somnlosa\/"},"modified":"2022-03-18T15:43:52","modified_gmt":"2022-03-18T15:43:52","slug":"ett-berett-forslag-for-en-kommunalisering-skulle-halla-oss-somnlosa","status":"publish","type":"post","link":"https:\/\/jag.se\/opinion\/ett-berett-forslag-for-en-kommunalisering-skulle-halla-oss-somnlosa\/","title":{"rendered":"\u201dEtt berett f\u00f6rslag f\u00f6r en kommunalisering skulle h\u00e5lla oss s\u00f6mnl\u00f6sa\u201d"},"content":{"rendered":"<p>Regeringen har idag l\u00e4mnat direktiv till en ny utredning som ska unders\u00f6ka hur ansvaret f\u00f6r personlig assistans ska kunna samlas hos en huvudman. Ansvaret \u00e4r idag delat mellan staten och kommunerna. Vi hade hoppats att utredningen enbart skulle g\u00e4lla f\u00f6ruts\u00e4ttningarna f\u00f6r ett samlat statligt ansvar f\u00f6r personlig assistans. Nu har utredaren f\u00e5tt i uppdrag att \u00e4ven unders\u00f6ka alternativ till ett statligt huvudmannaskap, vilket kan tolkas som att regeringen kan t\u00e4nka sig en kommunalisering av assistansen.<\/p>\n<p>Vi\u00a0medlemmar i Riksf\u00f6reningen JAG vet att den statliga finansieringen via F\u00f6rs\u00e4kringskassan \u00e4r en f\u00f6ruts\u00e4ttning f\u00f6r oss att leva fritt p\u00e5 v\u00e5ra egna villkor, som andra. En del av oss har erfarenhet av att vara beroende av hemkommunen, f\u00f6re assistansreformen. D\u00e5 utpekades vi ofta som personer som belastade den lokala budgeten med stora belopp. Ekonomiska drivkrafter tillsammans med ett f\u00f6r\u00e5ldrat omsorgst\u00e4nk gjorde att insatserna begr\u00e4nsades och vi h\u00e4nvisades till institutionsl\u00f6sningar. \u00c4ven under de senaste \u00e5ren har vi konstaterat att kommunerna alltmer \u00e5sidos\u00e4tter v\u00e5ra r\u00e4ttigheter enligt LSS och funktionsr\u00e4ttskonventionen, sannolikt av samma sk\u00e4l som tidigare. M\u00e5nga nekas det st\u00f6d de beh\u00f6ver och f\u00e5r sina liv begr\u00e4nsade.<\/p>\n<p>\u2013 Utredningen \u00e4r efterl\u00e4ngtad av m\u00e5nga, men fr\u00e5gan om alternativ g\u00f6r oss oroade, s\u00e4ger Cecilia Blanck, verksamhetschef f\u00f6r Riksf\u00f6reningen JAG och god man f\u00f6r Riksf\u00f6reningen JAGs ordf\u00f6rande Magnus And\u00e9n. Det finns visserligen bland partierna just nu ett starkt st\u00f6d f\u00f6r ett helstatligt huvudmannaskap. Men det kan ju \u00e4ndras. Om det d\u00e5 finns ett berett f\u00f6rslag f\u00f6r en kommunalisering \u00e4r det en fara som skulle h\u00e5lla oss s\u00f6mnl\u00f6sa.<\/p>\n<p>\u2013\u00a0En kommunalisering av assistansen skulle sl\u00e5 s\u00f6nder assistansreformen och leda oss \u00e5rtionden bak\u00e5t i tiden. Vi beh\u00f6ver d\u00e4rf\u00f6r ett tydligt politiskt st\u00e4llningstagande att det \u00e4r fortsatt statligt ansvar f\u00f6r assistansen som g\u00e4ller, f\u00f6r alla grupper som idag omfattas av det. Ingen ska flyttas fr\u00e5n statlig finansiering till kommunal, oavsett vilka andra LSS-insatser en beh\u00f6ver,\u00a0s\u00e4ger Cecilia Blanck.<\/p>\n<p>Riksf\u00f6reningen JAG konstaterar att<\/p>\n<p>\u2013 en kommunalisering av assistansen skulle leda oss \u00e5rtionden bak\u00e5t i tide<\/p>\n<p>\u2013 vi d\u00e4rf\u00f6r beh\u00f6ver ett fortsatt statligt ansvar f\u00f6r assistansen, helt eller delat som nu<\/p>\n<p>\u2013 personlig assistans \u00e4r personlig assistans, oavsett IQ eller kommunikationsf\u00f6rm\u00e5ga. Alla \u00e5tskillnader p\u00e5 dessa grunder \u00e4r diskriminering och ett brott mot funktionsr\u00e4ttskonventionen.<\/p>\n<p>Vi hoppas att utredaren ska komma fram till samma slutsatser och f\u00f6ruts\u00e4tter att Riksf\u00f6reningen JAG ska f\u00e5 vara delaktig i utredningens arbete som expert.<\/p>\n<p>Inl\u00e4gget <a rel=\"nofollow\" href=\"https:\/\/jag.se\/opinion\/ett-berett-forslag-for-en-kommunalisering-ar-det-en-fara-som-skulle-halla-oss-somnlosa\/\">&#8221;Ett berett f\u00f6rslag f\u00f6r en kommunalisering skulle h\u00e5lla oss s\u00f6mnl\u00f6sa&#8221;<\/a> d\u00f6k f\u00f6rst upp p\u00e5 <a rel=\"nofollow\" href=\"https:\/\/jag.se\/opinion\">Riksf\u00f6reningen JAG<\/a>.<\/p>\n","protected":false},"excerpt":{"rendered":"<p>Regeringen har idag l\u00e4mnat direktiv till en ny utredning som ska unders\u00f6ka hur ansvaret f\u00f6r personlig assistans ska kunna samlas hos en huvudman. Ansvaret \u00e4r idag delat mellan staten och kommunerna. Vi hade hoppats att utredningen enbart skulle g\u00e4lla f\u00f6ruts\u00e4ttningarna f\u00f6r ett samlat statligt ansvar f\u00f6r personlig assistans. Nu har utredaren f\u00e5tt i uppdrag att<\/p>\n","protected":false},"author":1,"featured_media":2458,"comment_status":"closed","ping_status":"open","sticky":false,"template":"","format":"standard","meta":{"footnotes":""},"categories":[1],"tags":[],"class_list":["post-2217","post","type-post","status-publish","format-standard","has-post-thumbnail","hentry","category-uncategorized"],"acf":[],"yoast_head":"<!-- This site is optimized with the Yoast SEO plugin v21.3 - https:\/\/yoast.com\/wordpress\/plugins\/seo\/ -->\n<title>\u201dEtt berett f\u00f6rslag f\u00f6r en kommunalisering skulle h\u00e5lla oss s\u00f6mnl\u00f6sa\u201d - JAG Opinion<\/title>\n<meta name=\"robots\" content=\"index, follow, max-snippet:-1, max-image-preview:large, max-video-preview:-1\" \/>\n<link rel=\"canonical\" href=\"https:\/\/jag.se\/opinion\/ett-berett-forslag-for-en-kommunalisering-skulle-halla-oss-somnlosa\/\" \/>\n<meta property=\"og:locale\" content=\"sv_SE\" \/>\n<meta property=\"og:type\" content=\"article\" \/>\n<meta property=\"og:title\" content=\"\u201dEtt berett f\u00f6rslag f\u00f6r en kommunalisering skulle h\u00e5lla oss s\u00f6mnl\u00f6sa\u201d - JAG Opinion\" \/>\n<meta property=\"og:description\" content=\"Regeringen har idag l\u00e4mnat direktiv till en ny utredning som ska unders\u00f6ka hur ansvaret f\u00f6r personlig assistans ska kunna samlas hos en huvudman. Ansvaret \u00e4r idag delat mellan staten och kommunerna. Vi hade hoppats att utredningen enbart skulle g\u00e4lla f\u00f6ruts\u00e4ttningarna f\u00f6r ett samlat statligt ansvar f\u00f6r personlig assistans. Nu har utredaren f\u00e5tt i uppdrag att\" \/>\n<meta property=\"og:url\" content=\"https:\/\/jag.se\/opinion\/ett-berett-forslag-for-en-kommunalisering-skulle-halla-oss-somnlosa\/\" \/>\n<meta property=\"og:site_name\" content=\"JAG Opinion\" \/>\n<meta property=\"article:published_time\" content=\"2021-09-23T12:26:21+00:00\" \/>\n<meta property=\"article:modified_time\" content=\"2022-03-18T15:43:52+00:00\" \/>\n<meta property=\"og:image\" content=\"https:\/\/jag.se\/wp-content\/uploads\/sites\/3\/2021\/09\/Anden_Blanck_low-1.jpg\" \/>\n\t<meta property=\"og:image:width\" content=\"425\" \/>\n\t<meta property=\"og:image:height\" content=\"567\" \/>\n\t<meta property=\"og:image:type\" content=\"image\/jpeg\" \/>\n<meta name=\"author\" content=\"Alexander Alexandrov\" \/>\n<meta name=\"twitter:card\" content=\"summary_large_image\" \/>\n<meta name=\"twitter:label1\" content=\"Skriven av\" \/>\n\t<meta name=\"twitter:data1\" content=\"Alexander Alexandrov\" \/>\n\t<meta name=\"twitter:label2\" content=\"Ber\u00e4knad l\u00e4stid\" \/>\n\t<meta name=\"twitter:data2\" content=\"2 minuter\" \/>\n<script type=\"application\/ld+json\" class=\"yoast-schema-graph\">{\"@context\":\"https:\/\/schema.org\",\"@graph\":[{\"@type\":\"WebPage\",\"@id\":\"https:\/\/jag.se\/opinion\/ett-berett-forslag-for-en-kommunalisering-skulle-halla-oss-somnlosa\/\",\"url\":\"https:\/\/jag.se\/opinion\/ett-berett-forslag-for-en-kommunalisering-skulle-halla-oss-somnlosa\/\",\"name\":\"\u201dEtt berett f\u00f6rslag f\u00f6r en kommunalisering skulle h\u00e5lla oss s\u00f6mnl\u00f6sa\u201d - JAG Opinion\",\"isPartOf\":{\"@id\":\"https:\/\/jag.se\/opinion\/#website\"},\"datePublished\":\"2021-09-23T12:26:21+00:00\",\"dateModified\":\"2022-03-18T15:43:52+00:00\",\"author\":{\"@id\":\"https:\/\/jag.se\/opinion\/#\/schema\/person\/42ca7c4b556b837c35d83ffe97aa92c0\"},\"breadcrumb\":{\"@id\":\"https:\/\/jag.se\/opinion\/ett-berett-forslag-for-en-kommunalisering-skulle-halla-oss-somnlosa\/#breadcrumb\"},\"inLanguage\":\"sv-SE\",\"potentialAction\":[{\"@type\":\"ReadAction\",\"target\":[\"https:\/\/jag.se\/opinion\/ett-berett-forslag-for-en-kommunalisering-skulle-halla-oss-somnlosa\/\"]}]},{\"@type\":\"BreadcrumbList\",\"@id\":\"https:\/\/jag.se\/opinion\/ett-berett-forslag-for-en-kommunalisering-skulle-halla-oss-somnlosa\/#breadcrumb\",\"itemListElement\":[{\"@type\":\"ListItem\",\"position\":1,\"name\":\"JAG start\",\"item\":\"https:\/\/jag.se\"},{\"@type\":\"ListItem\",\"position\":2,\"name\":\"Riksf\u00f6reningen JAG\",\"item\":\"https:\/\/jag.se\/opinion\/\"},{\"@type\":\"ListItem\",\"position\":3,\"name\":\"\u201dEtt berett f\u00f6rslag f\u00f6r en kommunalisering skulle h\u00e5lla oss s\u00f6mnl\u00f6sa\u201d\"}]},{\"@type\":\"WebSite\",\"@id\":\"https:\/\/jag.se\/opinion\/#website\",\"url\":\"https:\/\/jag.se\/opinion\/\",\"name\":\"JAG Opinion\",\"description\":\"\",\"potentialAction\":[{\"@type\":\"SearchAction\",\"target\":{\"@type\":\"EntryPoint\",\"urlTemplate\":\"https:\/\/jag.se\/opinion\/?s={search_term_string}\"},\"query-input\":\"required name=search_term_string\"}],\"inLanguage\":\"sv-SE\"},{\"@type\":\"Person\",\"@id\":\"https:\/\/jag.se\/opinion\/#\/schema\/person\/42ca7c4b556b837c35d83ffe97aa92c0\",\"name\":\"Alexander Alexandrov\",\"image\":{\"@type\":\"ImageObject\",\"inLanguage\":\"sv-SE\",\"@id\":\"https:\/\/jag.se\/opinion\/#\/schema\/person\/image\/\",\"url\":\"https:\/\/secure.gravatar.com\/avatar\/39974ed46e3cb66fe6760e4c288a2722aff8b0a328a2802a65dd6f31fe323990?s=96&d=mm&r=g\",\"contentUrl\":\"https:\/\/secure.gravatar.com\/avatar\/39974ed46e3cb66fe6760e4c288a2722aff8b0a328a2802a65dd6f31fe323990?s=96&d=mm&r=g\",\"caption\":\"Alexander Alexandrov\"},\"sameAs\":[\"https:\/\/jag.se\"]}]}<\/script>\n<!-- \/ Yoast SEO plugin. -->","yoast_head_json":{"title":"\u201dEtt berett f\u00f6rslag f\u00f6r en kommunalisering skulle h\u00e5lla oss s\u00f6mnl\u00f6sa\u201d - JAG Opinion","robots":{"index":"index","follow":"follow","max-snippet":"max-snippet:-1","max-image-preview":"max-image-preview:large","max-video-preview":"max-video-preview:-1"},"canonical":"https:\/\/jag.se\/opinion\/ett-berett-forslag-for-en-kommunalisering-skulle-halla-oss-somnlosa\/","og_locale":"sv_SE","og_type":"article","og_title":"\u201dEtt berett f\u00f6rslag f\u00f6r en kommunalisering skulle h\u00e5lla oss s\u00f6mnl\u00f6sa\u201d - JAG Opinion","og_description":"Regeringen har idag l\u00e4mnat direktiv till en ny utredning som ska unders\u00f6ka hur ansvaret f\u00f6r personlig assistans ska kunna samlas hos en huvudman. Ansvaret \u00e4r idag delat mellan staten och kommunerna. Vi hade hoppats att utredningen enbart skulle g\u00e4lla f\u00f6ruts\u00e4ttningarna f\u00f6r ett samlat statligt ansvar f\u00f6r personlig assistans. Nu har utredaren f\u00e5tt i uppdrag att","og_url":"https:\/\/jag.se\/opinion\/ett-berett-forslag-for-en-kommunalisering-skulle-halla-oss-somnlosa\/","og_site_name":"JAG Opinion","article_published_time":"2021-09-23T12:26:21+00:00","article_modified_time":"2022-03-18T15:43:52+00:00","og_image":[{"width":425,"height":567,"url":"https:\/\/jag.se\/wp-content\/uploads\/sites\/3\/2021\/09\/Anden_Blanck_low-1.jpg","type":"image\/jpeg"}],"author":"Alexander Alexandrov","twitter_card":"summary_large_image","twitter_misc":{"Skriven av":"Alexander Alexandrov","Ber\u00e4knad l\u00e4stid":"2 minuter"},"schema":{"@context":"https:\/\/schema.org","@graph":[{"@type":"WebPage","@id":"https:\/\/jag.se\/opinion\/ett-berett-forslag-for-en-kommunalisering-skulle-halla-oss-somnlosa\/","url":"https:\/\/jag.se\/opinion\/ett-berett-forslag-for-en-kommunalisering-skulle-halla-oss-somnlosa\/","name":"\u201dEtt berett f\u00f6rslag f\u00f6r en kommunalisering skulle h\u00e5lla oss s\u00f6mnl\u00f6sa\u201d - JAG Opinion","isPartOf":{"@id":"https:\/\/jag.se\/opinion\/#website"},"datePublished":"2021-09-23T12:26:21+00:00","dateModified":"2022-03-18T15:43:52+00:00","author":{"@id":"https:\/\/jag.se\/opinion\/#\/schema\/person\/42ca7c4b556b837c35d83ffe97aa92c0"},"breadcrumb":{"@id":"https:\/\/jag.se\/opinion\/ett-berett-forslag-for-en-kommunalisering-skulle-halla-oss-somnlosa\/#breadcrumb"},"inLanguage":"sv-SE","potentialAction":[{"@type":"ReadAction","target":["https:\/\/jag.se\/opinion\/ett-berett-forslag-for-en-kommunalisering-skulle-halla-oss-somnlosa\/"]}]},{"@type":"BreadcrumbList","@id":"https:\/\/jag.se\/opinion\/ett-berett-forslag-for-en-kommunalisering-skulle-halla-oss-somnlosa\/#breadcrumb","itemListElement":[{"@type":"ListItem","position":1,"name":"JAG start","item":"https:\/\/jag.se"},{"@type":"ListItem","position":2,"name":"Riksf\u00f6reningen JAG","item":"https:\/\/jag.se\/opinion\/"},{"@type":"ListItem","position":3,"name":"\u201dEtt berett f\u00f6rslag f\u00f6r en kommunalisering skulle h\u00e5lla oss s\u00f6mnl\u00f6sa\u201d"}]},{"@type":"WebSite","@id":"https:\/\/jag.se\/opinion\/#website","url":"https:\/\/jag.se\/opinion\/","name":"JAG Opinion","description":"","potentialAction":[{"@type":"SearchAction","target":{"@type":"EntryPoint","urlTemplate":"https:\/\/jag.se\/opinion\/?s={search_term_string}"},"query-input":"required name=search_term_string"}],"inLanguage":"sv-SE"},{"@type":"Person","@id":"https:\/\/jag.se\/opinion\/#\/schema\/person\/42ca7c4b556b837c35d83ffe97aa92c0","name":"Alexander Alexandrov","image":{"@type":"ImageObject","inLanguage":"sv-SE","@id":"https:\/\/jag.se\/opinion\/#\/schema\/person\/image\/","url":"https:\/\/secure.gravatar.com\/avatar\/39974ed46e3cb66fe6760e4c288a2722aff8b0a328a2802a65dd6f31fe323990?s=96&d=mm&r=g","contentUrl":"https:\/\/secure.gravatar.com\/avatar\/39974ed46e3cb66fe6760e4c288a2722aff8b0a328a2802a65dd6f31fe323990?s=96&d=mm&r=g","caption":"Alexander Alexandrov"},"sameAs":["https:\/\/jag.se"]}]}},"_links":{"self":[{"href":"https:\/\/jag.se\/opinion\/wp-json\/wp\/v2\/posts\/2217","targetHints":{"allow":["GET"]}}],"collection":[{"href":"https:\/\/jag.se\/opinion\/wp-json\/wp\/v2\/posts"}],"about":[{"href":"https:\/\/jag.se\/opinion\/wp-json\/wp\/v2\/types\/post"}],"author":[{"embeddable":true,"href":"https:\/\/jag.se\/opinion\/wp-json\/wp\/v2\/users\/1"}],"replies":[{"embeddable":true,"href":"https:\/\/jag.se\/opinion\/wp-json\/wp\/v2\/comments?post=2217"}],"version-history":[{"count":1,"href":"https:\/\/jag.se\/opinion\/wp-json\/wp\/v2\/posts\/2217\/revisions"}],"predecessor-version":[{"id":2459,"href":"https:\/\/jag.se\/opinion\/wp-json\/wp\/v2\/posts\/2217\/revisions\/2459"}],"wp:featuredmedia":[{"embeddable":true,"href":"https:\/\/jag.se\/opinion\/wp-json\/wp\/v2\/media\/2458"}],"wp:attachment":[{"href":"https:\/\/jag.se\/opinion\/wp-json\/wp\/v2\/media?parent=2217"}],"wp:term":[{"taxonomy":"category","embeddable":true,"href":"https:\/\/jag.se\/opinion\/wp-json\/wp\/v2\/categories?post=2217"},{"taxonomy":"post_tag","embeddable":true,"href":"https:\/\/jag.se\/opinion\/wp-json\/wp\/v2\/tags?post=2217"}],"curies":[{"name":"wp","href":"https:\/\/api.w.org\/{rel}","templated":true}]}}