{"id":2218,"date":"2021-09-16T07:37:45","date_gmt":"2021-09-16T07:37:45","guid":{"rendered":"https:\/\/jag.se\/opinion\/regeringen-presenterar-efterlangtade-atgarder\/"},"modified":"2022-03-18T15:43:51","modified_gmt":"2022-03-18T15:43:51","slug":"regeringen-presenterar-efterlangtade-atgarder","status":"publish","type":"post","link":"https:\/\/jag.se\/opinion\/regeringen-presenterar-efterlangtade-atgarder\/","title":{"rendered":"Regeringen presenterar efterl\u00e4ngtade \u00e5tg\u00e4rder"},"content":{"rendered":"<p><b>Riksf\u00f6reningen JAG appl\u00e5derar de reformer p\u00e5 funktionshinderomr\u00e5det som regeringen<\/b><b>\u00a0meddelade\u00a0p\u00e5 en presskonferens i morse.\u00a0<\/b><b>F\u00f6rslagen\u00a0<\/b><b>i utredningen St\u00e4rkt r\u00e4tt till personlig assistans\u00a0ska\u00a0genomf\u00f6ras och\u00a0dessutom st\u00e4rks\u00a0ekonomin f\u00f6r personer med\u00a0sjuk- och aktivitetsers\u00e4ttning och bostadstill\u00e4gg.\u00a0<\/b>\u00a0<\/p>\n<p><b>\u2013 Detta \u00e4r\u00a0efterl\u00e4ngtade\u00a0\u00e5tg\u00e4rder\u00a0efter\u00a0m\u00e5nga \u00e5rs\u00a0nedmontering av den statliga assistansen,\u00a0s\u00e4ger Cecilia Blanck, verksamhetsansvarig i Riksf\u00f6reningen JAG. Det inneb\u00e4r\u00a0en korrigering av delar av den domstolspraxis som vantolkat intentionerna med assistansreformen.\u00a0F\u00f6rb\u00e4ttringarna i privatekonomin\u00a0\u00e4r ocks\u00e5 ett v\u00e4lkommet erk\u00e4nnande av den v\u00e4xande fattigdomsf\u00e4llan\u00a0vi har pekat p\u00e5 l\u00e4nge.<\/b>\u00a0<\/p>\n<p>F\u00f6rslagen i\u00a0Utredningen\u00a0St\u00e4rkt r\u00e4tt till personlig assistans\u00a0\u00e5terst\u00e4ller\u00a0bland annat\u00a0r\u00e4tten till assistans f\u00f6r personer vars behov inte bara \u00e4r praktiska. Personer som beh\u00f6ver ett omfattande st\u00f6d med instruktioner och motivation f\u00f6r att tillgodose sina behov, eller ett f\u00f6rebyggande st\u00f6d f\u00f6r att inte hamna i situationer d\u00e4r de riskerar att skada sig sj\u00e4lva eller andra, har\u00a0farit oerh\u00f6rt illa av att inte f\u00e5 den\u00a0assistans\u00a0de beh\u00f6ver.\u00a0\u00c4ven\u00a0f\u00f6r barn med de\u00a0st\u00f6rsta och sv\u00e5raste funktionsneds\u00e4ttningarna\u00a0\u00e5terst\u00e4lls r\u00e4tten till assistans\u00a0genom\u00a0f\u00f6rslagen.\u00a0\u00a0<\/p>\n<p>\u2013 Vi \u00e4r ocks\u00e5 glada \u00f6ver att regeringen\u00a0p\u00e5 presskonferensen\u00a0pekar p\u00e5 att n\u00e4r som helst kan vem som helst beh\u00f6va personlig assistans, en sj\u00e4lv eller n\u00e5gon av de n\u00e4rmaste,\u00a0s\u00e4ger Cecilia Blanck. Den insikten\u00a0b\u00e5dar gott inf\u00f6r framtiden.\u00a0Personlig assistans\u00a0\u00e4r verkligen ett skyddsn\u00e4t f\u00f6r alla \u2013 om livet f\u00f6r\u00e4ndras s\u00e5\u00a0ska en kunna forts\u00e4tta leva sitt liv.\u00a0\u00a0<\/p>\n<p>Inl\u00e4gget <a rel=\"nofollow\" href=\"https:\/\/jag.se\/opinion\/regeringen-presenterar-efterlangtade-atgarder\/\">Regeringen presenterar efterl\u00e4ngtade \u00e5tg\u00e4rder<\/a> d\u00f6k f\u00f6rst upp p\u00e5 <a rel=\"nofollow\" href=\"https:\/\/jag.se\/opinion\">Riksf\u00f6reningen JAG<\/a>.<\/p>\n","protected":false},"excerpt":{"rendered":"<p>Riksf\u00f6reningen JAG appl\u00e5derar de reformer p\u00e5 funktionshinderomr\u00e5det som regeringen\u00a0meddelade\u00a0p\u00e5 en presskonferens i morse.\u00a0F\u00f6rslagen\u00a0i utredningen St\u00e4rkt r\u00e4tt till personlig assistans\u00a0ska\u00a0genomf\u00f6ras och\u00a0dessutom st\u00e4rks\u00a0ekonomin f\u00f6r personer med\u00a0sjuk- och aktivitetsers\u00e4ttning och bostadstill\u00e4gg.\u00a0\u00a0 \u2013 Detta \u00e4r\u00a0efterl\u00e4ngtade\u00a0\u00e5tg\u00e4rder\u00a0efter\u00a0m\u00e5nga \u00e5rs\u00a0nedmontering av den statliga assistansen,\u00a0s\u00e4ger Cecilia Blanck, verksamhetsansvarig i Riksf\u00f6reningen JAG. Det inneb\u00e4r\u00a0en korrigering av delar av den domstolspraxis som vantolkat intentionerna med assistansreformen.\u00a0F\u00f6rb\u00e4ttringarna<\/p>\n","protected":false},"author":1,"featured_media":2456,"comment_status":"closed","ping_status":"open","sticky":false,"template":"","format":"standard","meta":{"footnotes":""},"categories":[1],"tags":[],"class_list":["post-2218","post","type-post","status-publish","format-standard","has-post-thumbnail","hentry","category-uncategorized"],"acf":[],"yoast_head":"<!-- This site is optimized with the Yoast SEO plugin v21.3 - https:\/\/yoast.com\/wordpress\/plugins\/seo\/ -->\n<title>Regeringen presenterar efterl\u00e4ngtade \u00e5tg\u00e4rder - JAG Opinion<\/title>\n<meta name=\"robots\" content=\"index, follow, max-snippet:-1, max-image-preview:large, max-video-preview:-1\" \/>\n<link rel=\"canonical\" href=\"https:\/\/jag.se\/opinion\/regeringen-presenterar-efterlangtade-atgarder\/\" \/>\n<meta property=\"og:locale\" content=\"sv_SE\" \/>\n<meta property=\"og:type\" content=\"article\" \/>\n<meta property=\"og:title\" content=\"Regeringen presenterar efterl\u00e4ngtade \u00e5tg\u00e4rder - JAG Opinion\" \/>\n<meta property=\"og:description\" content=\"Riksf\u00f6reningen JAG appl\u00e5derar de reformer p\u00e5 funktionshinderomr\u00e5det som regeringen\u00a0meddelade\u00a0p\u00e5 en presskonferens i morse.\u00a0F\u00f6rslagen\u00a0i utredningen St\u00e4rkt r\u00e4tt till personlig assistans\u00a0ska\u00a0genomf\u00f6ras och\u00a0dessutom st\u00e4rks\u00a0ekonomin f\u00f6r personer med\u00a0sjuk- och aktivitetsers\u00e4ttning och bostadstill\u00e4gg.\u00a0\u00a0 \u2013 Detta \u00e4r\u00a0efterl\u00e4ngtade\u00a0\u00e5tg\u00e4rder\u00a0efter\u00a0m\u00e5nga \u00e5rs\u00a0nedmontering av den statliga assistansen,\u00a0s\u00e4ger Cecilia Blanck, verksamhetsansvarig i Riksf\u00f6reningen JAG. Det inneb\u00e4r\u00a0en korrigering av delar av den domstolspraxis som vantolkat intentionerna med assistansreformen.\u00a0F\u00f6rb\u00e4ttringarna\" \/>\n<meta property=\"og:url\" content=\"https:\/\/jag.se\/opinion\/regeringen-presenterar-efterlangtade-atgarder\/\" \/>\n<meta property=\"og:site_name\" content=\"JAG Opinion\" \/>\n<meta property=\"article:published_time\" content=\"2021-09-16T07:37:45+00:00\" \/>\n<meta property=\"article:modified_time\" content=\"2022-03-18T15:43:51+00:00\" \/>\n<meta property=\"og:image\" content=\"https:\/\/jag.se\/wp-content\/uploads\/sites\/3\/2021\/09\/Richard-Kostenius_webb-1.jpg\" \/>\n\t<meta property=\"og:image:width\" content=\"300\" \/>\n\t<meta property=\"og:image:height\" content=\"301\" \/>\n\t<meta property=\"og:image:type\" content=\"image\/jpeg\" \/>\n<meta name=\"author\" content=\"Alexander Alexandrov\" \/>\n<meta name=\"twitter:card\" content=\"summary_large_image\" \/>\n<meta name=\"twitter:label1\" content=\"Skriven av\" \/>\n\t<meta name=\"twitter:data1\" content=\"Alexander Alexandrov\" \/>\n\t<meta name=\"twitter:label2\" content=\"Ber\u00e4knad l\u00e4stid\" \/>\n\t<meta name=\"twitter:data2\" content=\"2 minuter\" \/>\n<script type=\"application\/ld+json\" class=\"yoast-schema-graph\">{\"@context\":\"https:\/\/schema.org\",\"@graph\":[{\"@type\":\"WebPage\",\"@id\":\"https:\/\/jag.se\/opinion\/regeringen-presenterar-efterlangtade-atgarder\/\",\"url\":\"https:\/\/jag.se\/opinion\/regeringen-presenterar-efterlangtade-atgarder\/\",\"name\":\"Regeringen presenterar efterl\u00e4ngtade \u00e5tg\u00e4rder - JAG Opinion\",\"isPartOf\":{\"@id\":\"https:\/\/jag.se\/opinion\/#website\"},\"datePublished\":\"2021-09-16T07:37:45+00:00\",\"dateModified\":\"2022-03-18T15:43:51+00:00\",\"author\":{\"@id\":\"https:\/\/jag.se\/opinion\/#\/schema\/person\/42ca7c4b556b837c35d83ffe97aa92c0\"},\"breadcrumb\":{\"@id\":\"https:\/\/jag.se\/opinion\/regeringen-presenterar-efterlangtade-atgarder\/#breadcrumb\"},\"inLanguage\":\"sv-SE\",\"potentialAction\":[{\"@type\":\"ReadAction\",\"target\":[\"https:\/\/jag.se\/opinion\/regeringen-presenterar-efterlangtade-atgarder\/\"]}]},{\"@type\":\"BreadcrumbList\",\"@id\":\"https:\/\/jag.se\/opinion\/regeringen-presenterar-efterlangtade-atgarder\/#breadcrumb\",\"itemListElement\":[{\"@type\":\"ListItem\",\"position\":1,\"name\":\"JAG start\",\"item\":\"https:\/\/jag.se\"},{\"@type\":\"ListItem\",\"position\":2,\"name\":\"Riksf\u00f6reningen JAG\",\"item\":\"https:\/\/jag.se\/opinion\/\"},{\"@type\":\"ListItem\",\"position\":3,\"name\":\"Regeringen presenterar efterl\u00e4ngtade \u00e5tg\u00e4rder\"}]},{\"@type\":\"WebSite\",\"@id\":\"https:\/\/jag.se\/opinion\/#website\",\"url\":\"https:\/\/jag.se\/opinion\/\",\"name\":\"JAG Opinion\",\"description\":\"\",\"potentialAction\":[{\"@type\":\"SearchAction\",\"target\":{\"@type\":\"EntryPoint\",\"urlTemplate\":\"https:\/\/jag.se\/opinion\/?s={search_term_string}\"},\"query-input\":\"required name=search_term_string\"}],\"inLanguage\":\"sv-SE\"},{\"@type\":\"Person\",\"@id\":\"https:\/\/jag.se\/opinion\/#\/schema\/person\/42ca7c4b556b837c35d83ffe97aa92c0\",\"name\":\"Alexander Alexandrov\",\"image\":{\"@type\":\"ImageObject\",\"inLanguage\":\"sv-SE\",\"@id\":\"https:\/\/jag.se\/opinion\/#\/schema\/person\/image\/\",\"url\":\"https:\/\/secure.gravatar.com\/avatar\/39974ed46e3cb66fe6760e4c288a2722aff8b0a328a2802a65dd6f31fe323990?s=96&d=mm&r=g\",\"contentUrl\":\"https:\/\/secure.gravatar.com\/avatar\/39974ed46e3cb66fe6760e4c288a2722aff8b0a328a2802a65dd6f31fe323990?s=96&d=mm&r=g\",\"caption\":\"Alexander Alexandrov\"},\"sameAs\":[\"https:\/\/jag.se\"]}]}<\/script>\n<!-- \/ Yoast SEO plugin. -->","yoast_head_json":{"title":"Regeringen presenterar efterl\u00e4ngtade \u00e5tg\u00e4rder - JAG Opinion","robots":{"index":"index","follow":"follow","max-snippet":"max-snippet:-1","max-image-preview":"max-image-preview:large","max-video-preview":"max-video-preview:-1"},"canonical":"https:\/\/jag.se\/opinion\/regeringen-presenterar-efterlangtade-atgarder\/","og_locale":"sv_SE","og_type":"article","og_title":"Regeringen presenterar efterl\u00e4ngtade \u00e5tg\u00e4rder - JAG Opinion","og_description":"Riksf\u00f6reningen JAG appl\u00e5derar de reformer p\u00e5 funktionshinderomr\u00e5det som regeringen\u00a0meddelade\u00a0p\u00e5 en presskonferens i morse.\u00a0F\u00f6rslagen\u00a0i utredningen St\u00e4rkt r\u00e4tt till personlig assistans\u00a0ska\u00a0genomf\u00f6ras och\u00a0dessutom st\u00e4rks\u00a0ekonomin f\u00f6r personer med\u00a0sjuk- och aktivitetsers\u00e4ttning och bostadstill\u00e4gg.\u00a0\u00a0 \u2013 Detta \u00e4r\u00a0efterl\u00e4ngtade\u00a0\u00e5tg\u00e4rder\u00a0efter\u00a0m\u00e5nga \u00e5rs\u00a0nedmontering av den statliga assistansen,\u00a0s\u00e4ger Cecilia Blanck, verksamhetsansvarig i Riksf\u00f6reningen JAG. Det inneb\u00e4r\u00a0en korrigering av delar av den domstolspraxis som vantolkat intentionerna med assistansreformen.\u00a0F\u00f6rb\u00e4ttringarna","og_url":"https:\/\/jag.se\/opinion\/regeringen-presenterar-efterlangtade-atgarder\/","og_site_name":"JAG Opinion","article_published_time":"2021-09-16T07:37:45+00:00","article_modified_time":"2022-03-18T15:43:51+00:00","og_image":[{"width":300,"height":301,"url":"https:\/\/jag.se\/wp-content\/uploads\/sites\/3\/2021\/09\/Richard-Kostenius_webb-1.jpg","type":"image\/jpeg"}],"author":"Alexander Alexandrov","twitter_card":"summary_large_image","twitter_misc":{"Skriven av":"Alexander Alexandrov","Ber\u00e4knad l\u00e4stid":"2 minuter"},"schema":{"@context":"https:\/\/schema.org","@graph":[{"@type":"WebPage","@id":"https:\/\/jag.se\/opinion\/regeringen-presenterar-efterlangtade-atgarder\/","url":"https:\/\/jag.se\/opinion\/regeringen-presenterar-efterlangtade-atgarder\/","name":"Regeringen presenterar efterl\u00e4ngtade \u00e5tg\u00e4rder - JAG Opinion","isPartOf":{"@id":"https:\/\/jag.se\/opinion\/#website"},"datePublished":"2021-09-16T07:37:45+00:00","dateModified":"2022-03-18T15:43:51+00:00","author":{"@id":"https:\/\/jag.se\/opinion\/#\/schema\/person\/42ca7c4b556b837c35d83ffe97aa92c0"},"breadcrumb":{"@id":"https:\/\/jag.se\/opinion\/regeringen-presenterar-efterlangtade-atgarder\/#breadcrumb"},"inLanguage":"sv-SE","potentialAction":[{"@type":"ReadAction","target":["https:\/\/jag.se\/opinion\/regeringen-presenterar-efterlangtade-atgarder\/"]}]},{"@type":"BreadcrumbList","@id":"https:\/\/jag.se\/opinion\/regeringen-presenterar-efterlangtade-atgarder\/#breadcrumb","itemListElement":[{"@type":"ListItem","position":1,"name":"JAG start","item":"https:\/\/jag.se"},{"@type":"ListItem","position":2,"name":"Riksf\u00f6reningen JAG","item":"https:\/\/jag.se\/opinion\/"},{"@type":"ListItem","position":3,"name":"Regeringen presenterar efterl\u00e4ngtade \u00e5tg\u00e4rder"}]},{"@type":"WebSite","@id":"https:\/\/jag.se\/opinion\/#website","url":"https:\/\/jag.se\/opinion\/","name":"JAG Opinion","description":"","potentialAction":[{"@type":"SearchAction","target":{"@type":"EntryPoint","urlTemplate":"https:\/\/jag.se\/opinion\/?s={search_term_string}"},"query-input":"required name=search_term_string"}],"inLanguage":"sv-SE"},{"@type":"Person","@id":"https:\/\/jag.se\/opinion\/#\/schema\/person\/42ca7c4b556b837c35d83ffe97aa92c0","name":"Alexander Alexandrov","image":{"@type":"ImageObject","inLanguage":"sv-SE","@id":"https:\/\/jag.se\/opinion\/#\/schema\/person\/image\/","url":"https:\/\/secure.gravatar.com\/avatar\/39974ed46e3cb66fe6760e4c288a2722aff8b0a328a2802a65dd6f31fe323990?s=96&d=mm&r=g","contentUrl":"https:\/\/secure.gravatar.com\/avatar\/39974ed46e3cb66fe6760e4c288a2722aff8b0a328a2802a65dd6f31fe323990?s=96&d=mm&r=g","caption":"Alexander Alexandrov"},"sameAs":["https:\/\/jag.se"]}]}},"_links":{"self":[{"href":"https:\/\/jag.se\/opinion\/wp-json\/wp\/v2\/posts\/2218","targetHints":{"allow":["GET"]}}],"collection":[{"href":"https:\/\/jag.se\/opinion\/wp-json\/wp\/v2\/posts"}],"about":[{"href":"https:\/\/jag.se\/opinion\/wp-json\/wp\/v2\/types\/post"}],"author":[{"embeddable":true,"href":"https:\/\/jag.se\/opinion\/wp-json\/wp\/v2\/users\/1"}],"replies":[{"embeddable":true,"href":"https:\/\/jag.se\/opinion\/wp-json\/wp\/v2\/comments?post=2218"}],"version-history":[{"count":1,"href":"https:\/\/jag.se\/opinion\/wp-json\/wp\/v2\/posts\/2218\/revisions"}],"predecessor-version":[{"id":2457,"href":"https:\/\/jag.se\/opinion\/wp-json\/wp\/v2\/posts\/2218\/revisions\/2457"}],"wp:featuredmedia":[{"embeddable":true,"href":"https:\/\/jag.se\/opinion\/wp-json\/wp\/v2\/media\/2456"}],"wp:attachment":[{"href":"https:\/\/jag.se\/opinion\/wp-json\/wp\/v2\/media?parent=2218"}],"wp:term":[{"taxonomy":"category","embeddable":true,"href":"https:\/\/jag.se\/opinion\/wp-json\/wp\/v2\/categories?post=2218"},{"taxonomy":"post_tag","embeddable":true,"href":"https:\/\/jag.se\/opinion\/wp-json\/wp\/v2\/tags?post=2218"}],"curies":[{"name":"wp","href":"https:\/\/api.w.org\/{rel}","templated":true}]}}