{"id":2222,"date":"2021-03-29T14:55:49","date_gmt":"2021-03-29T14:55:49","guid":{"rendered":"https:\/\/jag.se\/opinion\/oppet-brev-till-folkhalsomyndigheten-gallande-prioriteringsordning-for-vaccin\/"},"modified":"2022-03-18T15:43:44","modified_gmt":"2022-03-18T15:43:44","slug":"oppet-brev-till-folkhalsomyndigheten-gallande-prioriteringsordning-for-vaccin","status":"publish","type":"post","link":"https:\/\/jag.se\/opinion\/oppet-brev-till-folkhalsomyndigheten-gallande-prioriteringsordning-for-vaccin\/","title":{"rendered":"\u00d6ppet brev till Folkh\u00e4lsomyndigheten g\u00e4llande prioriteringsordning f\u00f6r vaccin"},"content":{"rendered":"<p><b>Folkh\u00e4lsomyndighetens\u202fgeneraldirekt\u00f6r Johan Carlson uppmanas i ett \u00f6ppet brev fr\u00e5n Riksf\u00f6reningen JAG att\u00a0<\/b><b>genast\u00a0<\/b><b>t\u00e4nka om\u00a0<\/b><b>g\u00e4llande<\/b><b>\u00a0<\/b><b>den sk\u00e4rpta\u00a0<\/b><b>prioriterings<\/b><b>ordningen<\/b><b>\u00a0f\u00f6r vaccination mot covid-19.\u202f<\/b>\u00a0<\/p>\n<p>Efter Folkh\u00e4lsomyndighetens nyligen sk\u00e4rpta prioritering av \u00e4ldre \u00e4r vi assistansanv\u00e4ndare med omfattande och sv\u00e5ra funktionsneds\u00e4ttningar \u00e5terigen nedprioriterade f\u00f6r vaccination mot covid-19.\u00a0\u00a0<\/p>\n<p><a href=\"https:\/\/jag-se-dev.azurewebsites.net\/wp-content\/uploads\/sites\/3\/2021\/03\/logo_FoHM_pict.png\"><img decoding=\"async\" loading=\"lazy\" class=\" wp-image-192566 alignright\" src=\"https:\/\/jag-se-dev.azurewebsites.net\/wp-content\/uploads\/sites\/3\/2021\/03\/logo_FoHM_pict-150x150.png\" alt=\"\" width=\"194\" height=\"194\" \/><\/a><\/p>\n<p>Vi med statlig assistansers\u00e4ttning placeras n\u00e4st sist i fas tv\u00e5. Efter \u00e4ldre personer som prioriteras h\u00f6gst. Efter personer som genomg\u00e5tt transplantation och dialyspatienter. Efter alla med n\u00e5gon form av LSS-insats som t ex kontaktperson ett par timmar i m\u00e5naden. Och ingen grupp f\u00e5r p\u00e5b\u00f6rjas innan de som st\u00e5r f\u00f6re har erbjudits vaccin. Oavsett risk f\u00f6r sv\u00e5rt insjuknande i covid-19.\u00a0<\/p>\n<p>M\u00e5nga medlemmar i JAG har flera olika funktionsneds\u00e4ttningar som var och en f\u00f6r sig utg\u00f6r en \u00f6kad risk f\u00f6r sv\u00e5rt insjuknande i covid-19. Och tillsammans med nedsatt immunf\u00f6rsvar och underliggande sjukdomar vet vi att v\u00e5ra chanser att \u00f6verleva en infektion \u00e4r n\u00e4st intill minimala.\u202f\u00a0<\/p>\n<p>N\u00e4r prioriteringsordningen f\u00f6r vaccination mot covid-19 presenterades i december 2020 blev m\u00e5nga av oss assistansanv\u00e4ndare i Riksf\u00f6reningen JAG best\u00f6rta n\u00e4r vi s\u00e5g att vi d\u00e5 kom n\u00e4st sist i fas 4.\u202fEfter p\u00e5tryckningar till regeringen och Folkh\u00e4lsomyndigheten fick vi till slut plats i fas 2. En seger som vi blev mycket glada f\u00f6r. Vi trodde aldrig att vi \u00e4nnu en g\u00e5ng skulle beh\u00f6va halka ner i prioriteringen.\u00a0<\/p>\n<p>Vi\u202fassistansanv\u00e4ndare \u00e4r extra utsatta f\u00f6r smittorisk just eftersom vi lever med assistans dygnet runt. Vi kan inte v\u00e4lja att isolera oss fullt ut som andra. Vi \u00e4r beroende av att tr\u00e4ffa\u202ffem\u2013tio\u202folika personer i veckan, n\u00e4ra oss, i v\u00e5ra hem, annars \u00f6verlever vi inte.\u202f\u202f\u00a0<\/p>\n<p>Den sk\u00e4rpta prioriteringen inneb\u00e4r i praktiken att vi assistansanv\u00e4ndare med h\u00f6g risk f\u00f6r ett mycket sv\u00e5rt insjuknande i covid-19 f\u00e5r v\u00e4nta tills friska 65-\u00e5ringar f\u00e5tt sitt vaccin. D\u00e4rf\u00f6r uppmanar vi Folkh\u00e4lsomyndigheten att \u00e5terigen t\u00e4nka om och g\u00f6ra r\u00e4tt.\u00a0Prioritera\u00a0oss\u00a0med f\u00f6rh\u00f6jd risk f\u00f6r sjukdom\u00a0lika h\u00f6gt\u00a0som andra med samma risk.\u00a0<\/p>\n<p>Magnus And\u00e9n, ordf\u00f6rande i Riksf\u00f6reningen JAG, genom god man Cecilia Blanck.<\/p>\n<p>Inl\u00e4gget <a rel=\"nofollow\" href=\"https:\/\/jag.se\/opinion\/oppet-brev-till-folkhalsomyndigheten-gallande-prioriteringsordning-for-vaccin\/\">\u00d6ppet brev till Folkh\u00e4lsomyndigheten g\u00e4llande prioriteringsordning f\u00f6r vaccin<\/a> d\u00f6k f\u00f6rst upp p\u00e5 <a rel=\"nofollow\" href=\"https:\/\/jag.se\/opinion\">Riksf\u00f6reningen JAG<\/a>.<\/p>\n","protected":false},"excerpt":{"rendered":"<p>Folkh\u00e4lsomyndighetens\u202fgeneraldirekt\u00f6r Johan Carlson uppmanas i ett \u00f6ppet brev fr\u00e5n Riksf\u00f6reningen JAG att\u00a0genast\u00a0t\u00e4nka om\u00a0g\u00e4llande\u00a0den sk\u00e4rpta\u00a0prioriteringsordningen\u00a0f\u00f6r vaccination mot covid-19.\u202f\u00a0 Efter Folkh\u00e4lsomyndighetens nyligen sk\u00e4rpta prioritering av \u00e4ldre \u00e4r vi assistansanv\u00e4ndare med omfattande och sv\u00e5ra funktionsneds\u00e4ttningar \u00e5terigen nedprioriterade f\u00f6r vaccination mot covid-19.\u00a0\u00a0 Vi med statlig assistansers\u00e4ttning placeras n\u00e4st sist i fas tv\u00e5. Efter \u00e4ldre personer som prioriteras h\u00f6gst. Efter<\/p>\n","protected":false},"author":1,"featured_media":2448,"comment_status":"closed","ping_status":"open","sticky":false,"template":"","format":"standard","meta":{"footnotes":""},"categories":[1],"tags":[],"class_list":["post-2222","post","type-post","status-publish","format-standard","has-post-thumbnail","hentry","category-uncategorized"],"acf":[],"yoast_head":"<!-- This site is optimized with the Yoast SEO plugin v21.3 - https:\/\/yoast.com\/wordpress\/plugins\/seo\/ -->\n<title>\u00d6ppet brev till Folkh\u00e4lsomyndigheten g\u00e4llande prioriteringsordning f\u00f6r vaccin - JAG Opinion<\/title>\n<meta name=\"robots\" content=\"index, follow, max-snippet:-1, max-image-preview:large, max-video-preview:-1\" \/>\n<link rel=\"canonical\" href=\"https:\/\/jag.se\/opinion\/oppet-brev-till-folkhalsomyndigheten-gallande-prioriteringsordning-for-vaccin\/\" \/>\n<meta property=\"og:locale\" content=\"sv_SE\" \/>\n<meta property=\"og:type\" content=\"article\" \/>\n<meta property=\"og:title\" content=\"\u00d6ppet brev till Folkh\u00e4lsomyndigheten g\u00e4llande prioriteringsordning f\u00f6r vaccin - JAG Opinion\" \/>\n<meta property=\"og:description\" content=\"Folkh\u00e4lsomyndighetens\u202fgeneraldirekt\u00f6r Johan Carlson uppmanas i ett \u00f6ppet brev fr\u00e5n Riksf\u00f6reningen JAG att\u00a0genast\u00a0t\u00e4nka om\u00a0g\u00e4llande\u00a0den sk\u00e4rpta\u00a0prioriteringsordningen\u00a0f\u00f6r vaccination mot covid-19.\u202f\u00a0 Efter Folkh\u00e4lsomyndighetens nyligen sk\u00e4rpta prioritering av \u00e4ldre \u00e4r vi assistansanv\u00e4ndare med omfattande och sv\u00e5ra funktionsneds\u00e4ttningar \u00e5terigen nedprioriterade f\u00f6r vaccination mot covid-19.\u00a0\u00a0 Vi med statlig assistansers\u00e4ttning placeras n\u00e4st sist i fas tv\u00e5. Efter \u00e4ldre personer som prioriteras h\u00f6gst. Efter\" \/>\n<meta property=\"og:url\" content=\"https:\/\/jag.se\/opinion\/oppet-brev-till-folkhalsomyndigheten-gallande-prioriteringsordning-for-vaccin\/\" \/>\n<meta property=\"og:site_name\" content=\"JAG Opinion\" \/>\n<meta property=\"article:published_time\" content=\"2021-03-29T14:55:49+00:00\" \/>\n<meta property=\"article:modified_time\" content=\"2022-03-18T15:43:44+00:00\" \/>\n<meta property=\"og:image\" content=\"https:\/\/jag.se\/wp-content\/uploads\/sites\/3\/2021\/03\/logo_FoHM_pict-1.png\" \/>\n\t<meta property=\"og:image:width\" content=\"600\" \/>\n\t<meta property=\"og:image:height\" content=\"602\" \/>\n\t<meta property=\"og:image:type\" content=\"image\/png\" \/>\n<meta name=\"author\" content=\"Alexander Alexandrov\" \/>\n<meta name=\"twitter:card\" content=\"summary_large_image\" \/>\n<meta name=\"twitter:label1\" content=\"Skriven av\" \/>\n\t<meta name=\"twitter:data1\" content=\"Alexander Alexandrov\" \/>\n\t<meta name=\"twitter:label2\" content=\"Ber\u00e4knad l\u00e4stid\" \/>\n\t<meta name=\"twitter:data2\" content=\"2 minuter\" \/>\n<script type=\"application\/ld+json\" class=\"yoast-schema-graph\">{\"@context\":\"https:\/\/schema.org\",\"@graph\":[{\"@type\":\"WebPage\",\"@id\":\"https:\/\/jag.se\/opinion\/oppet-brev-till-folkhalsomyndigheten-gallande-prioriteringsordning-for-vaccin\/\",\"url\":\"https:\/\/jag.se\/opinion\/oppet-brev-till-folkhalsomyndigheten-gallande-prioriteringsordning-for-vaccin\/\",\"name\":\"\u00d6ppet brev till Folkh\u00e4lsomyndigheten g\u00e4llande prioriteringsordning f\u00f6r vaccin - JAG Opinion\",\"isPartOf\":{\"@id\":\"https:\/\/jag.se\/opinion\/#website\"},\"datePublished\":\"2021-03-29T14:55:49+00:00\",\"dateModified\":\"2022-03-18T15:43:44+00:00\",\"author\":{\"@id\":\"https:\/\/jag.se\/opinion\/#\/schema\/person\/90dd15a2a47e0c05d666bd8dcc143c05\"},\"breadcrumb\":{\"@id\":\"https:\/\/jag.se\/opinion\/oppet-brev-till-folkhalsomyndigheten-gallande-prioriteringsordning-for-vaccin\/#breadcrumb\"},\"inLanguage\":\"sv-SE\",\"potentialAction\":[{\"@type\":\"ReadAction\",\"target\":[\"https:\/\/jag.se\/opinion\/oppet-brev-till-folkhalsomyndigheten-gallande-prioriteringsordning-for-vaccin\/\"]}]},{\"@type\":\"BreadcrumbList\",\"@id\":\"https:\/\/jag.se\/opinion\/oppet-brev-till-folkhalsomyndigheten-gallande-prioriteringsordning-for-vaccin\/#breadcrumb\",\"itemListElement\":[{\"@type\":\"ListItem\",\"position\":1,\"name\":\"JAG start\",\"item\":\"https:\/\/jag.se\"},{\"@type\":\"ListItem\",\"position\":2,\"name\":\"Riksf\u00f6reningen JAG\",\"item\":\"https:\/\/jag.se\/opinion\/\"},{\"@type\":\"ListItem\",\"position\":3,\"name\":\"\u00d6ppet brev till Folkh\u00e4lsomyndigheten g\u00e4llande prioriteringsordning f\u00f6r vaccin\"}]},{\"@type\":\"WebSite\",\"@id\":\"https:\/\/jag.se\/opinion\/#website\",\"url\":\"https:\/\/jag.se\/opinion\/\",\"name\":\"JAG Opinion\",\"description\":\"\",\"potentialAction\":[{\"@type\":\"SearchAction\",\"target\":{\"@type\":\"EntryPoint\",\"urlTemplate\":\"https:\/\/jag.se\/opinion\/?s={search_term_string}\"},\"query-input\":\"required name=search_term_string\"}],\"inLanguage\":\"sv-SE\"},{\"@type\":\"Person\",\"@id\":\"https:\/\/jag.se\/opinion\/#\/schema\/person\/90dd15a2a47e0c05d666bd8dcc143c05\",\"name\":\"Alexander Alexandrov\",\"image\":{\"@type\":\"ImageObject\",\"inLanguage\":\"sv-SE\",\"@id\":\"https:\/\/jag.se\/opinion\/#\/schema\/person\/image\/\",\"url\":\"https:\/\/secure.gravatar.com\/avatar\/39974ed46e3cb66fe6760e4c288a2722aff8b0a328a2802a65dd6f31fe323990?s=96&d=mm&r=g\",\"contentUrl\":\"https:\/\/secure.gravatar.com\/avatar\/39974ed46e3cb66fe6760e4c288a2722aff8b0a328a2802a65dd6f31fe323990?s=96&d=mm&r=g\",\"caption\":\"Alexander Alexandrov\"},\"sameAs\":[\"https:\/\/jag.se\"]}]}<\/script>\n<!-- \/ Yoast SEO plugin. -->","yoast_head_json":{"title":"\u00d6ppet brev till Folkh\u00e4lsomyndigheten g\u00e4llande prioriteringsordning f\u00f6r vaccin - JAG Opinion","robots":{"index":"index","follow":"follow","max-snippet":"max-snippet:-1","max-image-preview":"max-image-preview:large","max-video-preview":"max-video-preview:-1"},"canonical":"https:\/\/jag.se\/opinion\/oppet-brev-till-folkhalsomyndigheten-gallande-prioriteringsordning-for-vaccin\/","og_locale":"sv_SE","og_type":"article","og_title":"\u00d6ppet brev till Folkh\u00e4lsomyndigheten g\u00e4llande prioriteringsordning f\u00f6r vaccin - JAG Opinion","og_description":"Folkh\u00e4lsomyndighetens\u202fgeneraldirekt\u00f6r Johan Carlson uppmanas i ett \u00f6ppet brev fr\u00e5n Riksf\u00f6reningen JAG att\u00a0genast\u00a0t\u00e4nka om\u00a0g\u00e4llande\u00a0den sk\u00e4rpta\u00a0prioriteringsordningen\u00a0f\u00f6r vaccination mot covid-19.\u202f\u00a0 Efter Folkh\u00e4lsomyndighetens nyligen sk\u00e4rpta prioritering av \u00e4ldre \u00e4r vi assistansanv\u00e4ndare med omfattande och sv\u00e5ra funktionsneds\u00e4ttningar \u00e5terigen nedprioriterade f\u00f6r vaccination mot covid-19.\u00a0\u00a0 Vi med statlig assistansers\u00e4ttning placeras n\u00e4st sist i fas tv\u00e5. Efter \u00e4ldre personer som prioriteras h\u00f6gst. Efter","og_url":"https:\/\/jag.se\/opinion\/oppet-brev-till-folkhalsomyndigheten-gallande-prioriteringsordning-for-vaccin\/","og_site_name":"JAG Opinion","article_published_time":"2021-03-29T14:55:49+00:00","article_modified_time":"2022-03-18T15:43:44+00:00","og_image":[{"width":600,"height":602,"url":"https:\/\/jag.se\/wp-content\/uploads\/sites\/3\/2021\/03\/logo_FoHM_pict-1.png","type":"image\/png"}],"author":"Alexander Alexandrov","twitter_card":"summary_large_image","twitter_misc":{"Skriven av":"Alexander Alexandrov","Ber\u00e4knad l\u00e4stid":"2 minuter"},"schema":{"@context":"https:\/\/schema.org","@graph":[{"@type":"WebPage","@id":"https:\/\/jag.se\/opinion\/oppet-brev-till-folkhalsomyndigheten-gallande-prioriteringsordning-for-vaccin\/","url":"https:\/\/jag.se\/opinion\/oppet-brev-till-folkhalsomyndigheten-gallande-prioriteringsordning-for-vaccin\/","name":"\u00d6ppet brev till Folkh\u00e4lsomyndigheten g\u00e4llande prioriteringsordning f\u00f6r vaccin - JAG Opinion","isPartOf":{"@id":"https:\/\/jag.se\/opinion\/#website"},"datePublished":"2021-03-29T14:55:49+00:00","dateModified":"2022-03-18T15:43:44+00:00","author":{"@id":"https:\/\/jag.se\/opinion\/#\/schema\/person\/90dd15a2a47e0c05d666bd8dcc143c05"},"breadcrumb":{"@id":"https:\/\/jag.se\/opinion\/oppet-brev-till-folkhalsomyndigheten-gallande-prioriteringsordning-for-vaccin\/#breadcrumb"},"inLanguage":"sv-SE","potentialAction":[{"@type":"ReadAction","target":["https:\/\/jag.se\/opinion\/oppet-brev-till-folkhalsomyndigheten-gallande-prioriteringsordning-for-vaccin\/"]}]},{"@type":"BreadcrumbList","@id":"https:\/\/jag.se\/opinion\/oppet-brev-till-folkhalsomyndigheten-gallande-prioriteringsordning-for-vaccin\/#breadcrumb","itemListElement":[{"@type":"ListItem","position":1,"name":"JAG start","item":"https:\/\/jag.se"},{"@type":"ListItem","position":2,"name":"Riksf\u00f6reningen JAG","item":"https:\/\/jag.se\/opinion\/"},{"@type":"ListItem","position":3,"name":"\u00d6ppet brev till Folkh\u00e4lsomyndigheten g\u00e4llande prioriteringsordning f\u00f6r vaccin"}]},{"@type":"WebSite","@id":"https:\/\/jag.se\/opinion\/#website","url":"https:\/\/jag.se\/opinion\/","name":"JAG Opinion","description":"","potentialAction":[{"@type":"SearchAction","target":{"@type":"EntryPoint","urlTemplate":"https:\/\/jag.se\/opinion\/?s={search_term_string}"},"query-input":"required name=search_term_string"}],"inLanguage":"sv-SE"},{"@type":"Person","@id":"https:\/\/jag.se\/opinion\/#\/schema\/person\/90dd15a2a47e0c05d666bd8dcc143c05","name":"Alexander Alexandrov","image":{"@type":"ImageObject","inLanguage":"sv-SE","@id":"https:\/\/jag.se\/opinion\/#\/schema\/person\/image\/","url":"https:\/\/secure.gravatar.com\/avatar\/39974ed46e3cb66fe6760e4c288a2722aff8b0a328a2802a65dd6f31fe323990?s=96&d=mm&r=g","contentUrl":"https:\/\/secure.gravatar.com\/avatar\/39974ed46e3cb66fe6760e4c288a2722aff8b0a328a2802a65dd6f31fe323990?s=96&d=mm&r=g","caption":"Alexander Alexandrov"},"sameAs":["https:\/\/jag.se"]}]}},"_links":{"self":[{"href":"https:\/\/jag.se\/opinion\/wp-json\/wp\/v2\/posts\/2222","targetHints":{"allow":["GET"]}}],"collection":[{"href":"https:\/\/jag.se\/opinion\/wp-json\/wp\/v2\/posts"}],"about":[{"href":"https:\/\/jag.se\/opinion\/wp-json\/wp\/v2\/types\/post"}],"author":[{"embeddable":true,"href":"https:\/\/jag.se\/opinion\/wp-json\/wp\/v2\/users\/1"}],"replies":[{"embeddable":true,"href":"https:\/\/jag.se\/opinion\/wp-json\/wp\/v2\/comments?post=2222"}],"version-history":[{"count":1,"href":"https:\/\/jag.se\/opinion\/wp-json\/wp\/v2\/posts\/2222\/revisions"}],"predecessor-version":[{"id":2449,"href":"https:\/\/jag.se\/opinion\/wp-json\/wp\/v2\/posts\/2222\/revisions\/2449"}],"wp:featuredmedia":[{"embeddable":true,"href":"https:\/\/jag.se\/opinion\/wp-json\/wp\/v2\/media\/2448"}],"wp:attachment":[{"href":"https:\/\/jag.se\/opinion\/wp-json\/wp\/v2\/media?parent=2222"}],"wp:term":[{"taxonomy":"category","embeddable":true,"href":"https:\/\/jag.se\/opinion\/wp-json\/wp\/v2\/categories?post=2222"},{"taxonomy":"post_tag","embeddable":true,"href":"https:\/\/jag.se\/opinion\/wp-json\/wp\/v2\/tags?post=2222"}],"curies":[{"name":"wp","href":"https:\/\/api.w.org\/{rel}","templated":true}]}}