{"id":2224,"date":"2020-12-03T06:54:00","date_gmt":"2020-12-03T06:54:00","guid":{"rendered":"https:\/\/jag.se\/opinion\/riksforeningen-jag-gor-musikvideo\/"},"modified":"2022-03-18T15:43:43","modified_gmt":"2022-03-18T15:43:43","slug":"riksforeningen-jag-gor-musikvideo","status":"publish","type":"post","link":"https:\/\/jag.se\/opinion\/riksforeningen-jag-gor-musikvideo\/","title":{"rendered":"Riksf\u00f6reningen JAG g\u00f6r musikvideo"},"content":{"rendered":"<p><strong>Idag, p\u00e5 internationella funktionshinderdagen, sl\u00e4pper Riksf\u00f6reningen JAG en musikvideo.\u00a0JAG-k\u00f6ren sjunger l\u00e5ten T\u00e4nd ett ljus, tillsammans\u00a0fast\u00a0p\u00e5 distans.<\/strong><\/p>\n<p>I \u00e5r g\u00e5r det inte att tr\u00e4ffas och demonstrera som m\u00e5nga brukar g\u00f6ra p\u00e5 internationella funktionshinderdagen men tack vare den digitala tekniken kan m\u00e4nniskor samlas och umg\u00e5s p\u00e5 distans.<\/p>\n<p>Flera JAG-medlemmar har nyligen spelat in en musikvideo med L\u00e5ten t\u00e4nd ett ljus, med text och musik av Niklas Str\u00f6mstedt och Lasse Lindbom.<\/p>\n<p>\u2013 Vi vill med s\u00e5ngen f\u00f6rmedla hopp och tro om att det snart blir b\u00e4ttre och ljusare tider f\u00f6r alla, s\u00e4ger Magnus And\u00e9n, orf\u00f6rande i Riksf\u00f6reningen JAG, genom god man Cecilia Blanck.<\/p>\n<p><strong>Se videon h\u00e4r:\u00a0<a href=\"https:\/\/eur02.safelinks.protection.outlook.com\/?url=https{0c268eb502c5eecad9a9eda098ac97ba9ab92d04b8cb0671e178fa1c2d191886}3A{0c268eb502c5eecad9a9eda098ac97ba9ab92d04b8cb0671e178fa1c2d191886}2F{0c268eb502c5eecad9a9eda098ac97ba9ab92d04b8cb0671e178fa1c2d191886}2Fpublish.ne.cision.com{0c268eb502c5eecad9a9eda098ac97ba9ab92d04b8cb0671e178fa1c2d191886}2Fl{0c268eb502c5eecad9a9eda098ac97ba9ab92d04b8cb0671e178fa1c2d191886}2Fudqvkyxdc{0c268eb502c5eecad9a9eda098ac97ba9ab92d04b8cb0671e178fa1c2d191886}2Fdreambroker.com{0c268eb502c5eecad9a9eda098ac97ba9ab92d04b8cb0671e178fa1c2d191886}2Fchannel{0c268eb502c5eecad9a9eda098ac97ba9ab92d04b8cb0671e178fa1c2d191886}2F5b2cb2t6{0c268eb502c5eecad9a9eda098ac97ba9ab92d04b8cb0671e178fa1c2d191886}2Fxhfu56b0&#038;data=04{0c268eb502c5eecad9a9eda098ac97ba9ab92d04b8cb0671e178fa1c2d191886}7C01{0c268eb502c5eecad9a9eda098ac97ba9ab92d04b8cb0671e178fa1c2d191886}7Casa.emtelin{0c268eb502c5eecad9a9eda098ac97ba9ab92d04b8cb0671e178fa1c2d191886}40jag.se{0c268eb502c5eecad9a9eda098ac97ba9ab92d04b8cb0671e178fa1c2d191886}7C46f4019c1fcb463a05f008d89750ade8{0c268eb502c5eecad9a9eda098ac97ba9ab92d04b8cb0671e178fa1c2d191886}7C853d13c615674de4a97729af71c298d7{0c268eb502c5eecad9a9eda098ac97ba9ab92d04b8cb0671e178fa1c2d191886}7C0{0c268eb502c5eecad9a9eda098ac97ba9ab92d04b8cb0671e178fa1c2d191886}7C1{0c268eb502c5eecad9a9eda098ac97ba9ab92d04b8cb0671e178fa1c2d191886}7C637425720074132441{0c268eb502c5eecad9a9eda098ac97ba9ab92d04b8cb0671e178fa1c2d191886}7CUnknown{0c268eb502c5eecad9a9eda098ac97ba9ab92d04b8cb0671e178fa1c2d191886}7CTWFpbGZsb3d8eyJWIjoiMC4wLjAwMDAiLCJQIjoiV2luMzIiLCJBTiI6Ik1haWwiLCJXVCI6Mn0{0c268eb502c5eecad9a9eda098ac97ba9ab92d04b8cb0671e178fa1c2d191886}3D{0c268eb502c5eecad9a9eda098ac97ba9ab92d04b8cb0671e178fa1c2d191886}7C3000&#038;sdata=np7u0{0c268eb502c5eecad9a9eda098ac97ba9ab92d04b8cb0671e178fa1c2d191886}2BnnByHI8I74m3Ur176My9XlEY4jIgNwu3mCQl8{0c268eb502c5eecad9a9eda098ac97ba9ab92d04b8cb0671e178fa1c2d191886}3D&#038;reserved=0\">Riksf\u00f6reningen JAGs julkalender &#8211; lucka 3 JAG-k\u00f6ren framf\u00f6r T\u00e4nd ett ljus.<\/a><\/strong><\/p>\n<p>Passa ocks\u00e5 p\u00e5 att f\u00f6lja <strong>Riksf\u00f6reningen JAGs julkalender,<\/strong> med fina inslag fr\u00e5n medlemmar i f\u00f6reningen, p\u00e5 <strong><a href=\"https:\/\/eur02.safelinks.protection.outlook.com\/?url=https{0c268eb502c5eecad9a9eda098ac97ba9ab92d04b8cb0671e178fa1c2d191886}3A{0c268eb502c5eecad9a9eda098ac97ba9ab92d04b8cb0671e178fa1c2d191886}2F{0c268eb502c5eecad9a9eda098ac97ba9ab92d04b8cb0671e178fa1c2d191886}2Fpublish.ne.cision.com{0c268eb502c5eecad9a9eda098ac97ba9ab92d04b8cb0671e178fa1c2d191886}2Fl{0c268eb502c5eecad9a9eda098ac97ba9ab92d04b8cb0671e178fa1c2d191886}2Fudqvkyxdc{0c268eb502c5eecad9a9eda098ac97ba9ab92d04b8cb0671e178fa1c2d191886}2Fwww.facebook.com{0c268eb502c5eecad9a9eda098ac97ba9ab92d04b8cb0671e178fa1c2d191886}2FJAGforeningen&#038;data=04{0c268eb502c5eecad9a9eda098ac97ba9ab92d04b8cb0671e178fa1c2d191886}7C01{0c268eb502c5eecad9a9eda098ac97ba9ab92d04b8cb0671e178fa1c2d191886}7Casa.emtelin{0c268eb502c5eecad9a9eda098ac97ba9ab92d04b8cb0671e178fa1c2d191886}40jag.se{0c268eb502c5eecad9a9eda098ac97ba9ab92d04b8cb0671e178fa1c2d191886}7C46f4019c1fcb463a05f008d89750ade8{0c268eb502c5eecad9a9eda098ac97ba9ab92d04b8cb0671e178fa1c2d191886}7C853d13c615674de4a97729af71c298d7{0c268eb502c5eecad9a9eda098ac97ba9ab92d04b8cb0671e178fa1c2d191886}7C0{0c268eb502c5eecad9a9eda098ac97ba9ab92d04b8cb0671e178fa1c2d191886}7C1{0c268eb502c5eecad9a9eda098ac97ba9ab92d04b8cb0671e178fa1c2d191886}7C637425720074132441{0c268eb502c5eecad9a9eda098ac97ba9ab92d04b8cb0671e178fa1c2d191886}7CUnknown{0c268eb502c5eecad9a9eda098ac97ba9ab92d04b8cb0671e178fa1c2d191886}7CTWFpbGZsb3d8eyJWIjoiMC4wLjAwMDAiLCJQIjoiV2luMzIiLCJBTiI6Ik1haWwiLCJXVCI6Mn0{0c268eb502c5eecad9a9eda098ac97ba9ab92d04b8cb0671e178fa1c2d191886}3D{0c268eb502c5eecad9a9eda098ac97ba9ab92d04b8cb0671e178fa1c2d191886}7C3000&#038;sdata=Dp358OIYW0C8BKtdpFN2YGuzsiChSdzNd5bMsdhbmzI{0c268eb502c5eecad9a9eda098ac97ba9ab92d04b8cb0671e178fa1c2d191886}3D&#038;reserved=0\">Facebook <\/a><\/strong>och <strong><a href=\"https:\/\/eur02.safelinks.protection.outlook.com\/?url=https{0c268eb502c5eecad9a9eda098ac97ba9ab92d04b8cb0671e178fa1c2d191886}3A{0c268eb502c5eecad9a9eda098ac97ba9ab92d04b8cb0671e178fa1c2d191886}2F{0c268eb502c5eecad9a9eda098ac97ba9ab92d04b8cb0671e178fa1c2d191886}2Fpublish.ne.cision.com{0c268eb502c5eecad9a9eda098ac97ba9ab92d04b8cb0671e178fa1c2d191886}2Fl{0c268eb502c5eecad9a9eda098ac97ba9ab92d04b8cb0671e178fa1c2d191886}2Fudqvkyxdc{0c268eb502c5eecad9a9eda098ac97ba9ab92d04b8cb0671e178fa1c2d191886}2Fwww.instagram.com{0c268eb502c5eecad9a9eda098ac97ba9ab92d04b8cb0671e178fa1c2d191886}2Fjagforeningen&#038;data=04{0c268eb502c5eecad9a9eda098ac97ba9ab92d04b8cb0671e178fa1c2d191886}7C01{0c268eb502c5eecad9a9eda098ac97ba9ab92d04b8cb0671e178fa1c2d191886}7Casa.emtelin{0c268eb502c5eecad9a9eda098ac97ba9ab92d04b8cb0671e178fa1c2d191886}40jag.se{0c268eb502c5eecad9a9eda098ac97ba9ab92d04b8cb0671e178fa1c2d191886}7C46f4019c1fcb463a05f008d89750ade8{0c268eb502c5eecad9a9eda098ac97ba9ab92d04b8cb0671e178fa1c2d191886}7C853d13c615674de4a97729af71c298d7{0c268eb502c5eecad9a9eda098ac97ba9ab92d04b8cb0671e178fa1c2d191886}7C0{0c268eb502c5eecad9a9eda098ac97ba9ab92d04b8cb0671e178fa1c2d191886}7C1{0c268eb502c5eecad9a9eda098ac97ba9ab92d04b8cb0671e178fa1c2d191886}7C637425720074142394{0c268eb502c5eecad9a9eda098ac97ba9ab92d04b8cb0671e178fa1c2d191886}7CUnknown{0c268eb502c5eecad9a9eda098ac97ba9ab92d04b8cb0671e178fa1c2d191886}7CTWFpbGZsb3d8eyJWIjoiMC4wLjAwMDAiLCJQIjoiV2luMzIiLCJBTiI6Ik1haWwiLCJXVCI6Mn0{0c268eb502c5eecad9a9eda098ac97ba9ab92d04b8cb0671e178fa1c2d191886}3D{0c268eb502c5eecad9a9eda098ac97ba9ab92d04b8cb0671e178fa1c2d191886}7C3000&#038;sdata=Vj8NYraCeofXlleyDbGbjHBu0d1k3I9F{0c268eb502c5eecad9a9eda098ac97ba9ab92d04b8cb0671e178fa1c2d191886}2FM3RS2WzG50{0c268eb502c5eecad9a9eda098ac97ba9ab92d04b8cb0671e178fa1c2d191886}3D&#038;reserved=0\">Instagram<\/a><\/strong>.<\/p>\n<p><a href=\"https:\/\/hejaolika.se\/artikel\/avskaffa-institutionsboenden-nu\/\">H\u00e4r kan du l\u00e4sa Riksf\u00f6reningen JAGs debattartikel den 3 december <\/a><a href=\"https:\/\/hejaolika.se\/artikel\/avskaffa-institutionsboenden-nu\/\">p\u00e5 HejaOlika<\/a><a href=\"https:\/\/hejaolika.se\/artikel\/avskaffa-institutionsboenden-nu\/\">, Avskaffa institutionsboenden \u2013 nu!<\/a><\/p>\n<p>Inl\u00e4gget <a rel=\"nofollow\" href=\"https:\/\/jag.se\/opinion\/riksforeningen-jag-gor-musikvideo\/\">Riksf\u00f6reningen JAG g\u00f6r musikvideo<\/a> d\u00f6k f\u00f6rst upp p\u00e5 <a rel=\"nofollow\" href=\"https:\/\/jag.se\/opinion\">Riksf\u00f6reningen JAG<\/a>.<\/p>\n","protected":false},"excerpt":{"rendered":"<p>Idag, p\u00e5 internationella funktionshinderdagen, sl\u00e4pper Riksf\u00f6reningen JAG en musikvideo.\u00a0JAG-k\u00f6ren sjunger l\u00e5ten T\u00e4nd ett ljus, tillsammans\u00a0fast\u00a0p\u00e5 distans. I \u00e5r g\u00e5r det inte att tr\u00e4ffas och demonstrera som m\u00e5nga brukar g\u00f6ra p\u00e5 internationella funktionshinderdagen men tack vare den digitala tekniken kan m\u00e4nniskor samlas och umg\u00e5s p\u00e5 distans. Flera JAG-medlemmar har nyligen spelat in en musikvideo med L\u00e5ten<\/p>\n","protected":false},"author":1,"featured_media":2444,"comment_status":"closed","ping_status":"open","sticky":false,"template":"","format":"standard","meta":{"footnotes":""},"categories":[1],"tags":[],"class_list":["post-2224","post","type-post","status-publish","format-standard","has-post-thumbnail","hentry","category-uncategorized"],"acf":[],"yoast_head":"<!-- This site is optimized with the Yoast SEO plugin v21.3 - https:\/\/yoast.com\/wordpress\/plugins\/seo\/ -->\n<title>Riksf\u00f6reningen JAG g\u00f6r musikvideo - JAG Opinion<\/title>\n<meta name=\"robots\" content=\"index, follow, max-snippet:-1, max-image-preview:large, max-video-preview:-1\" \/>\n<link rel=\"canonical\" href=\"https:\/\/jag.se\/opinion\/riksforeningen-jag-gor-musikvideo\/\" \/>\n<meta property=\"og:locale\" content=\"sv_SE\" \/>\n<meta property=\"og:type\" content=\"article\" \/>\n<meta property=\"og:title\" content=\"Riksf\u00f6reningen JAG g\u00f6r musikvideo - JAG Opinion\" \/>\n<meta property=\"og:description\" content=\"Idag, p\u00e5 internationella funktionshinderdagen, sl\u00e4pper Riksf\u00f6reningen JAG en musikvideo.\u00a0JAG-k\u00f6ren sjunger l\u00e5ten T\u00e4nd ett ljus, tillsammans\u00a0fast\u00a0p\u00e5 distans. I \u00e5r g\u00e5r det inte att tr\u00e4ffas och demonstrera som m\u00e5nga brukar g\u00f6ra p\u00e5 internationella funktionshinderdagen men tack vare den digitala tekniken kan m\u00e4nniskor samlas och umg\u00e5s p\u00e5 distans. Flera JAG-medlemmar har nyligen spelat in en musikvideo med L\u00e5ten\" \/>\n<meta property=\"og:url\" content=\"https:\/\/jag.se\/opinion\/riksforeningen-jag-gor-musikvideo\/\" \/>\n<meta property=\"og:site_name\" content=\"JAG Opinion\" \/>\n<meta property=\"article:published_time\" content=\"2020-12-03T06:54:00+00:00\" \/>\n<meta property=\"article:modified_time\" content=\"2022-03-18T15:43:43+00:00\" \/>\n<meta property=\"og:image\" content=\"https:\/\/jag.se\/wp-content\/uploads\/sites\/3\/2020\/12\/JAG-koren_201203_kvadrat-1.jpg\" \/>\n\t<meta property=\"og:image:width\" content=\"1394\" \/>\n\t<meta property=\"og:image:height\" content=\"1401\" \/>\n\t<meta property=\"og:image:type\" content=\"image\/jpeg\" \/>\n<meta name=\"author\" content=\"Alexander Alexandrov\" \/>\n<meta name=\"twitter:card\" content=\"summary_large_image\" \/>\n<meta name=\"twitter:label1\" content=\"Skriven av\" \/>\n\t<meta name=\"twitter:data1\" content=\"Alexander Alexandrov\" \/>\n\t<meta name=\"twitter:label2\" content=\"Ber\u00e4knad l\u00e4stid\" \/>\n\t<meta name=\"twitter:data2\" content=\"1 minut\" \/>\n<script type=\"application\/ld+json\" class=\"yoast-schema-graph\">{\"@context\":\"https:\/\/schema.org\",\"@graph\":[{\"@type\":\"WebPage\",\"@id\":\"https:\/\/jag.se\/opinion\/riksforeningen-jag-gor-musikvideo\/\",\"url\":\"https:\/\/jag.se\/opinion\/riksforeningen-jag-gor-musikvideo\/\",\"name\":\"Riksf\u00f6reningen JAG g\u00f6r musikvideo - JAG Opinion\",\"isPartOf\":{\"@id\":\"https:\/\/jag.se\/opinion\/#website\"},\"datePublished\":\"2020-12-03T06:54:00+00:00\",\"dateModified\":\"2022-03-18T15:43:43+00:00\",\"author\":{\"@id\":\"https:\/\/jag.se\/opinion\/#\/schema\/person\/42ca7c4b556b837c35d83ffe97aa92c0\"},\"breadcrumb\":{\"@id\":\"https:\/\/jag.se\/opinion\/riksforeningen-jag-gor-musikvideo\/#breadcrumb\"},\"inLanguage\":\"sv-SE\",\"potentialAction\":[{\"@type\":\"ReadAction\",\"target\":[\"https:\/\/jag.se\/opinion\/riksforeningen-jag-gor-musikvideo\/\"]}]},{\"@type\":\"BreadcrumbList\",\"@id\":\"https:\/\/jag.se\/opinion\/riksforeningen-jag-gor-musikvideo\/#breadcrumb\",\"itemListElement\":[{\"@type\":\"ListItem\",\"position\":1,\"name\":\"JAG start\",\"item\":\"https:\/\/jag.se\"},{\"@type\":\"ListItem\",\"position\":2,\"name\":\"Riksf\u00f6reningen JAG\",\"item\":\"https:\/\/jag.se\/opinion\/\"},{\"@type\":\"ListItem\",\"position\":3,\"name\":\"Riksf\u00f6reningen JAG g\u00f6r musikvideo\"}]},{\"@type\":\"WebSite\",\"@id\":\"https:\/\/jag.se\/opinion\/#website\",\"url\":\"https:\/\/jag.se\/opinion\/\",\"name\":\"JAG Opinion\",\"description\":\"\",\"potentialAction\":[{\"@type\":\"SearchAction\",\"target\":{\"@type\":\"EntryPoint\",\"urlTemplate\":\"https:\/\/jag.se\/opinion\/?s={search_term_string}\"},\"query-input\":\"required name=search_term_string\"}],\"inLanguage\":\"sv-SE\"},{\"@type\":\"Person\",\"@id\":\"https:\/\/jag.se\/opinion\/#\/schema\/person\/42ca7c4b556b837c35d83ffe97aa92c0\",\"name\":\"Alexander Alexandrov\",\"image\":{\"@type\":\"ImageObject\",\"inLanguage\":\"sv-SE\",\"@id\":\"https:\/\/jag.se\/opinion\/#\/schema\/person\/image\/\",\"url\":\"https:\/\/secure.gravatar.com\/avatar\/39974ed46e3cb66fe6760e4c288a2722aff8b0a328a2802a65dd6f31fe323990?s=96&d=mm&r=g\",\"contentUrl\":\"https:\/\/secure.gravatar.com\/avatar\/39974ed46e3cb66fe6760e4c288a2722aff8b0a328a2802a65dd6f31fe323990?s=96&d=mm&r=g\",\"caption\":\"Alexander Alexandrov\"},\"sameAs\":[\"https:\/\/jag.se\"]}]}<\/script>\n<!-- \/ Yoast SEO plugin. -->","yoast_head_json":{"title":"Riksf\u00f6reningen JAG g\u00f6r musikvideo - JAG Opinion","robots":{"index":"index","follow":"follow","max-snippet":"max-snippet:-1","max-image-preview":"max-image-preview:large","max-video-preview":"max-video-preview:-1"},"canonical":"https:\/\/jag.se\/opinion\/riksforeningen-jag-gor-musikvideo\/","og_locale":"sv_SE","og_type":"article","og_title":"Riksf\u00f6reningen JAG g\u00f6r musikvideo - JAG Opinion","og_description":"Idag, p\u00e5 internationella funktionshinderdagen, sl\u00e4pper Riksf\u00f6reningen JAG en musikvideo.\u00a0JAG-k\u00f6ren sjunger l\u00e5ten T\u00e4nd ett ljus, tillsammans\u00a0fast\u00a0p\u00e5 distans. I \u00e5r g\u00e5r det inte att tr\u00e4ffas och demonstrera som m\u00e5nga brukar g\u00f6ra p\u00e5 internationella funktionshinderdagen men tack vare den digitala tekniken kan m\u00e4nniskor samlas och umg\u00e5s p\u00e5 distans. Flera JAG-medlemmar har nyligen spelat in en musikvideo med L\u00e5ten","og_url":"https:\/\/jag.se\/opinion\/riksforeningen-jag-gor-musikvideo\/","og_site_name":"JAG Opinion","article_published_time":"2020-12-03T06:54:00+00:00","article_modified_time":"2022-03-18T15:43:43+00:00","og_image":[{"width":1394,"height":1401,"url":"https:\/\/jag.se\/wp-content\/uploads\/sites\/3\/2020\/12\/JAG-koren_201203_kvadrat-1.jpg","type":"image\/jpeg"}],"author":"Alexander Alexandrov","twitter_card":"summary_large_image","twitter_misc":{"Skriven av":"Alexander Alexandrov","Ber\u00e4knad l\u00e4stid":"1 minut"},"schema":{"@context":"https:\/\/schema.org","@graph":[{"@type":"WebPage","@id":"https:\/\/jag.se\/opinion\/riksforeningen-jag-gor-musikvideo\/","url":"https:\/\/jag.se\/opinion\/riksforeningen-jag-gor-musikvideo\/","name":"Riksf\u00f6reningen JAG g\u00f6r musikvideo - JAG Opinion","isPartOf":{"@id":"https:\/\/jag.se\/opinion\/#website"},"datePublished":"2020-12-03T06:54:00+00:00","dateModified":"2022-03-18T15:43:43+00:00","author":{"@id":"https:\/\/jag.se\/opinion\/#\/schema\/person\/42ca7c4b556b837c35d83ffe97aa92c0"},"breadcrumb":{"@id":"https:\/\/jag.se\/opinion\/riksforeningen-jag-gor-musikvideo\/#breadcrumb"},"inLanguage":"sv-SE","potentialAction":[{"@type":"ReadAction","target":["https:\/\/jag.se\/opinion\/riksforeningen-jag-gor-musikvideo\/"]}]},{"@type":"BreadcrumbList","@id":"https:\/\/jag.se\/opinion\/riksforeningen-jag-gor-musikvideo\/#breadcrumb","itemListElement":[{"@type":"ListItem","position":1,"name":"JAG start","item":"https:\/\/jag.se"},{"@type":"ListItem","position":2,"name":"Riksf\u00f6reningen JAG","item":"https:\/\/jag.se\/opinion\/"},{"@type":"ListItem","position":3,"name":"Riksf\u00f6reningen JAG g\u00f6r musikvideo"}]},{"@type":"WebSite","@id":"https:\/\/jag.se\/opinion\/#website","url":"https:\/\/jag.se\/opinion\/","name":"JAG Opinion","description":"","potentialAction":[{"@type":"SearchAction","target":{"@type":"EntryPoint","urlTemplate":"https:\/\/jag.se\/opinion\/?s={search_term_string}"},"query-input":"required name=search_term_string"}],"inLanguage":"sv-SE"},{"@type":"Person","@id":"https:\/\/jag.se\/opinion\/#\/schema\/person\/42ca7c4b556b837c35d83ffe97aa92c0","name":"Alexander Alexandrov","image":{"@type":"ImageObject","inLanguage":"sv-SE","@id":"https:\/\/jag.se\/opinion\/#\/schema\/person\/image\/","url":"https:\/\/secure.gravatar.com\/avatar\/39974ed46e3cb66fe6760e4c288a2722aff8b0a328a2802a65dd6f31fe323990?s=96&d=mm&r=g","contentUrl":"https:\/\/secure.gravatar.com\/avatar\/39974ed46e3cb66fe6760e4c288a2722aff8b0a328a2802a65dd6f31fe323990?s=96&d=mm&r=g","caption":"Alexander Alexandrov"},"sameAs":["https:\/\/jag.se"]}]}},"_links":{"self":[{"href":"https:\/\/jag.se\/opinion\/wp-json\/wp\/v2\/posts\/2224","targetHints":{"allow":["GET"]}}],"collection":[{"href":"https:\/\/jag.se\/opinion\/wp-json\/wp\/v2\/posts"}],"about":[{"href":"https:\/\/jag.se\/opinion\/wp-json\/wp\/v2\/types\/post"}],"author":[{"embeddable":true,"href":"https:\/\/jag.se\/opinion\/wp-json\/wp\/v2\/users\/1"}],"replies":[{"embeddable":true,"href":"https:\/\/jag.se\/opinion\/wp-json\/wp\/v2\/comments?post=2224"}],"version-history":[{"count":1,"href":"https:\/\/jag.se\/opinion\/wp-json\/wp\/v2\/posts\/2224\/revisions"}],"predecessor-version":[{"id":2445,"href":"https:\/\/jag.se\/opinion\/wp-json\/wp\/v2\/posts\/2224\/revisions\/2445"}],"wp:featuredmedia":[{"embeddable":true,"href":"https:\/\/jag.se\/opinion\/wp-json\/wp\/v2\/media\/2444"}],"wp:attachment":[{"href":"https:\/\/jag.se\/opinion\/wp-json\/wp\/v2\/media?parent=2224"}],"wp:term":[{"taxonomy":"category","embeddable":true,"href":"https:\/\/jag.se\/opinion\/wp-json\/wp\/v2\/categories?post=2224"},{"taxonomy":"post_tag","embeddable":true,"href":"https:\/\/jag.se\/opinion\/wp-json\/wp\/v2\/tags?post=2224"}],"curies":[{"name":"wp","href":"https:\/\/api.w.org\/{rel}","templated":true}]}}