{"id":2226,"date":"2020-11-13T14:38:06","date_gmt":"2020-11-13T14:38:06","guid":{"rendered":"https:\/\/jag.se\/opinion\/riksforeningen-jag-avstyrker-lss-utredningen-i-sin-helhet\/"},"modified":"2022-03-18T15:43:40","modified_gmt":"2022-03-18T15:43:40","slug":"riksforeningen-jag-avstyrker-lss-utredningen-i-sin-helhet","status":"publish","type":"post","link":"https:\/\/jag.se\/opinion\/riksforeningen-jag-avstyrker-lss-utredningen-i-sin-helhet\/","title":{"rendered":"Riksf\u00f6reningen JAG avstyrker LSS-utredningen i sin helhet"},"content":{"rendered":"<p><strong>Riksf\u00f6reningen JAG har nu l\u00e4mnat sitt yttrande \u00f6ver utredningen \u00f6versyn av insatser enligt LSS och assistansers\u00e4ttningen, LSS-utredningen. En skr\u00e4mmande utredning. F\u00f6rslag och resonemang vittnar om gissningar och okunskap om verkligheten fr\u00e5n utredarens sida. En utredning som borde g\u00e5tt till pappersinsamlingen ist\u00e4llet f\u00f6r p\u00e5 remiss.<\/strong><\/p>\n<p>Utredningen \u00e4r ett allvarligt hot mot assistansanv\u00e4ndare med intellektuell och omfattande funktionsneds\u00e4ttning som har behovet ing\u00e5ende kunskap om individen. Hela utredningen pr\u00e4glas av en djup bristande kvalitet. Flera f\u00f6rslag, om de g\u00e5r igenom, skulle direkt leda till att m\u00e5nga f\u00f6rlorar sin assistans och blir h\u00e4nvisade till institutionsboenden. En stark inskr\u00e4nkning i m\u00e4nniskors r\u00e4tt till ett liv i frihet.<\/p>\n<p>Bristerna i kvaliteten str\u00e4cker sig \u00e4nda tillbaks till direktiven som \u00e4r utdaterade och inte l\u00e4ngre speglar den tid vi lever i nu. Det \u00e4r ocks\u00e5 alldeles uppenbart att utredarens avsikt \u00e4r att kapa kostnader. Analys- och konsekvensarbetet av f\u00f6rslagen \u00e4r d\u00e4rf\u00f6r p\u00e5 flera st\u00e4llen grunda och saknas till och med ibland helt.<\/p>\n<p>F\u00f6r JAG-medlemmar \u00e4r personlig assistans en mycket betydelsefull LSS-insats. F\u00f6r personer med intellektuell funktionsneds\u00e4ttning, som har de allra st\u00f6rsta behoven, inneb\u00e4r personlig assistans en m\u00f6jlighet att kunna leva och \u00f6verleva.<\/p>\n<p>\u2013 Riksf\u00f6reningen JAG avstyrker utredningen i sin helhet. Det \u00e4r synd att den alls har skickats ut p\u00e5 remiss. Det oroar oss och \u00e4r en signal att regeringen \u00e4nd\u00e5 \u00f6verv\u00e4ger att g\u00f6ra nya f\u00f6rs\u00e4mringar i assistansen, s\u00e4ger Magnus And\u00e9n, ordf\u00f6rande i Riksf\u00f6reningen JAG genom god man Cecilia Blanck.<\/p>\n<p>I sj\u00e4lva verket kr\u00e4vs omg\u00e5ende l\u00f6sningar p\u00e5 de verkliga problemen inom den personliga assistansen. F\u00f6rs\u00e4kringskassans ov\u00e4rdiga minutr\u00e4kning av integritetsn\u00e4ra behov. En \u00e5rlig h\u00f6jning av assistansers\u00e4ttningen, som idag inte r\u00e4cker till f\u00f6r en h\u00f6gkvalitativ assistans, i linje med l\u00f6neutvecklingen. Och st\u00e4rkt r\u00e4tt till assistans f\u00f6r sm\u00e5 barn med stora behov.<\/p>\n<p>Men ist\u00e4llet f\u00f6resl\u00e5r utredaren, av kostnadssk\u00e4l, att minska en grupp medborgares r\u00e4ttigheter att leva som andra i samh\u00e4llet.<\/p>\n<p><a href=\"https:\/\/www.regeringen.se\/4ac1e9\/contentassets\/3a90afca294e4930821bd6a13c97360e\/foreningen-jag.pdf\">L\u00e4s Riksf\u00f6reningen JAGs yttrande h\u00e4r.<\/a><\/p>\n<p>Inl\u00e4gget <a rel=\"nofollow\" href=\"https:\/\/jag.se\/opinion\/riksforeningen-jag-avstyrker-lss-utredningen-i-sin-helhet\/\">Riksf\u00f6reningen JAG avstyrker LSS-utredningen i sin helhet<\/a> d\u00f6k f\u00f6rst upp p\u00e5 <a rel=\"nofollow\" href=\"https:\/\/jag.se\/opinion\">Riksf\u00f6reningen JAG<\/a>.<\/p>\n","protected":false},"excerpt":{"rendered":"<p>Riksf\u00f6reningen JAG har nu l\u00e4mnat sitt yttrande \u00f6ver utredningen \u00f6versyn av insatser enligt LSS och assistansers\u00e4ttningen, LSS-utredningen. En skr\u00e4mmande utredning. F\u00f6rslag och resonemang vittnar om gissningar och okunskap om verkligheten fr\u00e5n utredarens sida. En utredning som borde g\u00e5tt till pappersinsamlingen ist\u00e4llet f\u00f6r p\u00e5 remiss. Utredningen \u00e4r ett allvarligt hot mot assistansanv\u00e4ndare med intellektuell och omfattande<\/p>\n","protected":false},"author":1,"featured_media":2440,"comment_status":"closed","ping_status":"open","sticky":false,"template":"","format":"standard","meta":{"footnotes":""},"categories":[1],"tags":[],"class_list":["post-2226","post","type-post","status-publish","format-standard","has-post-thumbnail","hentry","category-uncategorized"],"acf":[],"yoast_head":"<!-- This site is optimized with the Yoast SEO plugin v21.3 - https:\/\/yoast.com\/wordpress\/plugins\/seo\/ -->\n<title>Riksf\u00f6reningen JAG avstyrker LSS-utredningen i sin helhet - JAG Opinion<\/title>\n<meta name=\"robots\" content=\"index, follow, max-snippet:-1, max-image-preview:large, max-video-preview:-1\" \/>\n<link rel=\"canonical\" href=\"https:\/\/jag.se\/opinion\/riksforeningen-jag-avstyrker-lss-utredningen-i-sin-helhet\/\" \/>\n<meta property=\"og:locale\" content=\"sv_SE\" \/>\n<meta property=\"og:type\" content=\"article\" \/>\n<meta property=\"og:title\" content=\"Riksf\u00f6reningen JAG avstyrker LSS-utredningen i sin helhet - JAG Opinion\" \/>\n<meta property=\"og:description\" content=\"Riksf\u00f6reningen JAG har nu l\u00e4mnat sitt yttrande \u00f6ver utredningen \u00f6versyn av insatser enligt LSS och assistansers\u00e4ttningen, LSS-utredningen. En skr\u00e4mmande utredning. F\u00f6rslag och resonemang vittnar om gissningar och okunskap om verkligheten fr\u00e5n utredarens sida. En utredning som borde g\u00e5tt till pappersinsamlingen ist\u00e4llet f\u00f6r p\u00e5 remiss. Utredningen \u00e4r ett allvarligt hot mot assistansanv\u00e4ndare med intellektuell och omfattande\" \/>\n<meta property=\"og:url\" content=\"https:\/\/jag.se\/opinion\/riksforeningen-jag-avstyrker-lss-utredningen-i-sin-helhet\/\" \/>\n<meta property=\"og:site_name\" content=\"JAG Opinion\" \/>\n<meta property=\"article:published_time\" content=\"2020-11-13T14:38:06+00:00\" \/>\n<meta property=\"article:modified_time\" content=\"2022-03-18T15:43:40+00:00\" \/>\n<meta property=\"og:image\" content=\"https:\/\/jag.se\/wp-content\/uploads\/sites\/3\/2020\/11\/MagnusAnden_CeciliaBlanck_2-1.jpg\" \/>\n\t<meta property=\"og:image:width\" content=\"600\" \/>\n\t<meta property=\"og:image:height\" content=\"550\" \/>\n\t<meta property=\"og:image:type\" content=\"image\/jpeg\" \/>\n<meta name=\"author\" content=\"Alexander Alexandrov\" \/>\n<meta name=\"twitter:card\" content=\"summary_large_image\" \/>\n<meta name=\"twitter:label1\" content=\"Skriven av\" \/>\n\t<meta name=\"twitter:data1\" content=\"Alexander Alexandrov\" \/>\n\t<meta name=\"twitter:label2\" content=\"Ber\u00e4knad l\u00e4stid\" \/>\n\t<meta name=\"twitter:data2\" content=\"2 minuter\" \/>\n<script type=\"application\/ld+json\" class=\"yoast-schema-graph\">{\"@context\":\"https:\/\/schema.org\",\"@graph\":[{\"@type\":\"WebPage\",\"@id\":\"https:\/\/jag.se\/opinion\/riksforeningen-jag-avstyrker-lss-utredningen-i-sin-helhet\/\",\"url\":\"https:\/\/jag.se\/opinion\/riksforeningen-jag-avstyrker-lss-utredningen-i-sin-helhet\/\",\"name\":\"Riksf\u00f6reningen JAG avstyrker LSS-utredningen i sin helhet - JAG Opinion\",\"isPartOf\":{\"@id\":\"https:\/\/jag.se\/opinion\/#website\"},\"datePublished\":\"2020-11-13T14:38:06+00:00\",\"dateModified\":\"2022-03-18T15:43:40+00:00\",\"author\":{\"@id\":\"https:\/\/jag.se\/opinion\/#\/schema\/person\/42ca7c4b556b837c35d83ffe97aa92c0\"},\"breadcrumb\":{\"@id\":\"https:\/\/jag.se\/opinion\/riksforeningen-jag-avstyrker-lss-utredningen-i-sin-helhet\/#breadcrumb\"},\"inLanguage\":\"sv-SE\",\"potentialAction\":[{\"@type\":\"ReadAction\",\"target\":[\"https:\/\/jag.se\/opinion\/riksforeningen-jag-avstyrker-lss-utredningen-i-sin-helhet\/\"]}]},{\"@type\":\"BreadcrumbList\",\"@id\":\"https:\/\/jag.se\/opinion\/riksforeningen-jag-avstyrker-lss-utredningen-i-sin-helhet\/#breadcrumb\",\"itemListElement\":[{\"@type\":\"ListItem\",\"position\":1,\"name\":\"JAG start\",\"item\":\"https:\/\/jag.se\"},{\"@type\":\"ListItem\",\"position\":2,\"name\":\"Riksf\u00f6reningen JAG\",\"item\":\"https:\/\/jag.se\/opinion\/\"},{\"@type\":\"ListItem\",\"position\":3,\"name\":\"Riksf\u00f6reningen JAG avstyrker LSS-utredningen i sin helhet\"}]},{\"@type\":\"WebSite\",\"@id\":\"https:\/\/jag.se\/opinion\/#website\",\"url\":\"https:\/\/jag.se\/opinion\/\",\"name\":\"JAG Opinion\",\"description\":\"\",\"potentialAction\":[{\"@type\":\"SearchAction\",\"target\":{\"@type\":\"EntryPoint\",\"urlTemplate\":\"https:\/\/jag.se\/opinion\/?s={search_term_string}\"},\"query-input\":\"required name=search_term_string\"}],\"inLanguage\":\"sv-SE\"},{\"@type\":\"Person\",\"@id\":\"https:\/\/jag.se\/opinion\/#\/schema\/person\/42ca7c4b556b837c35d83ffe97aa92c0\",\"name\":\"Alexander Alexandrov\",\"image\":{\"@type\":\"ImageObject\",\"inLanguage\":\"sv-SE\",\"@id\":\"https:\/\/jag.se\/opinion\/#\/schema\/person\/image\/\",\"url\":\"https:\/\/secure.gravatar.com\/avatar\/39974ed46e3cb66fe6760e4c288a2722aff8b0a328a2802a65dd6f31fe323990?s=96&d=mm&r=g\",\"contentUrl\":\"https:\/\/secure.gravatar.com\/avatar\/39974ed46e3cb66fe6760e4c288a2722aff8b0a328a2802a65dd6f31fe323990?s=96&d=mm&r=g\",\"caption\":\"Alexander Alexandrov\"},\"sameAs\":[\"https:\/\/jag.se\"]}]}<\/script>\n<!-- \/ Yoast SEO plugin. -->","yoast_head_json":{"title":"Riksf\u00f6reningen JAG avstyrker LSS-utredningen i sin helhet - JAG Opinion","robots":{"index":"index","follow":"follow","max-snippet":"max-snippet:-1","max-image-preview":"max-image-preview:large","max-video-preview":"max-video-preview:-1"},"canonical":"https:\/\/jag.se\/opinion\/riksforeningen-jag-avstyrker-lss-utredningen-i-sin-helhet\/","og_locale":"sv_SE","og_type":"article","og_title":"Riksf\u00f6reningen JAG avstyrker LSS-utredningen i sin helhet - JAG Opinion","og_description":"Riksf\u00f6reningen JAG har nu l\u00e4mnat sitt yttrande \u00f6ver utredningen \u00f6versyn av insatser enligt LSS och assistansers\u00e4ttningen, LSS-utredningen. En skr\u00e4mmande utredning. F\u00f6rslag och resonemang vittnar om gissningar och okunskap om verkligheten fr\u00e5n utredarens sida. En utredning som borde g\u00e5tt till pappersinsamlingen ist\u00e4llet f\u00f6r p\u00e5 remiss. Utredningen \u00e4r ett allvarligt hot mot assistansanv\u00e4ndare med intellektuell och omfattande","og_url":"https:\/\/jag.se\/opinion\/riksforeningen-jag-avstyrker-lss-utredningen-i-sin-helhet\/","og_site_name":"JAG Opinion","article_published_time":"2020-11-13T14:38:06+00:00","article_modified_time":"2022-03-18T15:43:40+00:00","og_image":[{"width":600,"height":550,"url":"https:\/\/jag.se\/wp-content\/uploads\/sites\/3\/2020\/11\/MagnusAnden_CeciliaBlanck_2-1.jpg","type":"image\/jpeg"}],"author":"Alexander Alexandrov","twitter_card":"summary_large_image","twitter_misc":{"Skriven av":"Alexander Alexandrov","Ber\u00e4knad l\u00e4stid":"2 minuter"},"schema":{"@context":"https:\/\/schema.org","@graph":[{"@type":"WebPage","@id":"https:\/\/jag.se\/opinion\/riksforeningen-jag-avstyrker-lss-utredningen-i-sin-helhet\/","url":"https:\/\/jag.se\/opinion\/riksforeningen-jag-avstyrker-lss-utredningen-i-sin-helhet\/","name":"Riksf\u00f6reningen JAG avstyrker LSS-utredningen i sin helhet - JAG Opinion","isPartOf":{"@id":"https:\/\/jag.se\/opinion\/#website"},"datePublished":"2020-11-13T14:38:06+00:00","dateModified":"2022-03-18T15:43:40+00:00","author":{"@id":"https:\/\/jag.se\/opinion\/#\/schema\/person\/42ca7c4b556b837c35d83ffe97aa92c0"},"breadcrumb":{"@id":"https:\/\/jag.se\/opinion\/riksforeningen-jag-avstyrker-lss-utredningen-i-sin-helhet\/#breadcrumb"},"inLanguage":"sv-SE","potentialAction":[{"@type":"ReadAction","target":["https:\/\/jag.se\/opinion\/riksforeningen-jag-avstyrker-lss-utredningen-i-sin-helhet\/"]}]},{"@type":"BreadcrumbList","@id":"https:\/\/jag.se\/opinion\/riksforeningen-jag-avstyrker-lss-utredningen-i-sin-helhet\/#breadcrumb","itemListElement":[{"@type":"ListItem","position":1,"name":"JAG start","item":"https:\/\/jag.se"},{"@type":"ListItem","position":2,"name":"Riksf\u00f6reningen JAG","item":"https:\/\/jag.se\/opinion\/"},{"@type":"ListItem","position":3,"name":"Riksf\u00f6reningen JAG avstyrker LSS-utredningen i sin helhet"}]},{"@type":"WebSite","@id":"https:\/\/jag.se\/opinion\/#website","url":"https:\/\/jag.se\/opinion\/","name":"JAG Opinion","description":"","potentialAction":[{"@type":"SearchAction","target":{"@type":"EntryPoint","urlTemplate":"https:\/\/jag.se\/opinion\/?s={search_term_string}"},"query-input":"required name=search_term_string"}],"inLanguage":"sv-SE"},{"@type":"Person","@id":"https:\/\/jag.se\/opinion\/#\/schema\/person\/42ca7c4b556b837c35d83ffe97aa92c0","name":"Alexander Alexandrov","image":{"@type":"ImageObject","inLanguage":"sv-SE","@id":"https:\/\/jag.se\/opinion\/#\/schema\/person\/image\/","url":"https:\/\/secure.gravatar.com\/avatar\/39974ed46e3cb66fe6760e4c288a2722aff8b0a328a2802a65dd6f31fe323990?s=96&d=mm&r=g","contentUrl":"https:\/\/secure.gravatar.com\/avatar\/39974ed46e3cb66fe6760e4c288a2722aff8b0a328a2802a65dd6f31fe323990?s=96&d=mm&r=g","caption":"Alexander Alexandrov"},"sameAs":["https:\/\/jag.se"]}]}},"_links":{"self":[{"href":"https:\/\/jag.se\/opinion\/wp-json\/wp\/v2\/posts\/2226","targetHints":{"allow":["GET"]}}],"collection":[{"href":"https:\/\/jag.se\/opinion\/wp-json\/wp\/v2\/posts"}],"about":[{"href":"https:\/\/jag.se\/opinion\/wp-json\/wp\/v2\/types\/post"}],"author":[{"embeddable":true,"href":"https:\/\/jag.se\/opinion\/wp-json\/wp\/v2\/users\/1"}],"replies":[{"embeddable":true,"href":"https:\/\/jag.se\/opinion\/wp-json\/wp\/v2\/comments?post=2226"}],"version-history":[{"count":1,"href":"https:\/\/jag.se\/opinion\/wp-json\/wp\/v2\/posts\/2226\/revisions"}],"predecessor-version":[{"id":2441,"href":"https:\/\/jag.se\/opinion\/wp-json\/wp\/v2\/posts\/2226\/revisions\/2441"}],"wp:featuredmedia":[{"embeddable":true,"href":"https:\/\/jag.se\/opinion\/wp-json\/wp\/v2\/media\/2440"}],"wp:attachment":[{"href":"https:\/\/jag.se\/opinion\/wp-json\/wp\/v2\/media?parent=2226"}],"wp:term":[{"taxonomy":"category","embeddable":true,"href":"https:\/\/jag.se\/opinion\/wp-json\/wp\/v2\/categories?post=2226"},{"taxonomy":"post_tag","embeddable":true,"href":"https:\/\/jag.se\/opinion\/wp-json\/wp\/v2\/tags?post=2226"}],"curies":[{"name":"wp","href":"https:\/\/api.w.org\/{rel}","templated":true}]}}