{"id":2236,"date":"2020-07-01T13:46:39","date_gmt":"2020-07-01T13:46:39","guid":{"rendered":"https:\/\/jag.se\/opinion\/idag-borjar-lagandringarna-om-andning-och-sondmaltider-galla\/"},"modified":"2022-03-18T15:43:31","modified_gmt":"2022-03-18T15:43:31","slug":"idag-borjar-lagandringarna-om-andning-och-sondmaltider-galla","status":"publish","type":"post","link":"https:\/\/jag.se\/opinion\/idag-borjar-lagandringarna-om-andning-och-sondmaltider-galla\/","title":{"rendered":"Idag b\u00f6rjar lag\u00e4ndringarna om andning och sondm\u00e5ltider g\u00e4lla"},"content":{"rendered":"<p>Lag\u00e4ndringarna\u00a0inneb\u00e4r i korthet f\u00f6ljande:\u00a0\u00a0<\/p>\n<ul>\n<li data-leveltext=\"\uf0d8\" data-font=\"Wingdings\" data-listid=\"1\" aria-setsize=\"-1\" data-aria-posinset=\"1\" data-aria-level=\"1\">Det f\u00f6rtydligas i LSS 9a \u00a7 att\u00a0<b>b<\/b><b>ehov av hj\u00e4lp med\u00a0<\/b><b>andning och\u00a0<\/b><b>att\u00a0<\/b><b>\u00e4ta via sond\u00a0<\/b>ing\u00e5r i de\u00a0grundl\u00e4ggande behoven\u00a0<b>oavsett behovens karakt\u00e4r<\/b>\u00a0<\/li>\n<\/ul>\n<ul>\n<li data-leveltext=\"\uf0d8\" data-font=\"Wingdings\" data-listid=\"1\" aria-setsize=\"-1\" data-aria-posinset=\"2\" data-aria-level=\"1\">Behov av\u00a0<b>hj\u00e4lp som \u00e4r direkt n\u00f6dv\u00e4ndig<\/b>\u00a0f\u00f6r att hj\u00e4lp att andas ska kunna ges omfattas av r\u00e4tten till personlig assistans f\u00f6r\u00a0<b>andra personliga behov<\/b>\u00a0(allts\u00e5 inte grundl\u00e4ggande behov),\u00a0<\/li>\n<\/ul>\n<ul>\n<li data-leveltext=\"\uf0d8\" data-font=\"Wingdings\" data-listid=\"1\" aria-setsize=\"-1\" data-aria-posinset=\"3\" data-aria-level=\"1\">Behov av hj\u00e4lp med\u00a0<b>\u00e5tg\u00e4rder som \u00e4r direkt n\u00f6dv\u00e4ndiga<\/b>\u00a0f\u00f6r f\u00f6rarbete eller efterarbete vid\u00a0<b>sondm\u00e5ltid<\/b>\u00a0omfattas av r\u00e4tten till personlig assistans f\u00f6r andra personliga behov (allts\u00e5 inte grundl\u00e4ggande behov),\u00a0\u00a0<\/li>\n<\/ul>\n<ul>\n<li data-leveltext=\"\uf0d8\" data-font=\"Wingdings\" data-listid=\"1\" aria-setsize=\"-1\" data-aria-posinset=\"1\" data-aria-level=\"1\">N\u00e4r r\u00e4tten till personlig assistans f\u00f6r barn bed\u00f6ms ska inget\u00a0<b>f\u00f6r\u00e4ldraansvar<\/b>\u00a0r\u00e4knas bort f\u00f6r s\u00e5dan hj\u00e4lp som avser\u00a0<b>andning<\/b>\u00a0eller hj\u00e4lp som \u00e4r direkt n\u00f6dv\u00e4ndig f\u00f6r att hj\u00e4lp att andas ska kunna ges,\u00a0\u00a0<\/li>\n<\/ul>\n<ul>\n<li data-leveltext=\"\uf0d8\" data-font=\"Wingdings\" data-listid=\"1\" aria-setsize=\"-1\" data-aria-posinset=\"2\" data-aria-level=\"1\">N\u00e4r r\u00e4tten till personlig assistans f\u00f6r barn bed\u00f6ms ska inget\u00a0<b>f\u00f6r\u00e4ldraansvar<\/b>\u00a0r\u00e4knas bort f\u00f6r hj\u00e4lp vid\u00a0<b>sondm\u00e5ltider<\/b>\u00a0eller f\u00f6r s\u00e5dant f\u00f6rarbete och efterarbete som \u00e4r direkt n\u00f6dv\u00e4ndigt f\u00f6r att hj\u00e4lp med sondm\u00e5ltid ska kunna ges,\u00a0<\/li>\n<\/ul>\n<ul>\n<li data-leveltext=\"\uf0d8\" data-font=\"Wingdings\" data-listid=\"1\" aria-setsize=\"-1\" data-aria-posinset=\"1\" data-aria-level=\"1\">Det kr\u00e4vs inte\u00a0<b>s\u00e4rskilda sk\u00e4l f\u00f6r att ha r\u00e4tt till assistans i skola eller f\u00f6rskola<\/b>\u00a0n\u00e4r hj\u00e4lpbehovet handlar om assistans f\u00f6r att\u00a0<b>andas<\/b>\u00a0eller assistans med s\u00e5dant som \u00e4r direkt n\u00f6dv\u00e4ndigt f\u00f6r att hj\u00e4lp att andas ska kunna ges,\u00a0\u00a0\u00a0<\/li>\n<\/ul>\n<ul>\n<li data-leveltext=\"\uf0d8\" data-font=\"Wingdings\" data-listid=\"1\" aria-setsize=\"-1\" data-aria-posinset=\"2\" data-aria-level=\"1\">Det kr\u00e4vs inte\u00a0<b>s\u00e4rskilda sk\u00e4l f\u00f6r att ha r\u00e4tt till assistans i skola eller f\u00f6rskola<\/b>\u00a0n\u00e4r hj\u00e4lpbehovet handlar om assistans med\u00a0<b>sondm\u00e5ltider<\/b>\u00a0eller s\u00e5dant f\u00f6rarbete eller efterarbete som \u00e4r direkt n\u00f6dv\u00e4ndigt f\u00f6r att hj\u00e4lp med sondm\u00e5ltiden ska kunna ges,\u00a0<\/li>\n<\/ul>\n<ul>\n<li data-leveltext=\"\uf0d8\" data-font=\"Wingdings\" data-listid=\"1\" aria-setsize=\"-1\" data-aria-posinset=\"3\" data-aria-level=\"1\">De nya reglerna g\u00e4ller b\u00e5de statlig assistansers\u00e4ttning (SFB) och kommunal personlig assistans (LSS).\u00a0\u00a0<\/li>\n<\/ul>\n<p>\u00a0<\/p>\n<p><strong>Andning och sondm\u00e5ltider som grundl\u00e4ggande behov\u00a0enligt\u00a0lagf\u00f6rarbetena (prop. 2019\/20:92)\u00a0<\/strong><\/p>\n<p>Behov av hj\u00e4lp med att andas och att \u00e4ta via sond\u00a0ges\u00a0en \u201dh\u00f6gre\u00a0status\u201d\u00a0\u00e4n \u00f6vriga grundl\u00e4ggande behov. Det konstateras i\u00a0f\u00f6rarbetena\u00a0att behov av hj\u00e4lp med andning och sondm\u00e5ltider \u00e4r kritiska f\u00f6r en persons \u00f6verlevnad och av en annan karakt\u00e4r \u00e4n \u00f6vriga grundl\u00e4ggande behov.\u00a0\u00a0<\/p>\n<p>N\u00e4r det g\u00e4ller behov av hj\u00e4lp med andning eller sondm\u00e5ltider ska ingen pr\u00f6vning av om behoven \u00e4r av\u00a0<b>privat eller integritetsn\u00e4ra karakt\u00e4r<\/b>\u00a0g\u00f6ras. Det ska inte heller pr\u00f6vas om \u00e5tg\u00e4rderna \u00e4r\u00a0<b>kvalificerade<\/b>\u00a0i den mening som avses av HFD 2017 ref. 27. I fall d\u00e5 behovet av hj\u00e4lp med andning eller att \u00e4ta via sond \u00e4r mycket begr\u00e4nsat kan dock f\u00e5 betydelse om detta hj\u00e4lpbehov har privat eller integritetsk\u00e4nslig karakt\u00e4r\u00a0<i>(prop.\u00a0<\/i><i>s<\/i><i>. 46).\u00a0<\/i>\u00a0<\/p>\n<p>H\u00e4r finns allts\u00e5 en risk, s\u00e4rskilt f\u00f6r barn n\u00e4r allt \u00f6vrigt hj\u00e4lpbehov r\u00e4knas bort p.g.a. f\u00f6r\u00e4ldraansvar, att behovet av hj\u00e4lp anses vara s\u00e5 litet i omfattning att det trots allt g\u00f6rs en bed\u00f6mning av behovets karakt\u00e4r.\u00a0\u00a0<\/p>\n<p>\u00a0<\/p>\n<p><strong>Hj\u00e4lp som har direkt koppling till behov av hj\u00e4lp med att andas eller \u00e4ta via sond\u00a0<\/strong><\/p>\n<p>Kravet p\u00e5 att \u00e5tg\u00e4rden ska vara direkt n\u00f6dv\u00e4ndig inneb\u00e4r att det ska finnas ett\u00a0<b>omedelbart samband mellan hj\u00e4lp\u00e5tg\u00e4rden och den insats som avser andning eller m\u00e5ltider i form av sondmatning<\/b>. Som typexempel p\u00e5 s\u00e5dana \u00e5tg\u00e4rder kan n\u00e4mnas iordningsst\u00e4llande och sk\u00f6tsel av hj\u00e4lpmedel eller apparatur som ska anv\u00e4ndas under sj\u00e4lva hj\u00e4lpinsatsen.\u00a0\u00a0<\/p>\n<p>D\u00e4remot kan s\u00e5dana saker som exempelvis ink\u00f6p av medicintekniska produkter och kontakter med h\u00e4lso- och sjukv\u00e5rden anses vara insatser som \u00e4r alltf\u00f6r avl\u00e4gsna fr\u00e5n den hj\u00e4lpinsats som avser andning eller m\u00e5ltider i form av sondmatning f\u00f6r att betraktas som direkt n\u00f6dv\u00e4ndiga\u00a0<i>(prop.\u00a0<\/i><i>s<\/i><i>. 47).<\/i>\u00a0<\/p>\n<p>I\u00a0f\u00f6rarbetena\u00a0ges exempel\u00a0p\u00e5 hj\u00e4lp\u00a0som\u00a0avses ha direkt koppling till det grundl\u00e4ggande behovet,\u00a0men\u00a0det finns relativt stort tolkningsutrymme och\u00a0vi kan troligtvis v\u00e4nta oss att F\u00f6rs\u00e4kringskassan och kommunerna kommer vilja f\u00e5 detta pr\u00f6vat f\u00f6r att veta vad som r\u00e4knas in h\u00e4r och inte.\u00a0\u00a0<\/p>\n<p>\u00a0<\/p>\n<p><strong>Inget f\u00f6r\u00e4ldraansvar r\u00e4knas bort fr\u00e5n behov av hj\u00e4lp med andning och sondm\u00e5ltider\u00a0<\/strong><\/p>\n<p>\u00c4ndringen\u00a0r\u00f6r behovsbed\u00f6mningen, och\u00a0inneb\u00e4r att f\u00f6r\u00e4ldraansvar\u00a0inte ska r\u00e4knas bort\u00a0fr\u00e5n\u00a0grundl\u00e4ggande\u00a0behov av hj\u00e4lp med andning\u00a0eller\u00a0sondm\u00e5ltider eller\u00a0fr\u00e5n\u00a0\u00e5tg\u00e4rder\u00a0(andra personliga behov)\u00a0som \u00e4r direkt kopplade till dessa grundl\u00e4ggande behov.\u00a0\u00a0<\/p>\n<p>Genom att f\u00f6r\u00e4ldraansvaret inte\u00a0ska\u00a0r\u00e4knas bort\u00a0v\u00e4ntas\u00a0barn med behov av hj\u00e4lp med andning eller sondmatning ha st\u00f6rre m\u00f6jlighet att f\u00e5 r\u00e4tt till personlig assistans.\u00a0\u00a0<\/p>\n<p>\u00a0<\/p>\n<p><strong>Inget krav p\u00e5 s\u00e4rskilda sk\u00e4l i skola eller barnomsorg\u00a0<\/strong><\/p>\n<p>Barn som har behov av hj\u00e4lp med andning eller med att \u00e4ta via sond ska ha r\u00e4tt till assistans med detta \u00e4ven i skola och i barnomsorg utan att det kr\u00e4vs s\u00e4rskilda sk\u00e4l. Detta inkluderar b\u00e5de\u00a0andning och sondm\u00e5ltider som grundl\u00e4ggande behov och s\u00e5dana insatser (andra personliga behov) som har direkt koppling till behovet av hj\u00e4lp med att andas eller \u00e4ta via sond.\u00a0\u00a0<\/p>\n<blockquote>\n<p>F\u00f6rslaget omfattar endast skola och barnomsorg. F\u00f6r att f\u00e5 r\u00e4tt till assistans med att andas eller \u00e4ta via sond i daglig verksamhet och under sjukhusvistelse kr\u00e4vs fortfarande s\u00e4rskilda sk\u00e4l.\u00a0\u00a0<\/p>\n<\/blockquote>\n<p>Det \u00e4r positivt att barn som tidigare inte f\u00e5tt r\u00e4tt till assistans i skola eller f\u00f6rskola nu\u00a0ska kunna\u00a0f\u00e5 det. Undantaget fr\u00e5n\u00a0kravet p\u00e5\u00a0s\u00e4rskilda sk\u00e4l g\u00e4ller endast f\u00f6r assistans med andning och sondm\u00e5ltider.\u00a0 Eftersom det oftast finns ett kontinuerligt behov av assistans under hela dagen, och det dessutom \u00e4r praktiskt sv\u00e5rt\u00a0\/ og\u00f6rligt\u00a0att utf\u00f6ra assistansen som punktinsatser, s\u00e5\u00a0\u00e4r\u00a0det rimligt\u00a0att t\u00e4nka sig\u00a0att assistans i dessa l\u00e4gen beviljas under hela skoldagen\/tiden i barnomsorg.\u00a0\u00a0<\/p>\n<p>\u00a0<\/p>\n<p>\u00a0<\/p>\n<p>\u00a0<\/p>\n<p>\u00a0<\/p>\n<p>\u00a0<\/p>\n<p>\u00a0<\/p>\n<p>Inl\u00e4gget <a rel=\"nofollow\" href=\"https:\/\/jag.se\/opinion\/idag-borjar-lagandringarna-om-andning-och-sondmaltider-galla\/\">Idag b\u00f6rjar lag\u00e4ndringarna om andning och sondm\u00e5ltider g\u00e4lla<\/a> d\u00f6k f\u00f6rst upp p\u00e5 <a rel=\"nofollow\" href=\"https:\/\/jag.se\/opinion\">Riksf\u00f6reningen JAG<\/a>.<\/p>\n","protected":false},"excerpt":{"rendered":"<p>Lag\u00e4ndringarna\u00a0inneb\u00e4r i korthet f\u00f6ljande:\u00a0\u00a0 Det f\u00f6rtydligas i LSS 9a \u00a7 att\u00a0behov av hj\u00e4lp med\u00a0andning och\u00a0att\u00a0\u00e4ta via sond\u00a0ing\u00e5r i de\u00a0grundl\u00e4ggande behoven\u00a0oavsett behovens karakt\u00e4r\u00a0 Behov av\u00a0hj\u00e4lp som \u00e4r direkt n\u00f6dv\u00e4ndig\u00a0f\u00f6r att hj\u00e4lp att andas ska kunna ges omfattas av r\u00e4tten till personlig assistans f\u00f6r\u00a0andra personliga behov\u00a0(allts\u00e5 inte grundl\u00e4ggande behov),\u00a0 Behov av hj\u00e4lp med\u00a0\u00e5tg\u00e4rder som \u00e4r direkt n\u00f6dv\u00e4ndiga\u00a0f\u00f6r<\/p>\n","protected":false},"author":1,"featured_media":2420,"comment_status":"closed","ping_status":"open","sticky":false,"template":"","format":"standard","meta":{"footnotes":""},"categories":[1],"tags":[],"class_list":["post-2236","post","type-post","status-publish","format-standard","has-post-thumbnail","hentry","category-uncategorized"],"acf":[],"yoast_head":"<!-- This site is optimized with the Yoast SEO plugin v21.3 - https:\/\/yoast.com\/wordpress\/plugins\/seo\/ -->\n<title>Idag b\u00f6rjar lag\u00e4ndringarna om andning och sondm\u00e5ltider g\u00e4lla - JAG Opinion<\/title>\n<meta name=\"robots\" content=\"index, follow, max-snippet:-1, max-image-preview:large, max-video-preview:-1\" \/>\n<link rel=\"canonical\" href=\"https:\/\/jag.se\/opinion\/idag-borjar-lagandringarna-om-andning-och-sondmaltider-galla\/\" \/>\n<meta property=\"og:locale\" content=\"sv_SE\" \/>\n<meta property=\"og:type\" content=\"article\" \/>\n<meta property=\"og:title\" content=\"Idag b\u00f6rjar lag\u00e4ndringarna om andning och sondm\u00e5ltider g\u00e4lla - JAG Opinion\" \/>\n<meta property=\"og:description\" content=\"Lag\u00e4ndringarna\u00a0inneb\u00e4r i korthet f\u00f6ljande:\u00a0\u00a0 Det f\u00f6rtydligas i LSS 9a \u00a7 att\u00a0behov av hj\u00e4lp med\u00a0andning och\u00a0att\u00a0\u00e4ta via sond\u00a0ing\u00e5r i de\u00a0grundl\u00e4ggande behoven\u00a0oavsett behovens karakt\u00e4r\u00a0 Behov av\u00a0hj\u00e4lp som \u00e4r direkt n\u00f6dv\u00e4ndig\u00a0f\u00f6r att hj\u00e4lp att andas ska kunna ges omfattas av r\u00e4tten till personlig assistans f\u00f6r\u00a0andra personliga behov\u00a0(allts\u00e5 inte grundl\u00e4ggande behov),\u00a0 Behov av hj\u00e4lp med\u00a0\u00e5tg\u00e4rder som \u00e4r direkt n\u00f6dv\u00e4ndiga\u00a0f\u00f6r\" \/>\n<meta property=\"og:url\" content=\"https:\/\/jag.se\/opinion\/idag-borjar-lagandringarna-om-andning-och-sondmaltider-galla\/\" \/>\n<meta property=\"og:site_name\" content=\"JAG Opinion\" \/>\n<meta property=\"article:published_time\" content=\"2020-07-01T13:46:39+00:00\" \/>\n<meta property=\"article:modified_time\" content=\"2022-03-18T15:43:31+00:00\" \/>\n<meta property=\"og:image\" content=\"https:\/\/jag.se\/wp-content\/uploads\/sites\/3\/2020\/07\/spruta-1.jpg\" \/>\n\t<meta property=\"og:image:width\" content=\"370\" \/>\n\t<meta property=\"og:image:height\" content=\"277\" \/>\n\t<meta property=\"og:image:type\" content=\"image\/jpeg\" \/>\n<meta name=\"author\" content=\"Alexander Alexandrov\" \/>\n<meta name=\"twitter:card\" content=\"summary_large_image\" \/>\n<meta name=\"twitter:label1\" content=\"Skriven av\" \/>\n\t<meta name=\"twitter:data1\" content=\"Alexander Alexandrov\" \/>\n\t<meta name=\"twitter:label2\" content=\"Ber\u00e4knad l\u00e4stid\" \/>\n\t<meta name=\"twitter:data2\" content=\"5 minuter\" \/>\n<script type=\"application\/ld+json\" class=\"yoast-schema-graph\">{\"@context\":\"https:\/\/schema.org\",\"@graph\":[{\"@type\":\"WebPage\",\"@id\":\"https:\/\/jag.se\/opinion\/idag-borjar-lagandringarna-om-andning-och-sondmaltider-galla\/\",\"url\":\"https:\/\/jag.se\/opinion\/idag-borjar-lagandringarna-om-andning-och-sondmaltider-galla\/\",\"name\":\"Idag b\u00f6rjar lag\u00e4ndringarna om andning och sondm\u00e5ltider g\u00e4lla - JAG Opinion\",\"isPartOf\":{\"@id\":\"https:\/\/jag.se\/opinion\/#website\"},\"datePublished\":\"2020-07-01T13:46:39+00:00\",\"dateModified\":\"2022-03-18T15:43:31+00:00\",\"author\":{\"@id\":\"https:\/\/jag.se\/opinion\/#\/schema\/person\/42ca7c4b556b837c35d83ffe97aa92c0\"},\"breadcrumb\":{\"@id\":\"https:\/\/jag.se\/opinion\/idag-borjar-lagandringarna-om-andning-och-sondmaltider-galla\/#breadcrumb\"},\"inLanguage\":\"sv-SE\",\"potentialAction\":[{\"@type\":\"ReadAction\",\"target\":[\"https:\/\/jag.se\/opinion\/idag-borjar-lagandringarna-om-andning-och-sondmaltider-galla\/\"]}]},{\"@type\":\"BreadcrumbList\",\"@id\":\"https:\/\/jag.se\/opinion\/idag-borjar-lagandringarna-om-andning-och-sondmaltider-galla\/#breadcrumb\",\"itemListElement\":[{\"@type\":\"ListItem\",\"position\":1,\"name\":\"JAG start\",\"item\":\"https:\/\/jag.se\"},{\"@type\":\"ListItem\",\"position\":2,\"name\":\"Riksf\u00f6reningen JAG\",\"item\":\"https:\/\/jag.se\/opinion\/\"},{\"@type\":\"ListItem\",\"position\":3,\"name\":\"Idag b\u00f6rjar lag\u00e4ndringarna om andning och sondm\u00e5ltider g\u00e4lla\"}]},{\"@type\":\"WebSite\",\"@id\":\"https:\/\/jag.se\/opinion\/#website\",\"url\":\"https:\/\/jag.se\/opinion\/\",\"name\":\"JAG Opinion\",\"description\":\"\",\"potentialAction\":[{\"@type\":\"SearchAction\",\"target\":{\"@type\":\"EntryPoint\",\"urlTemplate\":\"https:\/\/jag.se\/opinion\/?s={search_term_string}\"},\"query-input\":\"required name=search_term_string\"}],\"inLanguage\":\"sv-SE\"},{\"@type\":\"Person\",\"@id\":\"https:\/\/jag.se\/opinion\/#\/schema\/person\/42ca7c4b556b837c35d83ffe97aa92c0\",\"name\":\"Alexander Alexandrov\",\"image\":{\"@type\":\"ImageObject\",\"inLanguage\":\"sv-SE\",\"@id\":\"https:\/\/jag.se\/opinion\/#\/schema\/person\/image\/\",\"url\":\"https:\/\/secure.gravatar.com\/avatar\/39974ed46e3cb66fe6760e4c288a2722aff8b0a328a2802a65dd6f31fe323990?s=96&d=mm&r=g\",\"contentUrl\":\"https:\/\/secure.gravatar.com\/avatar\/39974ed46e3cb66fe6760e4c288a2722aff8b0a328a2802a65dd6f31fe323990?s=96&d=mm&r=g\",\"caption\":\"Alexander Alexandrov\"},\"sameAs\":[\"https:\/\/jag.se\"]}]}<\/script>\n<!-- \/ Yoast SEO plugin. -->","yoast_head_json":{"title":"Idag b\u00f6rjar lag\u00e4ndringarna om andning och sondm\u00e5ltider g\u00e4lla - JAG Opinion","robots":{"index":"index","follow":"follow","max-snippet":"max-snippet:-1","max-image-preview":"max-image-preview:large","max-video-preview":"max-video-preview:-1"},"canonical":"https:\/\/jag.se\/opinion\/idag-borjar-lagandringarna-om-andning-och-sondmaltider-galla\/","og_locale":"sv_SE","og_type":"article","og_title":"Idag b\u00f6rjar lag\u00e4ndringarna om andning och sondm\u00e5ltider g\u00e4lla - JAG Opinion","og_description":"Lag\u00e4ndringarna\u00a0inneb\u00e4r i korthet f\u00f6ljande:\u00a0\u00a0 Det f\u00f6rtydligas i LSS 9a \u00a7 att\u00a0behov av hj\u00e4lp med\u00a0andning och\u00a0att\u00a0\u00e4ta via sond\u00a0ing\u00e5r i de\u00a0grundl\u00e4ggande behoven\u00a0oavsett behovens karakt\u00e4r\u00a0 Behov av\u00a0hj\u00e4lp som \u00e4r direkt n\u00f6dv\u00e4ndig\u00a0f\u00f6r att hj\u00e4lp att andas ska kunna ges omfattas av r\u00e4tten till personlig assistans f\u00f6r\u00a0andra personliga behov\u00a0(allts\u00e5 inte grundl\u00e4ggande behov),\u00a0 Behov av hj\u00e4lp med\u00a0\u00e5tg\u00e4rder som \u00e4r direkt n\u00f6dv\u00e4ndiga\u00a0f\u00f6r","og_url":"https:\/\/jag.se\/opinion\/idag-borjar-lagandringarna-om-andning-och-sondmaltider-galla\/","og_site_name":"JAG Opinion","article_published_time":"2020-07-01T13:46:39+00:00","article_modified_time":"2022-03-18T15:43:31+00:00","og_image":[{"width":370,"height":277,"url":"https:\/\/jag.se\/wp-content\/uploads\/sites\/3\/2020\/07\/spruta-1.jpg","type":"image\/jpeg"}],"author":"Alexander Alexandrov","twitter_card":"summary_large_image","twitter_misc":{"Skriven av":"Alexander Alexandrov","Ber\u00e4knad l\u00e4stid":"5 minuter"},"schema":{"@context":"https:\/\/schema.org","@graph":[{"@type":"WebPage","@id":"https:\/\/jag.se\/opinion\/idag-borjar-lagandringarna-om-andning-och-sondmaltider-galla\/","url":"https:\/\/jag.se\/opinion\/idag-borjar-lagandringarna-om-andning-och-sondmaltider-galla\/","name":"Idag b\u00f6rjar lag\u00e4ndringarna om andning och sondm\u00e5ltider g\u00e4lla - JAG Opinion","isPartOf":{"@id":"https:\/\/jag.se\/opinion\/#website"},"datePublished":"2020-07-01T13:46:39+00:00","dateModified":"2022-03-18T15:43:31+00:00","author":{"@id":"https:\/\/jag.se\/opinion\/#\/schema\/person\/42ca7c4b556b837c35d83ffe97aa92c0"},"breadcrumb":{"@id":"https:\/\/jag.se\/opinion\/idag-borjar-lagandringarna-om-andning-och-sondmaltider-galla\/#breadcrumb"},"inLanguage":"sv-SE","potentialAction":[{"@type":"ReadAction","target":["https:\/\/jag.se\/opinion\/idag-borjar-lagandringarna-om-andning-och-sondmaltider-galla\/"]}]},{"@type":"BreadcrumbList","@id":"https:\/\/jag.se\/opinion\/idag-borjar-lagandringarna-om-andning-och-sondmaltider-galla\/#breadcrumb","itemListElement":[{"@type":"ListItem","position":1,"name":"JAG start","item":"https:\/\/jag.se"},{"@type":"ListItem","position":2,"name":"Riksf\u00f6reningen JAG","item":"https:\/\/jag.se\/opinion\/"},{"@type":"ListItem","position":3,"name":"Idag b\u00f6rjar lag\u00e4ndringarna om andning och sondm\u00e5ltider g\u00e4lla"}]},{"@type":"WebSite","@id":"https:\/\/jag.se\/opinion\/#website","url":"https:\/\/jag.se\/opinion\/","name":"JAG Opinion","description":"","potentialAction":[{"@type":"SearchAction","target":{"@type":"EntryPoint","urlTemplate":"https:\/\/jag.se\/opinion\/?s={search_term_string}"},"query-input":"required name=search_term_string"}],"inLanguage":"sv-SE"},{"@type":"Person","@id":"https:\/\/jag.se\/opinion\/#\/schema\/person\/42ca7c4b556b837c35d83ffe97aa92c0","name":"Alexander Alexandrov","image":{"@type":"ImageObject","inLanguage":"sv-SE","@id":"https:\/\/jag.se\/opinion\/#\/schema\/person\/image\/","url":"https:\/\/secure.gravatar.com\/avatar\/39974ed46e3cb66fe6760e4c288a2722aff8b0a328a2802a65dd6f31fe323990?s=96&d=mm&r=g","contentUrl":"https:\/\/secure.gravatar.com\/avatar\/39974ed46e3cb66fe6760e4c288a2722aff8b0a328a2802a65dd6f31fe323990?s=96&d=mm&r=g","caption":"Alexander Alexandrov"},"sameAs":["https:\/\/jag.se"]}]}},"_links":{"self":[{"href":"https:\/\/jag.se\/opinion\/wp-json\/wp\/v2\/posts\/2236","targetHints":{"allow":["GET"]}}],"collection":[{"href":"https:\/\/jag.se\/opinion\/wp-json\/wp\/v2\/posts"}],"about":[{"href":"https:\/\/jag.se\/opinion\/wp-json\/wp\/v2\/types\/post"}],"author":[{"embeddable":true,"href":"https:\/\/jag.se\/opinion\/wp-json\/wp\/v2\/users\/1"}],"replies":[{"embeddable":true,"href":"https:\/\/jag.se\/opinion\/wp-json\/wp\/v2\/comments?post=2236"}],"version-history":[{"count":1,"href":"https:\/\/jag.se\/opinion\/wp-json\/wp\/v2\/posts\/2236\/revisions"}],"predecessor-version":[{"id":2421,"href":"https:\/\/jag.se\/opinion\/wp-json\/wp\/v2\/posts\/2236\/revisions\/2421"}],"wp:featuredmedia":[{"embeddable":true,"href":"https:\/\/jag.se\/opinion\/wp-json\/wp\/v2\/media\/2420"}],"wp:attachment":[{"href":"https:\/\/jag.se\/opinion\/wp-json\/wp\/v2\/media?parent=2236"}],"wp:term":[{"taxonomy":"category","embeddable":true,"href":"https:\/\/jag.se\/opinion\/wp-json\/wp\/v2\/categories?post=2236"},{"taxonomy":"post_tag","embeddable":true,"href":"https:\/\/jag.se\/opinion\/wp-json\/wp\/v2\/tags?post=2236"}],"curies":[{"name":"wp","href":"https:\/\/api.w.org\/{rel}","templated":true}]}}