{"id":2241,"date":"2020-05-29T12:28:03","date_gmt":"2020-05-29T12:28:03","guid":{"rendered":"https:\/\/jag.se\/opinion\/ginger-har-fatt-ratt-igen-men-skarholmens-stadsdelsforvaltning-fortsatter-trotsa-forvaltningsrattens-beslut\/"},"modified":"2022-03-18T15:43:26","modified_gmt":"2022-03-18T15:43:26","slug":"ginger-har-fatt-ratt-igen-men-skarholmens-stadsdelsforvaltning-fortsatter-trotsa-forvaltningsrattens-beslut","status":"publish","type":"post","link":"https:\/\/jag.se\/opinion\/ginger-har-fatt-ratt-igen-men-skarholmens-stadsdelsforvaltning-fortsatter-trotsa-forvaltningsrattens-beslut\/","title":{"rendered":"Ginger har f\u00e5tt r\u00e4tt \u2013 igen \u2013 men Sk\u00e4rholmens stadsdelsf\u00f6rvaltning forts\u00e4tter trotsa f\u00f6rvaltningsr\u00e4ttens beslut\u00a0"},"content":{"rendered":"<p><strong>Ginger <\/strong><strong>Lingwall<\/strong><strong>, 74,\u00a0<\/strong><strong>har haft personlig assistans sedan 1997. De f\u00f6rsta tio \u00e5ren hade hon assistansers\u00e4ttning fr\u00e5n F\u00f6rs\u00e4kringskassan.\u00a0<\/strong><strong>N\u00e4r hon fyllde 65<\/strong><strong>\u00a0ompr\u00f6vade<\/strong><strong>s<\/strong><strong>\u00a0hennes assistansbeslut och p\u00e5 grund av ny praxis miste hon r\u00e4tten till statlig assistansers\u00e4ttning. Sedan dess har\u00a0<\/strong><strong>hon f\u00f6rt en oj\u00e4mn kamp mot\u00a0<\/strong><strong>Sk\u00e4rholmens\u00a0<\/strong><strong>stadsdelsf\u00f6rvaltning.<\/strong><\/p>\n<p>\u2013 De\u00a0har aldrig\u00a0tagit h\u00e4nsyn till att\u00a0jag\u00a0har diabetes, s\u00e4ger Ginger\u00a0Lingwall.\u00a0Trots att\u00a0v\u00e5rden\u00a0har sagt till stadsdelsf\u00f6rvaltningen att de\u00a0inte f\u00e5r dra in\u00a0fler\u00a0timmar.\u00a0L\u00e4karen\u00a0vill \u00e4ndra\u00a0p\u00e5 min\u00a0medicin men t\u00f6rs inte eftersom\u00a0det inte \u00e4r s\u00e4kert att jag f\u00e5r mat j\u00e4mnt\u00a0f\u00f6rdelat \u00f6ver dygnet.\u00a0Under helgerna \u00e4r jag ibland\u00a0ensam\u00a0utan insatser\u00a0i\u00a018\u201319\u00a0timmar.<\/p>\n<p>Det var 2015 som stadsdelsf\u00f6rvaltningen i Stockholmsf\u00f6rorten Sk\u00e4rholmen f\u00f6r f\u00f6rsta g\u00e5ngen\u00a0ville dra\u00a0in\u00a0Ginger\u00a0Lingwalls\u00a0r\u00e4tt till personlig assistans\u00a0genom att h\u00e4vda att hon inte tillh\u00f6rde personkretsen i LSS.\u00a0Ginger fick r\u00e4tt\u00a0i f\u00f6rvaltningsr\u00e4tten\u00a0och beviljades fortsatt\u00a0personlig assistans. Vid en ny ompr\u00f6vning 2017 drog Sk\u00e4rholmen ner\u00a0hennes\u00a0assistans\u00a0fr\u00e5n 49 till 47 timmar per vecka trots ett of\u00f6r\u00e4ndrat behov.<\/p>\n<p>Dessutom beviljas\u00a0assistansen f\u00f6r\u00a0endast\u00a0ett \u00e5r i taget. Ginger m\u00e5ste allts\u00e5 g\u00f6ra en ny anstr\u00e4ngande ans\u00f6kan varje \u00e5r.\u00a0Till p\u00e5 k\u00f6pet har handl\u00e4ggningstiden de senaste \u00e5ren\u00a0legat p\u00e5\u00a0som mest\u00a0\u00e5tta\u2013nio\u00a0m\u00e5nader\u00a0\u2013 trots att absolut ingenting f\u00f6r\u00e4ndrats n\u00e4r det g\u00e4ller Gingers funktionsneds\u00e4ttning eller st\u00f6dbehov.<\/p>\n<p>2018 gjorde Sk\u00e4rholmens stadsdelsn\u00e4mnd ett nytt f\u00f6rs\u00f6k att dra in Gingers assistans.\u00a0\u00c4ven denna g\u00e5ng med h\u00e4nvisning till att hon inte tillh\u00f6r\u00a0LSS\u00a0personkrets.\u00a0Med st\u00f6d av\u00a0sin\u00a0assistansanordnare\u00a0sedan 21 \u00e5r tillbaka,\u00a0JAG\u00a0Personlig assistans,\u00a0\u00f6verklagade\u00a0Ginger\u00a0beslutet\u00a0och\u00a0fick\u00a0ett interimistiskt beslut som innebar att hon kunde beh\u00e5lla assistansen\u00a0i avvaktan p\u00e5 f\u00f6rvaltningsr\u00e4ttens\u00a0dom. I\u00a0mars\u00a0i \u00e5r kom den mycket tydliga domen om att hon tvekl\u00f6st ing\u00e5r i personkretsen.<\/p>\n<p>Trots segern i f\u00f6rvaltningsr\u00e4tten\u00a0\u00e5terst\u00e5r\u00a0nu\u00a0en oviss v\u00e4ntan p\u00e5\u00a0hur m\u00e5nga timmar personlig assistans hon\u00a0kommer att\u00a0beviljas.<\/p>\n<p>\u2013 Stadsdelsf\u00f6rvaltningen\u00a0har fortfarande inte fattat\u00a0n\u00e5got beslut om timantal. S\u00e5 det \u00e4r inte i hamn,\u00a0s\u00e4ger Isabell Bolander,\u00a0juridisk r\u00e5dgivare p\u00e5 JAG Personlig assistans.<\/p>\n<p>JO har kritiserat kommuner som beter sig p\u00e5 det h\u00e4r viset som Sk\u00e4rholmen g\u00f6r, exempelvis att de\u00a0rutinm\u00e4ssigt\u00a0beslutar om assistans ett \u00e5r i taget eller att de f\u00f6rs\u00f6ker\u00a0dra in\u00a0en insats\u00a0p\u00e5 nytt, bara ett par \u00e5r efter f\u00f6rvaltningsr\u00e4ttens f\u00f6rra beslut.<\/p>\n<p>\u2013\u00a0\u00c4ven om det inte \u00e4r lagtrots \u00e4r det p\u00e5 gr\u00e4nsen till vad en kommun ska \u00e4gna sig \u00e5t, s\u00e4ger Isabell.<\/p>\n<p>Enligt Ginger \u00e4r det b\u00e4sta med assistansen att hon f\u00e5r l\u00e4ra upp assistenterna sj\u00e4lv och best\u00e4mma vad de ska g\u00f6ra.<\/p>\n<p>\u2013 Det \u00e4r jag tacksam f\u00f6r. Det f\u00e5r man inte med hemtj\u00e4nsten, s\u00e4ger hon.<\/p>\n<p>Ginger hoppas att hon ska\u00a0f\u00e5 tillbaka lika m\u00e5nga timmar som hon hade innan hon blev tvungen att f\u00f6rlita sig p\u00e5 kommunens goda vilja.\u00a0Men hon\u00a0\u00e4r s\u00e4ker p\u00e5\u00a0att kommunen\u00a0vill att hon ska ha\u00a0hemtj\u00e4nst\u00a0ist\u00e4llet f\u00f6r personlig assistans.<\/p>\n<p>\u2013 Det blir v\u00e4l billigare f\u00f6r dem. Men jag skulle inte klara mig med hemtj\u00e4nst, s\u00e4ger Ginger.<\/p>\n<p>\u00c4ven om situationen tar p\u00e5 krafterna \u00e4r Ginger kamplysten.<\/p>\n<p>\u2013\u00a0JO-anm\u00e4lan? Det g\u00f6r jag g\u00e4rna.\u00a0S\u00e5 m\u00e5nga \u00e5r som jag lidit f\u00f6r att de har h\u00e5llit p\u00e5 s\u00e5 h\u00e4r.\u00a0Det \u00e4r ot\u00e4ckt att vara ensam\u00a016\u201317\u00a0timmar per dygn.\u00a0Utan assistans kan jag inte laga mat, skriva, l\u00e4sa, ringa ett samtal\u00a0eller g\u00e5 ut.<\/p>\n<p>Hon har ett larm\u00a0som g\u00e5r till kommunens nattpatrull\u00a0men t\u00f6rs inte sl\u00e4ppa in n\u00e5gon hon inte k\u00e4nner.<\/p>\n<p>\u2013 Jag skulle hellre d\u00f6 \u00e4n ringa p\u00e5 larmet.<\/p>\n<p>Men Ginger\u00a0\u00e4r inte den som ger upp i f\u00f6rsta taget.<\/p>\n<p>\u2013\u00a0Jag \u00e4r en envis person och jag hoppas att\u00a0det \u00e4r fler\u00a0som orkar k\u00e4mpa.<\/p>\n<p><em>Schabloners\u00e4ttningen f\u00f6r personlig assistans som kommunen betalar till en privat anordnare\u00a0<\/em><em>uppg\u00e5r\u00a0<\/em><em>i \u00e5r<\/em><em>\u00a0<\/em><em>till\u00a0<\/em><em>30<\/em><em>4<\/em><em>,30<\/em><em>\u00a0kr per beviljad assistanstimme. Ut\u00f6v<\/em><em>er assistentens l\u00f6n, OB och sociala avgifter ska ers\u00e4ttningen t\u00e4cka\u00a0<\/em><em>f\u00f6rs\u00e4kringar, arbetsledning, l\u00f6n under introduktion av nyanst\u00e4llda, kursavgifter och l\u00f6n<\/em><em>\u00a0till assistenterna<\/em><em>\u00a0under utbildning<\/em><em>,\u00a0<\/em><em>handledning<\/em><em>\u00a0samt assistansm\u00f6ten<\/em><em>, administration av tidredovisning och l\u00f6ner<\/em><em>, personal- och arbetsmilj\u00f6kostnader<\/em><em>\u00a0och alla omkostnader i assistansen,\u00a0<\/em><em>exempelvis entr\u00e9- och f\u00e4rdbiljett<\/em><em>er<\/em><em>\u00a0f\u00f6r assistenten vid uppdragsgivarens aktiviteter och resor.<\/em><\/p>\n<p><em>Det \u00e4r sv\u00e5rt att hitta sammanst\u00e4llningar \u00f6ver vad\u00a0<\/em><em>hemtj\u00e4nst egentligen kostar. Men 2006 \u2013 allts\u00e5 f\u00f6r 14 \u00e5r sedan \u2013 uppskattades\u00a0<\/em><em>k<\/em><em>ommunen<\/em><em>s kostnad<\/em><em>\u00a0f\u00f6r\u00a0<\/em><em>en timmes\u00a0<\/em><em>hemtj\u00e4nst\u00a0<\/em><em>till<\/em><em>\u00a0i genomsnitt<\/em><em>\u00a0380 k<\/em><em>r<\/em><em>\u00a0i en unders\u00f6kning gjord av Ind<\/em><em>ependent\u00a0<\/em><em>Living<\/em><em>\u00a0<\/em><em>Institute<\/em><em>.<\/em><br \/>n<a title=\"https:\/\/www.independentliving.org\/files\/lsskostnad_files\/lss200805kostnad.pdf\" href=\"https:\/\/www.independentliving.org\/files\/lsskostnad_files\/lss200805kostnad.pdf\" target=\"_blank\" rel=\"noreferrer noopener\" data-cke-saved-href=\"https:\/\/www.independentliving.org\/files\/lsskostnad_files\/lss200805kostnad.pdf\">https:\/\/www.independentliving.org\/files\/lsskostnad_files\/lss200805kostnad.pdf<\/a><\/p>\n<p>Inl\u00e4gget <a rel=\"nofollow\" href=\"https:\/\/jag.se\/opinion\/ginger-har-fatt-ratt-igen-men-skarholmens-stadsdelsforvaltning-fortsatter-trotsa-forvaltningsrattens-beslut\/\">Ginger har f\u00e5tt r\u00e4tt \u2013 igen \u2013 men Sk\u00e4rholmens stadsdelsf\u00f6rvaltning forts\u00e4tter trotsa f\u00f6rvaltningsr\u00e4ttens beslut\u00a0<\/a> d\u00f6k f\u00f6rst upp p\u00e5 <a rel=\"nofollow\" href=\"https:\/\/jag.se\/opinion\">Riksf\u00f6reningen JAG<\/a>.<\/p>\n","protected":false},"excerpt":{"rendered":"<p>Ginger Lingwall, 74,\u00a0har haft personlig assistans sedan 1997. De f\u00f6rsta tio \u00e5ren hade hon assistansers\u00e4ttning fr\u00e5n F\u00f6rs\u00e4kringskassan.\u00a0N\u00e4r hon fyllde 65\u00a0ompr\u00f6vades\u00a0hennes assistansbeslut och p\u00e5 grund av ny praxis miste hon r\u00e4tten till statlig assistansers\u00e4ttning. Sedan dess har\u00a0hon f\u00f6rt en oj\u00e4mn kamp mot\u00a0Sk\u00e4rholmens\u00a0stadsdelsf\u00f6rvaltning. \u2013 De\u00a0har aldrig\u00a0tagit h\u00e4nsyn till att\u00a0jag\u00a0har diabetes, s\u00e4ger Ginger\u00a0Lingwall.\u00a0Trots att\u00a0v\u00e5rden\u00a0har sagt till stadsdelsf\u00f6rvaltningen att<\/p>\n","protected":false},"author":1,"featured_media":2410,"comment_status":"closed","ping_status":"open","sticky":false,"template":"","format":"standard","meta":{"footnotes":""},"categories":[1],"tags":[],"class_list":["post-2241","post","type-post","status-publish","format-standard","has-post-thumbnail","hentry","category-uncategorized"],"acf":[],"yoast_head":"<!-- This site is optimized with the Yoast SEO plugin v21.3 - https:\/\/yoast.com\/wordpress\/plugins\/seo\/ -->\n<title>Ginger har f\u00e5tt r\u00e4tt \u2013 igen \u2013 men Sk\u00e4rholmens stadsdelsf\u00f6rvaltning forts\u00e4tter trotsa f\u00f6rvaltningsr\u00e4ttens beslut\u00a0 - JAG Opinion<\/title>\n<meta name=\"robots\" content=\"index, follow, max-snippet:-1, max-image-preview:large, max-video-preview:-1\" \/>\n<link rel=\"canonical\" href=\"https:\/\/jag.se\/opinion\/ginger-har-fatt-ratt-igen-men-skarholmens-stadsdelsforvaltning-fortsatter-trotsa-forvaltningsrattens-beslut\/\" \/>\n<meta property=\"og:locale\" content=\"sv_SE\" \/>\n<meta property=\"og:type\" content=\"article\" \/>\n<meta property=\"og:title\" content=\"Ginger har f\u00e5tt r\u00e4tt \u2013 igen \u2013 men Sk\u00e4rholmens stadsdelsf\u00f6rvaltning forts\u00e4tter trotsa f\u00f6rvaltningsr\u00e4ttens beslut\u00a0 - JAG Opinion\" \/>\n<meta property=\"og:description\" content=\"Ginger Lingwall, 74,\u00a0har haft personlig assistans sedan 1997. De f\u00f6rsta tio \u00e5ren hade hon assistansers\u00e4ttning fr\u00e5n F\u00f6rs\u00e4kringskassan.\u00a0N\u00e4r hon fyllde 65\u00a0ompr\u00f6vades\u00a0hennes assistansbeslut och p\u00e5 grund av ny praxis miste hon r\u00e4tten till statlig assistansers\u00e4ttning. Sedan dess har\u00a0hon f\u00f6rt en oj\u00e4mn kamp mot\u00a0Sk\u00e4rholmens\u00a0stadsdelsf\u00f6rvaltning. \u2013 De\u00a0har aldrig\u00a0tagit h\u00e4nsyn till att\u00a0jag\u00a0har diabetes, s\u00e4ger Ginger\u00a0Lingwall.\u00a0Trots att\u00a0v\u00e5rden\u00a0har sagt till stadsdelsf\u00f6rvaltningen att\" \/>\n<meta property=\"og:url\" content=\"https:\/\/jag.se\/opinion\/ginger-har-fatt-ratt-igen-men-skarholmens-stadsdelsforvaltning-fortsatter-trotsa-forvaltningsrattens-beslut\/\" \/>\n<meta property=\"og:site_name\" content=\"JAG Opinion\" \/>\n<meta property=\"article:published_time\" content=\"2020-05-29T12:28:03+00:00\" \/>\n<meta property=\"article:modified_time\" content=\"2022-03-18T15:43:26+00:00\" \/>\n<meta property=\"og:image\" content=\"https:\/\/jag.se\/wp-content\/uploads\/sites\/3\/2020\/05\/Ginger-Lingwall-2-e1592489006515-1.jpg\" \/>\n\t<meta property=\"og:image:width\" content=\"1446\" \/>\n\t<meta property=\"og:image:height\" content=\"910\" \/>\n\t<meta property=\"og:image:type\" content=\"image\/jpeg\" \/>\n<meta name=\"author\" content=\"Alexander Alexandrov\" \/>\n<meta name=\"twitter:card\" content=\"summary_large_image\" \/>\n<meta name=\"twitter:label1\" content=\"Skriven av\" \/>\n\t<meta name=\"twitter:data1\" content=\"Alexander Alexandrov\" \/>\n\t<meta name=\"twitter:label2\" content=\"Ber\u00e4knad l\u00e4stid\" \/>\n\t<meta name=\"twitter:data2\" content=\"4 minuter\" \/>\n<script type=\"application\/ld+json\" class=\"yoast-schema-graph\">{\"@context\":\"https:\/\/schema.org\",\"@graph\":[{\"@type\":\"WebPage\",\"@id\":\"https:\/\/jag.se\/opinion\/ginger-har-fatt-ratt-igen-men-skarholmens-stadsdelsforvaltning-fortsatter-trotsa-forvaltningsrattens-beslut\/\",\"url\":\"https:\/\/jag.se\/opinion\/ginger-har-fatt-ratt-igen-men-skarholmens-stadsdelsforvaltning-fortsatter-trotsa-forvaltningsrattens-beslut\/\",\"name\":\"Ginger har f\u00e5tt r\u00e4tt \u2013 igen \u2013 men Sk\u00e4rholmens stadsdelsf\u00f6rvaltning forts\u00e4tter trotsa f\u00f6rvaltningsr\u00e4ttens beslut\u00a0 - JAG Opinion\",\"isPartOf\":{\"@id\":\"https:\/\/jag.se\/opinion\/#website\"},\"datePublished\":\"2020-05-29T12:28:03+00:00\",\"dateModified\":\"2022-03-18T15:43:26+00:00\",\"author\":{\"@id\":\"https:\/\/jag.se\/opinion\/#\/schema\/person\/42ca7c4b556b837c35d83ffe97aa92c0\"},\"breadcrumb\":{\"@id\":\"https:\/\/jag.se\/opinion\/ginger-har-fatt-ratt-igen-men-skarholmens-stadsdelsforvaltning-fortsatter-trotsa-forvaltningsrattens-beslut\/#breadcrumb\"},\"inLanguage\":\"sv-SE\",\"potentialAction\":[{\"@type\":\"ReadAction\",\"target\":[\"https:\/\/jag.se\/opinion\/ginger-har-fatt-ratt-igen-men-skarholmens-stadsdelsforvaltning-fortsatter-trotsa-forvaltningsrattens-beslut\/\"]}]},{\"@type\":\"BreadcrumbList\",\"@id\":\"https:\/\/jag.se\/opinion\/ginger-har-fatt-ratt-igen-men-skarholmens-stadsdelsforvaltning-fortsatter-trotsa-forvaltningsrattens-beslut\/#breadcrumb\",\"itemListElement\":[{\"@type\":\"ListItem\",\"position\":1,\"name\":\"JAG start\",\"item\":\"https:\/\/jag.se\"},{\"@type\":\"ListItem\",\"position\":2,\"name\":\"Riksf\u00f6reningen JAG\",\"item\":\"https:\/\/jag.se\/opinion\/\"},{\"@type\":\"ListItem\",\"position\":3,\"name\":\"Ginger har f\u00e5tt r\u00e4tt \u2013 igen \u2013 men Sk\u00e4rholmens stadsdelsf\u00f6rvaltning forts\u00e4tter trotsa f\u00f6rvaltningsr\u00e4ttens beslut\u00a0\"}]},{\"@type\":\"WebSite\",\"@id\":\"https:\/\/jag.se\/opinion\/#website\",\"url\":\"https:\/\/jag.se\/opinion\/\",\"name\":\"JAG Opinion\",\"description\":\"\",\"potentialAction\":[{\"@type\":\"SearchAction\",\"target\":{\"@type\":\"EntryPoint\",\"urlTemplate\":\"https:\/\/jag.se\/opinion\/?s={search_term_string}\"},\"query-input\":\"required name=search_term_string\"}],\"inLanguage\":\"sv-SE\"},{\"@type\":\"Person\",\"@id\":\"https:\/\/jag.se\/opinion\/#\/schema\/person\/42ca7c4b556b837c35d83ffe97aa92c0\",\"name\":\"Alexander Alexandrov\",\"image\":{\"@type\":\"ImageObject\",\"inLanguage\":\"sv-SE\",\"@id\":\"https:\/\/jag.se\/opinion\/#\/schema\/person\/image\/\",\"url\":\"https:\/\/secure.gravatar.com\/avatar\/39974ed46e3cb66fe6760e4c288a2722aff8b0a328a2802a65dd6f31fe323990?s=96&d=mm&r=g\",\"contentUrl\":\"https:\/\/secure.gravatar.com\/avatar\/39974ed46e3cb66fe6760e4c288a2722aff8b0a328a2802a65dd6f31fe323990?s=96&d=mm&r=g\",\"caption\":\"Alexander Alexandrov\"},\"sameAs\":[\"https:\/\/jag.se\"]}]}<\/script>\n<!-- \/ Yoast SEO plugin. -->","yoast_head_json":{"title":"Ginger har f\u00e5tt r\u00e4tt \u2013 igen \u2013 men Sk\u00e4rholmens stadsdelsf\u00f6rvaltning forts\u00e4tter trotsa f\u00f6rvaltningsr\u00e4ttens beslut\u00a0 - JAG Opinion","robots":{"index":"index","follow":"follow","max-snippet":"max-snippet:-1","max-image-preview":"max-image-preview:large","max-video-preview":"max-video-preview:-1"},"canonical":"https:\/\/jag.se\/opinion\/ginger-har-fatt-ratt-igen-men-skarholmens-stadsdelsforvaltning-fortsatter-trotsa-forvaltningsrattens-beslut\/","og_locale":"sv_SE","og_type":"article","og_title":"Ginger har f\u00e5tt r\u00e4tt \u2013 igen \u2013 men Sk\u00e4rholmens stadsdelsf\u00f6rvaltning forts\u00e4tter trotsa f\u00f6rvaltningsr\u00e4ttens beslut\u00a0 - JAG Opinion","og_description":"Ginger Lingwall, 74,\u00a0har haft personlig assistans sedan 1997. De f\u00f6rsta tio \u00e5ren hade hon assistansers\u00e4ttning fr\u00e5n F\u00f6rs\u00e4kringskassan.\u00a0N\u00e4r hon fyllde 65\u00a0ompr\u00f6vades\u00a0hennes assistansbeslut och p\u00e5 grund av ny praxis miste hon r\u00e4tten till statlig assistansers\u00e4ttning. Sedan dess har\u00a0hon f\u00f6rt en oj\u00e4mn kamp mot\u00a0Sk\u00e4rholmens\u00a0stadsdelsf\u00f6rvaltning. \u2013 De\u00a0har aldrig\u00a0tagit h\u00e4nsyn till att\u00a0jag\u00a0har diabetes, s\u00e4ger Ginger\u00a0Lingwall.\u00a0Trots att\u00a0v\u00e5rden\u00a0har sagt till stadsdelsf\u00f6rvaltningen att","og_url":"https:\/\/jag.se\/opinion\/ginger-har-fatt-ratt-igen-men-skarholmens-stadsdelsforvaltning-fortsatter-trotsa-forvaltningsrattens-beslut\/","og_site_name":"JAG Opinion","article_published_time":"2020-05-29T12:28:03+00:00","article_modified_time":"2022-03-18T15:43:26+00:00","og_image":[{"width":1446,"height":910,"url":"https:\/\/jag.se\/wp-content\/uploads\/sites\/3\/2020\/05\/Ginger-Lingwall-2-e1592489006515-1.jpg","type":"image\/jpeg"}],"author":"Alexander Alexandrov","twitter_card":"summary_large_image","twitter_misc":{"Skriven av":"Alexander Alexandrov","Ber\u00e4knad l\u00e4stid":"4 minuter"},"schema":{"@context":"https:\/\/schema.org","@graph":[{"@type":"WebPage","@id":"https:\/\/jag.se\/opinion\/ginger-har-fatt-ratt-igen-men-skarholmens-stadsdelsforvaltning-fortsatter-trotsa-forvaltningsrattens-beslut\/","url":"https:\/\/jag.se\/opinion\/ginger-har-fatt-ratt-igen-men-skarholmens-stadsdelsforvaltning-fortsatter-trotsa-forvaltningsrattens-beslut\/","name":"Ginger har f\u00e5tt r\u00e4tt \u2013 igen \u2013 men Sk\u00e4rholmens stadsdelsf\u00f6rvaltning forts\u00e4tter trotsa f\u00f6rvaltningsr\u00e4ttens beslut\u00a0 - JAG Opinion","isPartOf":{"@id":"https:\/\/jag.se\/opinion\/#website"},"datePublished":"2020-05-29T12:28:03+00:00","dateModified":"2022-03-18T15:43:26+00:00","author":{"@id":"https:\/\/jag.se\/opinion\/#\/schema\/person\/42ca7c4b556b837c35d83ffe97aa92c0"},"breadcrumb":{"@id":"https:\/\/jag.se\/opinion\/ginger-har-fatt-ratt-igen-men-skarholmens-stadsdelsforvaltning-fortsatter-trotsa-forvaltningsrattens-beslut\/#breadcrumb"},"inLanguage":"sv-SE","potentialAction":[{"@type":"ReadAction","target":["https:\/\/jag.se\/opinion\/ginger-har-fatt-ratt-igen-men-skarholmens-stadsdelsforvaltning-fortsatter-trotsa-forvaltningsrattens-beslut\/"]}]},{"@type":"BreadcrumbList","@id":"https:\/\/jag.se\/opinion\/ginger-har-fatt-ratt-igen-men-skarholmens-stadsdelsforvaltning-fortsatter-trotsa-forvaltningsrattens-beslut\/#breadcrumb","itemListElement":[{"@type":"ListItem","position":1,"name":"JAG start","item":"https:\/\/jag.se"},{"@type":"ListItem","position":2,"name":"Riksf\u00f6reningen JAG","item":"https:\/\/jag.se\/opinion\/"},{"@type":"ListItem","position":3,"name":"Ginger har f\u00e5tt r\u00e4tt \u2013 igen \u2013 men Sk\u00e4rholmens stadsdelsf\u00f6rvaltning forts\u00e4tter trotsa f\u00f6rvaltningsr\u00e4ttens beslut\u00a0"}]},{"@type":"WebSite","@id":"https:\/\/jag.se\/opinion\/#website","url":"https:\/\/jag.se\/opinion\/","name":"JAG Opinion","description":"","potentialAction":[{"@type":"SearchAction","target":{"@type":"EntryPoint","urlTemplate":"https:\/\/jag.se\/opinion\/?s={search_term_string}"},"query-input":"required name=search_term_string"}],"inLanguage":"sv-SE"},{"@type":"Person","@id":"https:\/\/jag.se\/opinion\/#\/schema\/person\/42ca7c4b556b837c35d83ffe97aa92c0","name":"Alexander Alexandrov","image":{"@type":"ImageObject","inLanguage":"sv-SE","@id":"https:\/\/jag.se\/opinion\/#\/schema\/person\/image\/","url":"https:\/\/secure.gravatar.com\/avatar\/39974ed46e3cb66fe6760e4c288a2722aff8b0a328a2802a65dd6f31fe323990?s=96&d=mm&r=g","contentUrl":"https:\/\/secure.gravatar.com\/avatar\/39974ed46e3cb66fe6760e4c288a2722aff8b0a328a2802a65dd6f31fe323990?s=96&d=mm&r=g","caption":"Alexander Alexandrov"},"sameAs":["https:\/\/jag.se"]}]}},"_links":{"self":[{"href":"https:\/\/jag.se\/opinion\/wp-json\/wp\/v2\/posts\/2241","targetHints":{"allow":["GET"]}}],"collection":[{"href":"https:\/\/jag.se\/opinion\/wp-json\/wp\/v2\/posts"}],"about":[{"href":"https:\/\/jag.se\/opinion\/wp-json\/wp\/v2\/types\/post"}],"author":[{"embeddable":true,"href":"https:\/\/jag.se\/opinion\/wp-json\/wp\/v2\/users\/1"}],"replies":[{"embeddable":true,"href":"https:\/\/jag.se\/opinion\/wp-json\/wp\/v2\/comments?post=2241"}],"version-history":[{"count":1,"href":"https:\/\/jag.se\/opinion\/wp-json\/wp\/v2\/posts\/2241\/revisions"}],"predecessor-version":[{"id":2411,"href":"https:\/\/jag.se\/opinion\/wp-json\/wp\/v2\/posts\/2241\/revisions\/2411"}],"wp:featuredmedia":[{"embeddable":true,"href":"https:\/\/jag.se\/opinion\/wp-json\/wp\/v2\/media\/2410"}],"wp:attachment":[{"href":"https:\/\/jag.se\/opinion\/wp-json\/wp\/v2\/media?parent=2241"}],"wp:term":[{"taxonomy":"category","embeddable":true,"href":"https:\/\/jag.se\/opinion\/wp-json\/wp\/v2\/categories?post=2241"},{"taxonomy":"post_tag","embeddable":true,"href":"https:\/\/jag.se\/opinion\/wp-json\/wp\/v2\/tags?post=2241"}],"curies":[{"name":"wp","href":"https:\/\/api.w.org\/{rel}","templated":true}]}}