{"id":2245,"date":"2020-04-30T10:53:59","date_gmt":"2020-04-30T10:53:59","guid":{"rendered":"https:\/\/jag.se\/opinion\/jag-center-haller-distans\/"},"modified":"2022-03-18T15:43:20","modified_gmt":"2022-03-18T15:43:20","slug":"jag-center-haller-distans","status":"publish","type":"post","link":"https:\/\/jag.se\/opinion\/jag-center-haller-distans\/","title":{"rendered":"JAG-center h\u00e5ller distans"},"content":{"rendered":"<p><strong>I b\u00f6rjan av april st\u00e4ngde Stockholms Stad alla kommunala dagliga verksamheter. D\u00e5 hade deltagarna p\u00e5 Brukarkooperativet JAGs dagliga verksamhet JAG-center redan jobbat hemifr\u00e5n i flera veckor. <\/strong><strong>\u00a0<\/strong><\/p>\n<p>Vem hade kunnat tro att deltagarna p\u00e5 LSS-verksamheten JAG-center i Stockholm en dag skulle jobba hemifr\u00e5n, digitalt, p\u00e5 distans? Det var nog inte m\u00e5nga som hade t\u00e4nkt den tanken. Men n\u00e4r corona-krisen slog till p\u00e5 allvar och Folkh\u00e4lsomyndigheten uppmanade m\u00e4nniskor att b\u00f6rja arbeta hemifr\u00e5n f\u00f6r att hindra smittspridning, d\u00e5 blev distansarbete verklighet \u00e4ven f\u00f6r JAG-center.<\/p>\n<p>Nu \u00e4r alla 13 deltagare p\u00e5 JAG-center ig\u00e5ng f\u00f6r fullt och arbetar med olika projekt.<\/p>\n<img decoding=\"async\" aria-describedby=\"caption-attachment-191441\" loading=\"lazy\" class=\"wp-image-191441 size-medium\" src=\"https:\/\/jag-se-dev.azurewebsites.net\/wp-content\/uploads\/sites\/3\/2020\/04\/Sk\u00e4rmdump-300x208.jpg\" alt=\"\" width=\"300\" height=\"208\" \/>\n<p id=\"caption-attachment-191441\" class=\"wp-caption-text\">Deltagare p\u00e5 JAG-center tr\u00e4ffas digitalt i ett Teams-m\u00f6te.<\/p>\n<p>\u2013 Det g\u00e5r \u00f6ver f\u00f6rv\u00e4ntan, s\u00e4ger verksamhetsledare Ann Nilsson. Motivationen att delta i och utf\u00f6ra olika uppdrag och uppgifter \u00e4r j\u00e4ttestor och det ger en fin gemenskap, forts\u00e4tter hon.<\/p>\n<p>Men visst fanns det en utmaning i b\u00f6rjan att f\u00e5 med alla p\u00e5 det digitala arbetss\u00e4ttet.<\/p>\n<p>Ann och arbetsledarna p\u00e5 JAG-center b\u00f6rjade med att g\u00e5 igenom med deltagarna vad de hade f\u00f6r m\u00f6jlighet till digital uppkoppling. Fanns dator, surfplatta eller mobiltelefon med internetuppkoppling ? Hade alla mejladresser eller Facebook-konton? Det g\u00e4llde att hitta en gemensam plattform att m\u00f6tas p\u00e5 som alla hade tillg\u00e5ng till. Dessutom beh\u00f6vde alla skaffa kunskap och l\u00e4ra sig om det nya s\u00e4ttet att arbeta.<\/p>\n<p>Alla deltagare tr\u00e4ffas p\u00e5 digitala m\u00f6ten i programmet Teams och diskuterar arbetsuppgifter och vad var och en ska g\u00f6ra i under veckan. JAG-center har ocks\u00e5 en Facebook-grupp \u201dHemma-jobb\u201d d\u00e4r alla kan dela sina id\u00e9er och arbeten med varann. Det ger gemenskap och hj\u00e4lper till att minska k\u00e4nslan av isolering.<\/p>\n<p>Maria Magnusson som jobbar p\u00e5 JAG-center, har oftast samma assistent p\u00e5 jobbet, Ann-Louise &#8221;Lollo&#8221; Hel\u00e9n, som brukar jobba dagtid vardagar.<\/p>\n<p>F\u00f6r att f\u00e5 n\u00e4rvaro p\u00e5 jobbet nu n\u00e4r hon jobbar hemifr\u00e5n beh\u00f6ver Maria dokumentera och filma vad hon g\u00f6r, helst varje dag.<\/p>\n<p>Maria hade precis b\u00f6rjat med ett projekt om sinnen innan JAG-center st\u00e4ngde. S\u00e5 nu hon har bland annat spelat in olika ljud till det projektet. En annan arbetsuppgift har varit att s\u00e5 fr\u00f6er. Hon har ocks\u00e5 filmat en dans.<\/p>\n<p>F\u00f6rsta veckorna hade Maria dagliga avst\u00e4mningar med sin handledare p\u00e5 JAG-center via h\u00f6gtalartelefon eller facetime. Nu h\u00f6rs de om det \u00e4r n\u00e5got speciellt.<\/p>\n<p>Maria har Teams b\u00e5de p\u00e5 mobilen och ipaden. Hon har haft kroppsfokus, dans och \u201dkvarten\u201d som videom\u00f6te i Teams.<\/p>\n<p>\u2013 Vi har f\u00e5tt l\u00e4ra oss allt eftersom, s\u00e4ger Lollo. Som assistent har jag mer f\u00e5tt vara kreativ. Man utmanar sig sj\u00e4lv, inte minst i den h\u00e4r nya digitala v\u00e4rlden. Jag har en f\u00f6rdel som har jobbat l\u00e4nge hos Maria, och att jag \u00e4r van att assistera Maria p\u00e5 hennes daglig verksamhet.<\/p>\n<p>\u2013 Det nya arbetss\u00e4ttet \u00e4r p\u00e5 olika s\u00e4tt stimulerande f\u00f6r deltagarna men vi ser ocks\u00e5 en enorm gl\u00e4dje och en stolthet hos allas personliga assistenter. Flera har sagt \u201cAha, var det s\u00e5 h\u00e4r l\u00e4tt att arbeta digitalt p\u00e5 distans\u201d, ber\u00e4ttar Ann. Den k\u00e4nslan \u00e4r fantastisk och betydelsefull f\u00f6r deltagarna.<\/p>\n<p>Det som ocks\u00e5 \u00e4r positivt \u00e4r att deltagarna kan anpassa arbetsuppgifterna \u00e4nnu mer till var och ens f\u00f6ruts\u00e4ttningar. Det blir en helt annan flexibilitet i att kunna g\u00f6ra uppgifterna hemifr\u00e5n n\u00e4r en \u00e4r pigg och har ork. Omst\u00e4llningen har ocks\u00e5 \u00f6ppnat upp f\u00f6r nya aktiviteter med framf\u00f6r allt ljud. Till exempel har deltagarna f\u00e5tt i uppgift att lyssna p\u00e5 och spela in de ljud de h\u00f6r utanf\u00f6r sin ytterd\u00f6rr.<\/p>\n<p>\u2013 Vi uppt\u00e4cker nya positiva saker i denna annorlunda v\u00e4rld vi lever i, s\u00e4ger Ann.<\/p>\n<p>Inl\u00e4gget <a rel=\"nofollow\" href=\"https:\/\/jag.se\/opinion\/jag-center-haller-distans\/\">JAG-center h\u00e5ller distans<\/a> d\u00f6k f\u00f6rst upp p\u00e5 <a rel=\"nofollow\" href=\"https:\/\/jag.se\/opinion\">Riksf\u00f6reningen JAG<\/a>.<\/p>\n","protected":false},"excerpt":{"rendered":"<p>I b\u00f6rjan av april st\u00e4ngde Stockholms Stad alla kommunala dagliga verksamheter. D\u00e5 hade deltagarna p\u00e5 Brukarkooperativet JAGs dagliga verksamhet JAG-center redan jobbat hemifr\u00e5n i flera veckor. \u00a0 Vem hade kunnat tro att deltagarna p\u00e5 LSS-verksamheten JAG-center i Stockholm en dag skulle jobba hemifr\u00e5n, digitalt, p\u00e5 distans? Det var nog inte m\u00e5nga som hade t\u00e4nkt den<\/p>\n","protected":false},"author":1,"featured_media":2402,"comment_status":"closed","ping_status":"open","sticky":false,"template":"","format":"standard","meta":{"footnotes":""},"categories":[1],"tags":[],"class_list":["post-2245","post","type-post","status-publish","format-standard","has-post-thumbnail","hentry","category-uncategorized"],"acf":[],"yoast_head":"<!-- This site is optimized with the Yoast SEO plugin v21.3 - https:\/\/yoast.com\/wordpress\/plugins\/seo\/ -->\n<title>JAG-center h\u00e5ller distans - JAG Opinion<\/title>\n<meta name=\"robots\" content=\"index, follow, max-snippet:-1, max-image-preview:large, max-video-preview:-1\" \/>\n<link rel=\"canonical\" href=\"https:\/\/jag.se\/opinion\/jag-center-haller-distans\/\" \/>\n<meta property=\"og:locale\" content=\"sv_SE\" \/>\n<meta property=\"og:type\" content=\"article\" \/>\n<meta property=\"og:title\" content=\"JAG-center h\u00e5ller distans - JAG Opinion\" \/>\n<meta property=\"og:description\" content=\"I b\u00f6rjan av april st\u00e4ngde Stockholms Stad alla kommunala dagliga verksamheter. D\u00e5 hade deltagarna p\u00e5 Brukarkooperativet JAGs dagliga verksamhet JAG-center redan jobbat hemifr\u00e5n i flera veckor. \u00a0 Vem hade kunnat tro att deltagarna p\u00e5 LSS-verksamheten JAG-center i Stockholm en dag skulle jobba hemifr\u00e5n, digitalt, p\u00e5 distans? Det var nog inte m\u00e5nga som hade t\u00e4nkt den\" \/>\n<meta property=\"og:url\" content=\"https:\/\/jag.se\/opinion\/jag-center-haller-distans\/\" \/>\n<meta property=\"og:site_name\" content=\"JAG Opinion\" \/>\n<meta property=\"article:published_time\" content=\"2020-04-30T10:53:59+00:00\" \/>\n<meta property=\"article:modified_time\" content=\"2022-03-18T15:43:20+00:00\" \/>\n<meta property=\"og:image\" content=\"https:\/\/jag.se\/wp-content\/uploads\/sites\/3\/2020\/04\/Maria-hemma-1.jpg\" \/>\n\t<meta property=\"og:image:width\" content=\"1751\" \/>\n\t<meta property=\"og:image:height\" content=\"1057\" \/>\n\t<meta property=\"og:image:type\" content=\"image\/jpeg\" \/>\n<meta name=\"author\" content=\"Alexander Alexandrov\" \/>\n<meta name=\"twitter:card\" content=\"summary_large_image\" \/>\n<meta name=\"twitter:label1\" content=\"Skriven av\" \/>\n\t<meta name=\"twitter:data1\" content=\"Alexander Alexandrov\" \/>\n\t<meta name=\"twitter:label2\" content=\"Ber\u00e4knad l\u00e4stid\" \/>\n\t<meta name=\"twitter:data2\" content=\"3 minuter\" \/>\n<script type=\"application\/ld+json\" class=\"yoast-schema-graph\">{\"@context\":\"https:\/\/schema.org\",\"@graph\":[{\"@type\":\"WebPage\",\"@id\":\"https:\/\/jag.se\/opinion\/jag-center-haller-distans\/\",\"url\":\"https:\/\/jag.se\/opinion\/jag-center-haller-distans\/\",\"name\":\"JAG-center h\u00e5ller distans - JAG Opinion\",\"isPartOf\":{\"@id\":\"https:\/\/jag.se\/opinion\/#website\"},\"datePublished\":\"2020-04-30T10:53:59+00:00\",\"dateModified\":\"2022-03-18T15:43:20+00:00\",\"author\":{\"@id\":\"https:\/\/jag.se\/opinion\/#\/schema\/person\/42ca7c4b556b837c35d83ffe97aa92c0\"},\"breadcrumb\":{\"@id\":\"https:\/\/jag.se\/opinion\/jag-center-haller-distans\/#breadcrumb\"},\"inLanguage\":\"sv-SE\",\"potentialAction\":[{\"@type\":\"ReadAction\",\"target\":[\"https:\/\/jag.se\/opinion\/jag-center-haller-distans\/\"]}]},{\"@type\":\"BreadcrumbList\",\"@id\":\"https:\/\/jag.se\/opinion\/jag-center-haller-distans\/#breadcrumb\",\"itemListElement\":[{\"@type\":\"ListItem\",\"position\":1,\"name\":\"JAG start\",\"item\":\"https:\/\/jag.se\"},{\"@type\":\"ListItem\",\"position\":2,\"name\":\"Riksf\u00f6reningen JAG\",\"item\":\"https:\/\/jag.se\/opinion\/\"},{\"@type\":\"ListItem\",\"position\":3,\"name\":\"JAG-center h\u00e5ller distans\"}]},{\"@type\":\"WebSite\",\"@id\":\"https:\/\/jag.se\/opinion\/#website\",\"url\":\"https:\/\/jag.se\/opinion\/\",\"name\":\"JAG Opinion\",\"description\":\"\",\"potentialAction\":[{\"@type\":\"SearchAction\",\"target\":{\"@type\":\"EntryPoint\",\"urlTemplate\":\"https:\/\/jag.se\/opinion\/?s={search_term_string}\"},\"query-input\":\"required name=search_term_string\"}],\"inLanguage\":\"sv-SE\"},{\"@type\":\"Person\",\"@id\":\"https:\/\/jag.se\/opinion\/#\/schema\/person\/42ca7c4b556b837c35d83ffe97aa92c0\",\"name\":\"Alexander Alexandrov\",\"image\":{\"@type\":\"ImageObject\",\"inLanguage\":\"sv-SE\",\"@id\":\"https:\/\/jag.se\/opinion\/#\/schema\/person\/image\/\",\"url\":\"https:\/\/secure.gravatar.com\/avatar\/39974ed46e3cb66fe6760e4c288a2722aff8b0a328a2802a65dd6f31fe323990?s=96&d=mm&r=g\",\"contentUrl\":\"https:\/\/secure.gravatar.com\/avatar\/39974ed46e3cb66fe6760e4c288a2722aff8b0a328a2802a65dd6f31fe323990?s=96&d=mm&r=g\",\"caption\":\"Alexander Alexandrov\"},\"sameAs\":[\"https:\/\/jag.se\"]}]}<\/script>\n<!-- \/ Yoast SEO plugin. -->","yoast_head_json":{"title":"JAG-center h\u00e5ller distans - JAG Opinion","robots":{"index":"index","follow":"follow","max-snippet":"max-snippet:-1","max-image-preview":"max-image-preview:large","max-video-preview":"max-video-preview:-1"},"canonical":"https:\/\/jag.se\/opinion\/jag-center-haller-distans\/","og_locale":"sv_SE","og_type":"article","og_title":"JAG-center h\u00e5ller distans - JAG Opinion","og_description":"I b\u00f6rjan av april st\u00e4ngde Stockholms Stad alla kommunala dagliga verksamheter. D\u00e5 hade deltagarna p\u00e5 Brukarkooperativet JAGs dagliga verksamhet JAG-center redan jobbat hemifr\u00e5n i flera veckor. \u00a0 Vem hade kunnat tro att deltagarna p\u00e5 LSS-verksamheten JAG-center i Stockholm en dag skulle jobba hemifr\u00e5n, digitalt, p\u00e5 distans? Det var nog inte m\u00e5nga som hade t\u00e4nkt den","og_url":"https:\/\/jag.se\/opinion\/jag-center-haller-distans\/","og_site_name":"JAG Opinion","article_published_time":"2020-04-30T10:53:59+00:00","article_modified_time":"2022-03-18T15:43:20+00:00","og_image":[{"width":1751,"height":1057,"url":"https:\/\/jag.se\/wp-content\/uploads\/sites\/3\/2020\/04\/Maria-hemma-1.jpg","type":"image\/jpeg"}],"author":"Alexander Alexandrov","twitter_card":"summary_large_image","twitter_misc":{"Skriven av":"Alexander Alexandrov","Ber\u00e4knad l\u00e4stid":"3 minuter"},"schema":{"@context":"https:\/\/schema.org","@graph":[{"@type":"WebPage","@id":"https:\/\/jag.se\/opinion\/jag-center-haller-distans\/","url":"https:\/\/jag.se\/opinion\/jag-center-haller-distans\/","name":"JAG-center h\u00e5ller distans - JAG Opinion","isPartOf":{"@id":"https:\/\/jag.se\/opinion\/#website"},"datePublished":"2020-04-30T10:53:59+00:00","dateModified":"2022-03-18T15:43:20+00:00","author":{"@id":"https:\/\/jag.se\/opinion\/#\/schema\/person\/42ca7c4b556b837c35d83ffe97aa92c0"},"breadcrumb":{"@id":"https:\/\/jag.se\/opinion\/jag-center-haller-distans\/#breadcrumb"},"inLanguage":"sv-SE","potentialAction":[{"@type":"ReadAction","target":["https:\/\/jag.se\/opinion\/jag-center-haller-distans\/"]}]},{"@type":"BreadcrumbList","@id":"https:\/\/jag.se\/opinion\/jag-center-haller-distans\/#breadcrumb","itemListElement":[{"@type":"ListItem","position":1,"name":"JAG start","item":"https:\/\/jag.se"},{"@type":"ListItem","position":2,"name":"Riksf\u00f6reningen JAG","item":"https:\/\/jag.se\/opinion\/"},{"@type":"ListItem","position":3,"name":"JAG-center h\u00e5ller distans"}]},{"@type":"WebSite","@id":"https:\/\/jag.se\/opinion\/#website","url":"https:\/\/jag.se\/opinion\/","name":"JAG Opinion","description":"","potentialAction":[{"@type":"SearchAction","target":{"@type":"EntryPoint","urlTemplate":"https:\/\/jag.se\/opinion\/?s={search_term_string}"},"query-input":"required name=search_term_string"}],"inLanguage":"sv-SE"},{"@type":"Person","@id":"https:\/\/jag.se\/opinion\/#\/schema\/person\/42ca7c4b556b837c35d83ffe97aa92c0","name":"Alexander Alexandrov","image":{"@type":"ImageObject","inLanguage":"sv-SE","@id":"https:\/\/jag.se\/opinion\/#\/schema\/person\/image\/","url":"https:\/\/secure.gravatar.com\/avatar\/39974ed46e3cb66fe6760e4c288a2722aff8b0a328a2802a65dd6f31fe323990?s=96&d=mm&r=g","contentUrl":"https:\/\/secure.gravatar.com\/avatar\/39974ed46e3cb66fe6760e4c288a2722aff8b0a328a2802a65dd6f31fe323990?s=96&d=mm&r=g","caption":"Alexander Alexandrov"},"sameAs":["https:\/\/jag.se"]}]}},"_links":{"self":[{"href":"https:\/\/jag.se\/opinion\/wp-json\/wp\/v2\/posts\/2245","targetHints":{"allow":["GET"]}}],"collection":[{"href":"https:\/\/jag.se\/opinion\/wp-json\/wp\/v2\/posts"}],"about":[{"href":"https:\/\/jag.se\/opinion\/wp-json\/wp\/v2\/types\/post"}],"author":[{"embeddable":true,"href":"https:\/\/jag.se\/opinion\/wp-json\/wp\/v2\/users\/1"}],"replies":[{"embeddable":true,"href":"https:\/\/jag.se\/opinion\/wp-json\/wp\/v2\/comments?post=2245"}],"version-history":[{"count":1,"href":"https:\/\/jag.se\/opinion\/wp-json\/wp\/v2\/posts\/2245\/revisions"}],"predecessor-version":[{"id":2403,"href":"https:\/\/jag.se\/opinion\/wp-json\/wp\/v2\/posts\/2245\/revisions\/2403"}],"wp:featuredmedia":[{"embeddable":true,"href":"https:\/\/jag.se\/opinion\/wp-json\/wp\/v2\/media\/2402"}],"wp:attachment":[{"href":"https:\/\/jag.se\/opinion\/wp-json\/wp\/v2\/media?parent=2245"}],"wp:term":[{"taxonomy":"category","embeddable":true,"href":"https:\/\/jag.se\/opinion\/wp-json\/wp\/v2\/categories?post=2245"},{"taxonomy":"post_tag","embeddable":true,"href":"https:\/\/jag.se\/opinion\/wp-json\/wp\/v2\/tags?post=2245"}],"curies":[{"name":"wp","href":"https:\/\/api.w.org\/{rel}","templated":true}]}}