{"id":2246,"date":"2020-04-28T15:44:54","date_gmt":"2020-04-28T15:44:54","guid":{"rendered":"https:\/\/jag.se\/opinion\/att-jobba-som-personlig-assistent-i-coronatider\/"},"modified":"2022-03-18T15:43:17","modified_gmt":"2022-03-18T15:43:17","slug":"att-jobba-som-personlig-assistent-i-coronatider","status":"publish","type":"post","link":"https:\/\/jag.se\/opinion\/att-jobba-som-personlig-assistent-i-coronatider\/","title":{"rendered":"Att jobba som personlig assistent i coronatider"},"content":{"rendered":"<p><strong>Ibland k\u00e4nns det n\u00e4stan som en vanlig dag p\u00e5 jobbet. Men i n\u00e4sta sekund kommer Ann-Louise \u201dLollo\u201d Hel\u00e9n p\u00e5 att inget \u00e4r som vanligt. H\u00e4r ber\u00e4ttar hon om hur det \u00e4r att jobba som personlig assistent den h\u00e4r v\u00e4ldigt speciella v\u00e5ren.<\/strong><\/p>\n<p>\u2013 Det \u00e4r stor skillnad p\u00e5 hur man assisterar i den h\u00e4r situationen. I Marias assistans f\u00f6rs\u00f6ker vi vara kreativa och hitta l\u00f6sningar och ljusglimtar i vardagen. Kanske \u00e5ka p\u00e5 en biltur med Marias f\u00f6r\u00e4ldrar och stanna och fika n\u00e5gonstans utomhus. Maria vill att vi hittar p\u00e5 saker, som att ringa facetime-samtal eller ta en promenad med n\u00e5gon av hennes kompisar och fika p\u00e5 beh\u00f6rigt avst\u00e5nd, s\u00e4ger Ann-Louise \u201dLollo\u201d Hel\u00e9n.<\/p>\n<p>Lollo har jobbat som Maria Magnussons personliga assistent i 20 \u00e5r. Oftast jobbar hon dagtid vardagar. Det inneb\u00e4r att hon brukar assistera Maria p\u00e5 hennes dagliga verksamhet. Men nu \u00e4r DV st\u00e4ngt och Maria jobbar hemifr\u00e5n. Det \u00e4r en situation som \u00e4r ny f\u00f6r alla.<\/p>\n<p>\u2013 Maria har \u00e4nd\u00e5 hittat en vardag som fungerar v\u00e4ldigt bra. Vi assistenter har f\u00e5tt tydliga instruktioner fr\u00e5n Marias pappa som \u00e4r god man och vet vad Maria kan g\u00f6ra och inte. Till exempel s\u00e5 g\u00e5r Maria inte till aff\u00e4ren. Hon best\u00e4ller mat p\u00e5 n\u00e4tet plus att hennes f\u00f6r\u00e4ldrar hj\u00e4lper till att handla, s\u00e4ger Lollo.<\/p>\n<p>Maria har tv\u00e5 nya assistenter som precis hade g\u00e5tt sin introduktion n\u00e4r pandemin br\u00f6t ut.<\/p>\n<p>\u2013 Det \u00e4r lite sv\u00e5rare f\u00f6r dem. De har inte hunnit l\u00e4ra k\u00e4nna Marias kompisar. Det \u00e4r l\u00e4ttare att ringa n\u00e5gon som jag som assistent ocks\u00e5 k\u00e4nner.<\/p>\n<p>Lollo hj\u00e4lper de nya assistenterna s\u00e5 mycket hon kan med \u201dl\u00e4ra k\u00e4nna-biten\u201d.<\/p>\n<p>\u2013 D\u00e4r har jag en stor f\u00f6rdel. Maria och jag k\u00e4nner varandra extremt bra.<\/p>\n<p>Att det \u00e4r annorlunda \u00e4r b\u00e5de positivt och negativt.<\/p>\n<p>\u2013 \u00a0Jag f\u00e5r ta fram nya kreativa sidor som jag inte sett hos mig sj\u00e4lv f\u00f6rut. Och Maria hinner motionera mer nu. Samtidigt kr\u00e4vs det mer av mig som assistent f\u00f6r att Marias vardag ska bli meningsfull.<\/p>\n<p>Lollo har en bra och \u00f6ppen dialog med Marias personliga arbetsledare och gode man som ger trygghet. Men hon k\u00e4nner \u00e4nd\u00e5 en oro.<\/p>\n<p>\u2013 Jag \u00e4r inte s\u00e5 orolig f\u00f6r sj\u00e4lva assisterandet. D\u00e4remot b\u00f6rjar jag tycka att det \u00e4r v\u00e4ldigt jobbigt att \u00e5ka kommunalt till och fr\u00e5n jobbet varje dag. Det \u00e4r tr\u00e5ngt p\u00e5 pendelt\u00e5get, s\u00e4rskilt p\u00e5 eftermiddagarna. Senaste veckan har det exploderat.<\/p>\n<p>Lollo v\u00e4ljer att inte \u00e5ka kollektivt n\u00e4r hon \u00e4r ledig.<\/p>\n<p>\u2013 \u00c4ven om det \u00e4r n\u00e5gra yngre som f\u00e5tt s\u00e4tta livet till \u00e4r jag inte s\u00e5 r\u00e4dd f\u00f6r egen del. Men jag \u00e4r r\u00e4dd f\u00f6r att smitta Maria. Hon har inte n\u00e5gra andningsproblem men kan inte skydda sig p\u00e5 samma s\u00e4tt som andra.<\/p>\n<p>Sen viruset kom har Lollo varit tvungen att vabba en del med sin dotter.<\/p>\n<p>\u2013 Hon m\u00e5ste vara hemma fr\u00e5n skolan bara f\u00f6r att hon \u00e4r lite snorig. Det ger mig d\u00e5ligt samvete. Jag k\u00e4nner ocks\u00e5 efter p\u00e5 ett annat s\u00e4tt nu. \u201dHar jag ont i halsen\u201d? D\u00e5 m\u00e5ste jag vara hemma. Den biten tycker jag \u00e4r sv\u00e5r, att inte veta om jag g\u00f6r r\u00e4tt eller fel. Jag \u00e4r n\u00e4stan aldrig hemma i vanliga fall p\u00e5 grund av f\u00f6rkylning eftersom Maria inte \u00e4r infektionsk\u00e4nslig. Nu m\u00e5ste jag vara hemma f\u00f6r att det kliar i halsen. Det ger mig d\u00e5ligt samvete om Marias f\u00f6r\u00e4ldrar m\u00e5ste hoppa in och jobba ist\u00e4llet f\u00f6r mig.<\/p>\n<p>Lollo har f\u00e5tt allm\u00e4n information fr\u00e5n arbetsgivaren JAG Personlig assistans. Om det \u00e4r n\u00e5got hon undrar \u00f6ver tar hon reda p\u00e5 det.<\/p>\n<p>\u2013 Jag har inte t\u00e4nkt p\u00e5 om jag saknar n\u00e5gon information. Jag har ocks\u00e5 f\u00e5tt s\u00e5 bra st\u00f6d och information fr\u00e5n Marias personliga arbetsledare. Vi har pratat i telefon n\u00e4stan varje dag under den h\u00e4r perioden.<\/p>\n<p>Personliga arbetsledaren har ocks\u00e5 kallat till ett digitalt assistansm\u00f6te med alla assistenter.<\/p>\n<p>\u2013 D\u00e5 kommer hon bland annat g\u00e5 igenom Marias krisplanering. Vi har redan b\u00f6rjat genom att uppdatera informationsp\u00e4rmen, till exempel vad som g\u00e4ller kring mediciner.<\/p>\n<p>Ingen av Marias assistenter anv\u00e4nder n\u00e5gon extra skyddsutrustning som visir eller munskydd.<\/p>\n<p>\u2013 Jag tv\u00e4ttar h\u00e4nderna det f\u00f6rsta jag g\u00f6r n\u00e4r jag kommer hem till Maria. Vi har handsprit ocks\u00e5 men tv\u00e5l och vatten \u00e4r det b\u00e4sta. Hittills har Maria inte haft n\u00e5got mer \u00e4n lite snuva. Jag \u00e4r inte orolig f\u00f6r att hon ska smitta mig om hon nyser.<\/p>\n<p>Lollo \u00e4lskar att g\u00e5 till sitt jobb.<\/p>\n<p>\u2013 Det b\u00e4sta \u00e4r variationen. Och att f\u00e5 jobba med en annan m\u00e4nniska som ger s\u00e5 mycket positivt tillbaka. Maria \u00e4r som en familjemedlem f\u00f6r mig. Det blir mer \u00e4n ett jobb. Som personlig assistent utvecklas man som person. Man l\u00e4r k\u00e4nna nya sidor hos sig sj\u00e4lv och hos varandra.<\/p>\n<p><strong>Hur l\u00e4nge kan du forts\u00e4tta jobba s\u00e5 h\u00e4r?<\/strong><\/p>\n<p>\u2013 S\u00e5 l\u00e4nge som det beh\u00f6vs! F\u00f6rhoppningsvis blir det inte mer \u00e4n n\u00e5gra m\u00e5nader. Pratar vi om ett \u00e5r s\u00e5 blir det tufft. Bara vi inte blir sjuka. Alla runt Maria \u00e4r positiva och vill arbeta. Ingen har backat och sagt att de inte fixar det h\u00e4r.<\/p>\n<p><a href=\"https:\/\/jag-se-dev.azurewebsites.net\/wp-content\/uploads\/sites\/3\/2020\/04\/Lollo-och-Maria-promenad-mindre.jpg\"><img decoding=\"async\" aria-describedby=\"caption-attachment-191420\" loading=\"lazy\" class=\"size-medium wp-image-191420\" src=\"https:\/\/jag-se-dev.azurewebsites.net\/wp-content\/uploads\/sites\/3\/2020\/04\/Lollo-och-Maria-promenad-mindre-300x243.jpg\" alt=\"En kvinna i f\u00f6rgrunden som g\u00e5\u00e5r fram\u00e5t. Bakom henne en kvinna som \u00e4r beredd att st\u00f6tta om det beh\u00f6vs.\" width=\"300\" height=\"243\" \/><\/a><\/p>\n<p id=\"caption-attachment-191420\" class=\"wp-caption-text\">Maria Magnusson med sin personliga assistent Lollo Hel\u00e9n.<\/p>\n<p><em>Det h\u00e4r \u00e4r Ann-Louise \u201dLollo\u201d Hel\u00e9n:<\/em><\/p>\n<p>\u00c5lder: 46 \u00e5r<\/p>\n<p>Familj: Ensamst\u00e5ende med min dotter som g\u00e5r i 3:e klass.<\/p>\n<p>Intressen: Vara ute i naturen. Hitta p\u00e5 saker med min dotter, helst utomhus. Tr\u00e4ffa v\u00e4nner.<\/p>\n<p>Inl\u00e4gget <a rel=\"nofollow\" href=\"https:\/\/jag.se\/opinion\/att-jobba-som-personlig-assistent-i-coronatider\/\">Att jobba som personlig assistent i coronatider<\/a> d\u00f6k f\u00f6rst upp p\u00e5 <a rel=\"nofollow\" href=\"https:\/\/jag.se\/opinion\">Riksf\u00f6reningen JAG<\/a>.<\/p>\n","protected":false},"excerpt":{"rendered":"<p>Ibland k\u00e4nns det n\u00e4stan som en vanlig dag p\u00e5 jobbet. Men i n\u00e4sta sekund kommer Ann-Louise \u201dLollo\u201d Hel\u00e9n p\u00e5 att inget \u00e4r som vanligt. H\u00e4r ber\u00e4ttar hon om hur det \u00e4r att jobba som personlig assistent den h\u00e4r v\u00e4ldigt speciella v\u00e5ren. \u2013 Det \u00e4r stor skillnad p\u00e5 hur man assisterar i den h\u00e4r situationen. I<\/p>\n","protected":false},"author":1,"featured_media":2400,"comment_status":"closed","ping_status":"open","sticky":false,"template":"","format":"standard","meta":{"footnotes":""},"categories":[1],"tags":[],"class_list":["post-2246","post","type-post","status-publish","format-standard","has-post-thumbnail","hentry","category-uncategorized"],"acf":[],"yoast_head":"<!-- This site is optimized with the Yoast SEO plugin v21.3 - https:\/\/yoast.com\/wordpress\/plugins\/seo\/ -->\n<title>Att jobba som personlig assistent i coronatider - JAG Opinion<\/title>\n<meta name=\"robots\" content=\"index, follow, max-snippet:-1, max-image-preview:large, max-video-preview:-1\" \/>\n<link rel=\"canonical\" href=\"https:\/\/jag.se\/opinion\/att-jobba-som-personlig-assistent-i-coronatider\/\" \/>\n<meta property=\"og:locale\" content=\"sv_SE\" \/>\n<meta property=\"og:type\" content=\"article\" \/>\n<meta property=\"og:title\" content=\"Att jobba som personlig assistent i coronatider - JAG Opinion\" \/>\n<meta property=\"og:description\" content=\"Ibland k\u00e4nns det n\u00e4stan som en vanlig dag p\u00e5 jobbet. Men i n\u00e4sta sekund kommer Ann-Louise \u201dLollo\u201d Hel\u00e9n p\u00e5 att inget \u00e4r som vanligt. H\u00e4r ber\u00e4ttar hon om hur det \u00e4r att jobba som personlig assistent den h\u00e4r v\u00e4ldigt speciella v\u00e5ren. \u2013 Det \u00e4r stor skillnad p\u00e5 hur man assisterar i den h\u00e4r situationen. I\" \/>\n<meta property=\"og:url\" content=\"https:\/\/jag.se\/opinion\/att-jobba-som-personlig-assistent-i-coronatider\/\" \/>\n<meta property=\"og:site_name\" content=\"JAG Opinion\" \/>\n<meta property=\"article:published_time\" content=\"2020-04-28T15:44:54+00:00\" \/>\n<meta property=\"article:modified_time\" content=\"2022-03-18T15:43:17+00:00\" \/>\n<meta property=\"og:image\" content=\"https:\/\/jag.se\/wp-content\/uploads\/sites\/3\/2020\/04\/Lollo-och-Maria-beskuren-1.jpg\" \/>\n\t<meta property=\"og:image:width\" content=\"1000\" \/>\n\t<meta property=\"og:image:height\" content=\"789\" \/>\n\t<meta property=\"og:image:type\" content=\"image\/jpeg\" \/>\n<meta name=\"author\" content=\"Alexander Alexandrov\" \/>\n<meta name=\"twitter:card\" content=\"summary_large_image\" \/>\n<meta name=\"twitter:label1\" content=\"Skriven av\" \/>\n\t<meta name=\"twitter:data1\" content=\"Alexander Alexandrov\" \/>\n\t<meta name=\"twitter:label2\" content=\"Ber\u00e4knad l\u00e4stid\" \/>\n\t<meta name=\"twitter:data2\" content=\"5 minuter\" \/>\n<script type=\"application\/ld+json\" class=\"yoast-schema-graph\">{\"@context\":\"https:\/\/schema.org\",\"@graph\":[{\"@type\":\"WebPage\",\"@id\":\"https:\/\/jag.se\/opinion\/att-jobba-som-personlig-assistent-i-coronatider\/\",\"url\":\"https:\/\/jag.se\/opinion\/att-jobba-som-personlig-assistent-i-coronatider\/\",\"name\":\"Att jobba som personlig assistent i coronatider - JAG Opinion\",\"isPartOf\":{\"@id\":\"https:\/\/jag.se\/opinion\/#website\"},\"datePublished\":\"2020-04-28T15:44:54+00:00\",\"dateModified\":\"2022-03-18T15:43:17+00:00\",\"author\":{\"@id\":\"https:\/\/jag.se\/opinion\/#\/schema\/person\/42ca7c4b556b837c35d83ffe97aa92c0\"},\"breadcrumb\":{\"@id\":\"https:\/\/jag.se\/opinion\/att-jobba-som-personlig-assistent-i-coronatider\/#breadcrumb\"},\"inLanguage\":\"sv-SE\",\"potentialAction\":[{\"@type\":\"ReadAction\",\"target\":[\"https:\/\/jag.se\/opinion\/att-jobba-som-personlig-assistent-i-coronatider\/\"]}]},{\"@type\":\"BreadcrumbList\",\"@id\":\"https:\/\/jag.se\/opinion\/att-jobba-som-personlig-assistent-i-coronatider\/#breadcrumb\",\"itemListElement\":[{\"@type\":\"ListItem\",\"position\":1,\"name\":\"JAG start\",\"item\":\"https:\/\/jag.se\"},{\"@type\":\"ListItem\",\"position\":2,\"name\":\"Riksf\u00f6reningen JAG\",\"item\":\"https:\/\/jag.se\/opinion\/\"},{\"@type\":\"ListItem\",\"position\":3,\"name\":\"Att jobba som personlig assistent i coronatider\"}]},{\"@type\":\"WebSite\",\"@id\":\"https:\/\/jag.se\/opinion\/#website\",\"url\":\"https:\/\/jag.se\/opinion\/\",\"name\":\"JAG Opinion\",\"description\":\"\",\"potentialAction\":[{\"@type\":\"SearchAction\",\"target\":{\"@type\":\"EntryPoint\",\"urlTemplate\":\"https:\/\/jag.se\/opinion\/?s={search_term_string}\"},\"query-input\":\"required name=search_term_string\"}],\"inLanguage\":\"sv-SE\"},{\"@type\":\"Person\",\"@id\":\"https:\/\/jag.se\/opinion\/#\/schema\/person\/42ca7c4b556b837c35d83ffe97aa92c0\",\"name\":\"Alexander Alexandrov\",\"image\":{\"@type\":\"ImageObject\",\"inLanguage\":\"sv-SE\",\"@id\":\"https:\/\/jag.se\/opinion\/#\/schema\/person\/image\/\",\"url\":\"https:\/\/secure.gravatar.com\/avatar\/39974ed46e3cb66fe6760e4c288a2722aff8b0a328a2802a65dd6f31fe323990?s=96&d=mm&r=g\",\"contentUrl\":\"https:\/\/secure.gravatar.com\/avatar\/39974ed46e3cb66fe6760e4c288a2722aff8b0a328a2802a65dd6f31fe323990?s=96&d=mm&r=g\",\"caption\":\"Alexander Alexandrov\"},\"sameAs\":[\"https:\/\/jag.se\"]}]}<\/script>\n<!-- \/ Yoast SEO plugin. -->","yoast_head_json":{"title":"Att jobba som personlig assistent i coronatider - JAG Opinion","robots":{"index":"index","follow":"follow","max-snippet":"max-snippet:-1","max-image-preview":"max-image-preview:large","max-video-preview":"max-video-preview:-1"},"canonical":"https:\/\/jag.se\/opinion\/att-jobba-som-personlig-assistent-i-coronatider\/","og_locale":"sv_SE","og_type":"article","og_title":"Att jobba som personlig assistent i coronatider - JAG Opinion","og_description":"Ibland k\u00e4nns det n\u00e4stan som en vanlig dag p\u00e5 jobbet. Men i n\u00e4sta sekund kommer Ann-Louise \u201dLollo\u201d Hel\u00e9n p\u00e5 att inget \u00e4r som vanligt. H\u00e4r ber\u00e4ttar hon om hur det \u00e4r att jobba som personlig assistent den h\u00e4r v\u00e4ldigt speciella v\u00e5ren. \u2013 Det \u00e4r stor skillnad p\u00e5 hur man assisterar i den h\u00e4r situationen. I","og_url":"https:\/\/jag.se\/opinion\/att-jobba-som-personlig-assistent-i-coronatider\/","og_site_name":"JAG Opinion","article_published_time":"2020-04-28T15:44:54+00:00","article_modified_time":"2022-03-18T15:43:17+00:00","og_image":[{"width":1000,"height":789,"url":"https:\/\/jag.se\/wp-content\/uploads\/sites\/3\/2020\/04\/Lollo-och-Maria-beskuren-1.jpg","type":"image\/jpeg"}],"author":"Alexander Alexandrov","twitter_card":"summary_large_image","twitter_misc":{"Skriven av":"Alexander Alexandrov","Ber\u00e4knad l\u00e4stid":"5 minuter"},"schema":{"@context":"https:\/\/schema.org","@graph":[{"@type":"WebPage","@id":"https:\/\/jag.se\/opinion\/att-jobba-som-personlig-assistent-i-coronatider\/","url":"https:\/\/jag.se\/opinion\/att-jobba-som-personlig-assistent-i-coronatider\/","name":"Att jobba som personlig assistent i coronatider - JAG Opinion","isPartOf":{"@id":"https:\/\/jag.se\/opinion\/#website"},"datePublished":"2020-04-28T15:44:54+00:00","dateModified":"2022-03-18T15:43:17+00:00","author":{"@id":"https:\/\/jag.se\/opinion\/#\/schema\/person\/42ca7c4b556b837c35d83ffe97aa92c0"},"breadcrumb":{"@id":"https:\/\/jag.se\/opinion\/att-jobba-som-personlig-assistent-i-coronatider\/#breadcrumb"},"inLanguage":"sv-SE","potentialAction":[{"@type":"ReadAction","target":["https:\/\/jag.se\/opinion\/att-jobba-som-personlig-assistent-i-coronatider\/"]}]},{"@type":"BreadcrumbList","@id":"https:\/\/jag.se\/opinion\/att-jobba-som-personlig-assistent-i-coronatider\/#breadcrumb","itemListElement":[{"@type":"ListItem","position":1,"name":"JAG start","item":"https:\/\/jag.se"},{"@type":"ListItem","position":2,"name":"Riksf\u00f6reningen JAG","item":"https:\/\/jag.se\/opinion\/"},{"@type":"ListItem","position":3,"name":"Att jobba som personlig assistent i coronatider"}]},{"@type":"WebSite","@id":"https:\/\/jag.se\/opinion\/#website","url":"https:\/\/jag.se\/opinion\/","name":"JAG Opinion","description":"","potentialAction":[{"@type":"SearchAction","target":{"@type":"EntryPoint","urlTemplate":"https:\/\/jag.se\/opinion\/?s={search_term_string}"},"query-input":"required name=search_term_string"}],"inLanguage":"sv-SE"},{"@type":"Person","@id":"https:\/\/jag.se\/opinion\/#\/schema\/person\/42ca7c4b556b837c35d83ffe97aa92c0","name":"Alexander Alexandrov","image":{"@type":"ImageObject","inLanguage":"sv-SE","@id":"https:\/\/jag.se\/opinion\/#\/schema\/person\/image\/","url":"https:\/\/secure.gravatar.com\/avatar\/39974ed46e3cb66fe6760e4c288a2722aff8b0a328a2802a65dd6f31fe323990?s=96&d=mm&r=g","contentUrl":"https:\/\/secure.gravatar.com\/avatar\/39974ed46e3cb66fe6760e4c288a2722aff8b0a328a2802a65dd6f31fe323990?s=96&d=mm&r=g","caption":"Alexander Alexandrov"},"sameAs":["https:\/\/jag.se"]}]}},"_links":{"self":[{"href":"https:\/\/jag.se\/opinion\/wp-json\/wp\/v2\/posts\/2246","targetHints":{"allow":["GET"]}}],"collection":[{"href":"https:\/\/jag.se\/opinion\/wp-json\/wp\/v2\/posts"}],"about":[{"href":"https:\/\/jag.se\/opinion\/wp-json\/wp\/v2\/types\/post"}],"author":[{"embeddable":true,"href":"https:\/\/jag.se\/opinion\/wp-json\/wp\/v2\/users\/1"}],"replies":[{"embeddable":true,"href":"https:\/\/jag.se\/opinion\/wp-json\/wp\/v2\/comments?post=2246"}],"version-history":[{"count":2,"href":"https:\/\/jag.se\/opinion\/wp-json\/wp\/v2\/posts\/2246\/revisions"}],"predecessor-version":[{"id":22905,"href":"https:\/\/jag.se\/opinion\/wp-json\/wp\/v2\/posts\/2246\/revisions\/22905"}],"wp:featuredmedia":[{"embeddable":true,"href":"https:\/\/jag.se\/opinion\/wp-json\/wp\/v2\/media\/2400"}],"wp:attachment":[{"href":"https:\/\/jag.se\/opinion\/wp-json\/wp\/v2\/media?parent=2246"}],"wp:term":[{"taxonomy":"category","embeddable":true,"href":"https:\/\/jag.se\/opinion\/wp-json\/wp\/v2\/categories?post=2246"},{"taxonomy":"post_tag","embeddable":true,"href":"https:\/\/jag.se\/opinion\/wp-json\/wp\/v2\/tags?post=2246"}],"curies":[{"name":"wp","href":"https:\/\/api.w.org\/{rel}","templated":true}]}}