{"id":2247,"date":"2020-04-26T10:15:18","date_gmt":"2020-04-26T10:15:18","guid":{"rendered":"https:\/\/jag.se\/opinion\/efter-ambulansfarden-till-sjukhuset-fragade-akutlakaren-om-tims-liv-var-vart-att-radda-nu-ar-foraldrarna-livradda-for-vilka-prioriteringar-som-kommer-att-goras-om-tim-skulle-bli-smittad-av-coronaviru\/"},"modified":"2022-03-18T15:43:17","modified_gmt":"2022-03-18T15:43:17","slug":"efter-ambulansfarden-till-sjukhuset-fragade-akutlakaren-om-tims-liv-var-vart-att-radda-nu-ar-foraldrarna-livradda-for-vilka-prioriteringar-som-kommer-att-goras-om-tim-skulle-bli-smittad-av-coronaviru","status":"publish","type":"post","link":"https:\/\/jag.se\/opinion\/efter-ambulansfarden-till-sjukhuset-fragade-akutlakaren-om-tims-liv-var-vart-att-radda-nu-ar-foraldrarna-livradda-for-vilka-prioriteringar-som-kommer-att-goras-om-tim-skulle-bli-smittad-av-coronaviru\/","title":{"rendered":"Efter ambulansf\u00e4rden till sjukhuset fr\u00e5gade akutl\u00e4karen om Tims liv var v\u00e4rt att r\u00e4dda. Nu \u00e4r f\u00f6r\u00e4ldrarna livr\u00e4dda f\u00f6r vilka prioriteringar som kommer att g\u00f6ras om Tim skulle bli smittad av coronaviruset"},"content":{"rendered":"<p><strong>\u201cDet kommer kr\u00e4vas att det tas tuffa beslut\u201d. I den nya prioriteringsordningen utg\u00e5s det fr\u00e5n att patienter som normalt sett skulle ha f\u00e5tt intensivv\u00e5rd inte kommer att f\u00e5 det.<\/strong><\/p>\n<p>\u2013 Jag k\u00e4nner mig inte trygg. Jag b\u00e4var f\u00f6r att Tim ska beh\u00f6va sjukhusv\u00e5rd med anledning av coronaepidemin och att de kommer g\u00f6ra en prioritering d\u00e4r de bara ser Tims funktionsneds\u00e4ttning. Tim har ju klarat det mesta och \u00e4r otroligt stark. Jag \u00e4r livr\u00e4dd f\u00f6r att han ska hamna i det l\u00e4get d\u00e4r man s\u00e4ger \u201dNej, det finns andra som har b\u00e4ttre nytta av respiratorn\u201d, s\u00e4ger Kristina Almlid, mamma till Tim Sundberg, 16 \u00e5r, som har flera stora funktionsneds\u00e4ttningar.<\/p>\n<p>Kristina Almlid delar sin oro med m\u00e5nga anh\u00f6riga till medlemmar i Riksf\u00f6reningen JAG.<\/p>\n<p>\u2013 Vi \u00e4r i ett j\u00e4ttehemskt l\u00e4ge. N\u00e4r som helst kan man sj\u00e4lv vara den som de vill prioritera bort, beroende p\u00e5 vad som h\u00e4nder i ens liv. T\u00e4nk p\u00e5 alla som k\u00e4mpar \u00e5r ut och \u00e5r in f\u00f6r att f\u00e5 leva. Sen en vacker dag best\u00e4ms det att man inte \u00e4r med p\u00e5 den prioriterade listan. Vi har k\u00e4mpat i 16 \u00e5r f\u00f6r att Tim ska f\u00e5 leva sitt liv. Men just nu \u00e4r det kanske inte n\u00e5got v\u00e4rt.<\/p>\n<p>I b\u00f6rjan av mars, precis innan coronaepidemin lamslog Sverige, blev Tim sjuk. Han hade varit h\u00e4ngig i fyra\u2013fem dagar. Under helgen hade det eskalerat och han fick inte beh\u00e5lla n\u00e5gon mat. Nu f\u00f6rs\u00f6kte f\u00f6r\u00e4ldrarna f\u00e5 kontakt med sjukhuset f\u00f6r att h\u00f6ra om Tim kan f\u00e5 komma in. Men medan de jagar en ansvarig l\u00e4kare f\u00e5r Tim ett epilepsianfall som inte g\u00e5r att bryta.<\/p>\n<p>F\u00f6r\u00e4ldrarna ringde efter ambulans som \u00e4r p\u00e5 plats efter sju minuter.<\/p>\n<p>\u2013 Tim fick j\u00e4ttebra hj\u00e4lp, ambulanssjukv\u00e5rdarna var superproffsiga. De ans\u00e5g att Tim var i behov av akutv\u00e5rd och han fick \u00e5ka in i ambulans, ber\u00e4ttar Kristina.<\/p>\n<p>P\u00e5 30 minuter var de inne p\u00e5 ett akutrum p\u00e5 Nya Karolinska Sjukhuset d\u00e4r ett helt akutteam, varav tv\u00e5 l\u00e4kare, m\u00f6tte upp Tim och f\u00f6r\u00e4ldrarna.<\/p>\n<p>\u2013 De misst\u00e4nker att Tim dragit ner kr\u00e4ks i lungorna. Jag f\u00e5r svara p\u00e5 flera fr\u00e5gor om vad som h\u00e4nt. Tim f\u00e5r den proffsigaste v\u00e5rd man kan f\u00e5 i det h\u00e4r l\u00e4get, s\u00e4ger Kristina.<\/p>\n<p>D\u00e5 tar den ena l\u00e4karen Kristina \u00e5t sidan.<\/p>\n<p>&#8221;Inte f\u00f6r att vi tror att den situationen skulle uppst\u00e5&#8221;, s\u00e4ger l\u00e4karen. &#8221;Men om vi skulle beh\u00f6va g\u00f6ra livsuppeh\u00e5llande \u00e5tg\u00e4rder p\u00e5 Tim, hur st\u00e4ller du dig till det?&#8221;<\/p>\n<p>F\u00f6rst tror Kristina inte att hon h\u00f6r r\u00e4tt.<\/p>\n<p>\u2013 Men det var inte s\u00e5 att jag missf\u00f6rstod. Jag svarade l\u00e4karen att i vanliga fall g\u00e5r Tim i skolan, han har fullt med kompisar som \u00e4lskar honom och som han \u00e4lskar. Han har ett aktivt liv och en familj som \u00e4lskar honom och som han \u00e4lskar. S\u00e5 sj\u00e4lvklart ska han f\u00e5 all hj\u00e4lp som beh\u00f6vs, f\u00f6r han vill leva. Om han skulle hamna i ett l\u00e4ge att han beh\u00f6ver respirator, s\u00e5 ska han sj\u00e4lvklart f\u00e5 det, s\u00e4ger Kristina.<\/p>\n<p>Efter det f\u00e5r Tim den b\u00e4sta v\u00e5rden.<\/p>\n<p>\u2013 Tim fick tiptop-v\u00e5rd och alla tilltalade Tim p\u00e5 ett j\u00e4ttebra s\u00e4tt men om hans lillebror kommit in akut till sjukhuset, hade de st\u00e4llt samma fr\u00e5ga d\u00e5, precis \u00f6ver hans huvud? Det k\u00e4ndes sorgligt. N\u00e4r jag vet hur mycket Tim \u00e4lskar livet och uppskattar livet s\u00e5 blir jag ledsen. Och Nya Karolinska Sjukhuset som ibland k\u00e4nns som v\u00e5rt andra hem och d\u00e4r vi har tillbringat s\u00e5 mycket tid och d\u00e4r Tim alltid har f\u00e5tt den allra b\u00e4sta v\u00e5rden.<\/p>\n<p><a href=\"https:\/\/www.dn.se\/nyheter\/sverige\/det-galler-nar-sjukvarden-tvingas-valja-bort-intensivvardspatienter\/\" target=\"_blank\" rel=\"noopener noreferrer\">L\u00e4nk till intervju i Dagens Nyheter med Lars Sandman, professor i h\u00e4lso- och sjukv\u00e5rdsetik vid Link\u00f6pings universitet, som varit med och tagit fram de nya riktlinjerna.<\/a><\/p>\n<p>Inl\u00e4gget <a rel=\"nofollow\" href=\"https:\/\/jag.se\/opinion\/efter-ambulansfarden-till-sjukhuset-fragade-akutlakaren-om-tims-liv-var-vart-att-radda-nu-ar-foraldrarna-livradda-for-vilka-prioriteringar-som-kommer-att-goras-om-tim-skulle-bli-smittad-av-coronaviru\/\">Efter ambulansf\u00e4rden till sjukhuset fr\u00e5gade akutl\u00e4karen om Tims liv var v\u00e4rt att r\u00e4dda. Nu \u00e4r f\u00f6r\u00e4ldrarna livr\u00e4dda f\u00f6r vilka prioriteringar som kommer att g\u00f6ras om Tim skulle bli smittad av coronaviruset<\/a> d\u00f6k f\u00f6rst upp p\u00e5 <a rel=\"nofollow\" href=\"https:\/\/jag.se\/opinion\">Riksf\u00f6reningen JAG<\/a>.<\/p>\n","protected":false},"excerpt":{"rendered":"<p>\u201cDet kommer kr\u00e4vas att det tas tuffa beslut\u201d. I den nya prioriteringsordningen utg\u00e5s det fr\u00e5n att patienter som normalt sett skulle ha f\u00e5tt intensivv\u00e5rd inte kommer att f\u00e5 det. \u2013 Jag k\u00e4nner mig inte trygg. Jag b\u00e4var f\u00f6r att Tim ska beh\u00f6va sjukhusv\u00e5rd med anledning av coronaepidemin och att de kommer g\u00f6ra en prioritering d\u00e4r<\/p>\n","protected":false},"author":1,"featured_media":2398,"comment_status":"closed","ping_status":"open","sticky":false,"template":"","format":"standard","meta":{"footnotes":""},"categories":[1],"tags":[],"class_list":["post-2247","post","type-post","status-publish","format-standard","has-post-thumbnail","hentry","category-uncategorized"],"acf":[],"yoast_head":"<!-- This site is optimized with the Yoast SEO plugin v21.3 - https:\/\/yoast.com\/wordpress\/plugins\/seo\/ -->\n<title>Efter ambulansf\u00e4rden till sjukhuset fr\u00e5gade akutl\u00e4karen om Tims liv var v\u00e4rt att r\u00e4dda. Nu \u00e4r f\u00f6r\u00e4ldrarna livr\u00e4dda f\u00f6r vilka prioriteringar som kommer att g\u00f6ras om Tim skulle bli smittad av coronaviruset - JAG Opinion<\/title>\n<meta name=\"robots\" content=\"index, follow, max-snippet:-1, max-image-preview:large, max-video-preview:-1\" \/>\n<link rel=\"canonical\" href=\"https:\/\/jag.se\/opinion\/efter-ambulansfarden-till-sjukhuset-fragade-akutlakaren-om-tims-liv-var-vart-att-radda-nu-ar-foraldrarna-livradda-for-vilka-prioriteringar-som-kommer-att-goras-om-tim-skulle-bli-smittad-av-coronaviru\/\" \/>\n<meta property=\"og:locale\" content=\"sv_SE\" \/>\n<meta property=\"og:type\" content=\"article\" \/>\n<meta property=\"og:title\" content=\"Efter ambulansf\u00e4rden till sjukhuset fr\u00e5gade akutl\u00e4karen om Tims liv var v\u00e4rt att r\u00e4dda. Nu \u00e4r f\u00f6r\u00e4ldrarna livr\u00e4dda f\u00f6r vilka prioriteringar som kommer att g\u00f6ras om Tim skulle bli smittad av coronaviruset - JAG Opinion\" \/>\n<meta property=\"og:description\" content=\"\u201cDet kommer kr\u00e4vas att det tas tuffa beslut\u201d. I den nya prioriteringsordningen utg\u00e5s det fr\u00e5n att patienter som normalt sett skulle ha f\u00e5tt intensivv\u00e5rd inte kommer att f\u00e5 det. \u2013 Jag k\u00e4nner mig inte trygg. Jag b\u00e4var f\u00f6r att Tim ska beh\u00f6va sjukhusv\u00e5rd med anledning av coronaepidemin och att de kommer g\u00f6ra en prioritering d\u00e4r\" \/>\n<meta property=\"og:url\" content=\"https:\/\/jag.se\/opinion\/efter-ambulansfarden-till-sjukhuset-fragade-akutlakaren-om-tims-liv-var-vart-att-radda-nu-ar-foraldrarna-livradda-for-vilka-prioriteringar-som-kommer-att-goras-om-tim-skulle-bli-smittad-av-coronaviru\/\" \/>\n<meta property=\"og:site_name\" content=\"JAG Opinion\" \/>\n<meta property=\"article:published_time\" content=\"2020-04-26T10:15:18+00:00\" \/>\n<meta property=\"article:modified_time\" content=\"2022-03-18T15:43:17+00:00\" \/>\n<meta property=\"og:image\" content=\"https:\/\/jag.se\/wp-content\/uploads\/sites\/3\/2020\/04\/Tim-S-till-artikel-e1587905033189-1.jpg\" \/>\n\t<meta property=\"og:image:width\" content=\"815\" \/>\n\t<meta property=\"og:image:height\" content=\"959\" \/>\n\t<meta property=\"og:image:type\" content=\"image\/jpeg\" \/>\n<meta name=\"author\" content=\"Alexander Alexandrov\" \/>\n<meta name=\"twitter:card\" content=\"summary_large_image\" \/>\n<meta name=\"twitter:label1\" content=\"Skriven av\" \/>\n\t<meta name=\"twitter:data1\" content=\"Alexander Alexandrov\" \/>\n\t<meta name=\"twitter:label2\" content=\"Ber\u00e4knad l\u00e4stid\" \/>\n\t<meta name=\"twitter:data2\" content=\"4 minuter\" \/>\n<script type=\"application\/ld+json\" class=\"yoast-schema-graph\">{\"@context\":\"https:\/\/schema.org\",\"@graph\":[{\"@type\":\"WebPage\",\"@id\":\"https:\/\/jag.se\/opinion\/efter-ambulansfarden-till-sjukhuset-fragade-akutlakaren-om-tims-liv-var-vart-att-radda-nu-ar-foraldrarna-livradda-for-vilka-prioriteringar-som-kommer-att-goras-om-tim-skulle-bli-smittad-av-coronaviru\/\",\"url\":\"https:\/\/jag.se\/opinion\/efter-ambulansfarden-till-sjukhuset-fragade-akutlakaren-om-tims-liv-var-vart-att-radda-nu-ar-foraldrarna-livradda-for-vilka-prioriteringar-som-kommer-att-goras-om-tim-skulle-bli-smittad-av-coronaviru\/\",\"name\":\"Efter ambulansf\u00e4rden till sjukhuset fr\u00e5gade akutl\u00e4karen om Tims liv var v\u00e4rt att r\u00e4dda. Nu \u00e4r f\u00f6r\u00e4ldrarna livr\u00e4dda f\u00f6r vilka prioriteringar som kommer att g\u00f6ras om Tim skulle bli smittad av coronaviruset - JAG Opinion\",\"isPartOf\":{\"@id\":\"https:\/\/jag.se\/opinion\/#website\"},\"datePublished\":\"2020-04-26T10:15:18+00:00\",\"dateModified\":\"2022-03-18T15:43:17+00:00\",\"author\":{\"@id\":\"https:\/\/jag.se\/opinion\/#\/schema\/person\/42ca7c4b556b837c35d83ffe97aa92c0\"},\"breadcrumb\":{\"@id\":\"https:\/\/jag.se\/opinion\/efter-ambulansfarden-till-sjukhuset-fragade-akutlakaren-om-tims-liv-var-vart-att-radda-nu-ar-foraldrarna-livradda-for-vilka-prioriteringar-som-kommer-att-goras-om-tim-skulle-bli-smittad-av-coronaviru\/#breadcrumb\"},\"inLanguage\":\"sv-SE\",\"potentialAction\":[{\"@type\":\"ReadAction\",\"target\":[\"https:\/\/jag.se\/opinion\/efter-ambulansfarden-till-sjukhuset-fragade-akutlakaren-om-tims-liv-var-vart-att-radda-nu-ar-foraldrarna-livradda-for-vilka-prioriteringar-som-kommer-att-goras-om-tim-skulle-bli-smittad-av-coronaviru\/\"]}]},{\"@type\":\"BreadcrumbList\",\"@id\":\"https:\/\/jag.se\/opinion\/efter-ambulansfarden-till-sjukhuset-fragade-akutlakaren-om-tims-liv-var-vart-att-radda-nu-ar-foraldrarna-livradda-for-vilka-prioriteringar-som-kommer-att-goras-om-tim-skulle-bli-smittad-av-coronaviru\/#breadcrumb\",\"itemListElement\":[{\"@type\":\"ListItem\",\"position\":1,\"name\":\"JAG start\",\"item\":\"https:\/\/jag.se\"},{\"@type\":\"ListItem\",\"position\":2,\"name\":\"Riksf\u00f6reningen JAG\",\"item\":\"https:\/\/jag.se\/opinion\/\"},{\"@type\":\"ListItem\",\"position\":3,\"name\":\"Efter ambulansf\u00e4rden till sjukhuset fr\u00e5gade akutl\u00e4karen om Tims liv var v\u00e4rt att r\u00e4dda. Nu \u00e4r f\u00f6r\u00e4ldrarna livr\u00e4dda f\u00f6r vilka prioriteringar som kommer att g\u00f6ras om Tim skulle bli smittad av coronaviruset\"}]},{\"@type\":\"WebSite\",\"@id\":\"https:\/\/jag.se\/opinion\/#website\",\"url\":\"https:\/\/jag.se\/opinion\/\",\"name\":\"JAG Opinion\",\"description\":\"\",\"potentialAction\":[{\"@type\":\"SearchAction\",\"target\":{\"@type\":\"EntryPoint\",\"urlTemplate\":\"https:\/\/jag.se\/opinion\/?s={search_term_string}\"},\"query-input\":\"required name=search_term_string\"}],\"inLanguage\":\"sv-SE\"},{\"@type\":\"Person\",\"@id\":\"https:\/\/jag.se\/opinion\/#\/schema\/person\/42ca7c4b556b837c35d83ffe97aa92c0\",\"name\":\"Alexander Alexandrov\",\"image\":{\"@type\":\"ImageObject\",\"inLanguage\":\"sv-SE\",\"@id\":\"https:\/\/jag.se\/opinion\/#\/schema\/person\/image\/\",\"url\":\"https:\/\/secure.gravatar.com\/avatar\/39974ed46e3cb66fe6760e4c288a2722aff8b0a328a2802a65dd6f31fe323990?s=96&d=mm&r=g\",\"contentUrl\":\"https:\/\/secure.gravatar.com\/avatar\/39974ed46e3cb66fe6760e4c288a2722aff8b0a328a2802a65dd6f31fe323990?s=96&d=mm&r=g\",\"caption\":\"Alexander Alexandrov\"},\"sameAs\":[\"https:\/\/jag.se\"]}]}<\/script>\n<!-- \/ Yoast SEO plugin. -->","yoast_head_json":{"title":"Efter ambulansf\u00e4rden till sjukhuset fr\u00e5gade akutl\u00e4karen om Tims liv var v\u00e4rt att r\u00e4dda. Nu \u00e4r f\u00f6r\u00e4ldrarna livr\u00e4dda f\u00f6r vilka prioriteringar som kommer att g\u00f6ras om Tim skulle bli smittad av coronaviruset - JAG Opinion","robots":{"index":"index","follow":"follow","max-snippet":"max-snippet:-1","max-image-preview":"max-image-preview:large","max-video-preview":"max-video-preview:-1"},"canonical":"https:\/\/jag.se\/opinion\/efter-ambulansfarden-till-sjukhuset-fragade-akutlakaren-om-tims-liv-var-vart-att-radda-nu-ar-foraldrarna-livradda-for-vilka-prioriteringar-som-kommer-att-goras-om-tim-skulle-bli-smittad-av-coronaviru\/","og_locale":"sv_SE","og_type":"article","og_title":"Efter ambulansf\u00e4rden till sjukhuset fr\u00e5gade akutl\u00e4karen om Tims liv var v\u00e4rt att r\u00e4dda. Nu \u00e4r f\u00f6r\u00e4ldrarna livr\u00e4dda f\u00f6r vilka prioriteringar som kommer att g\u00f6ras om Tim skulle bli smittad av coronaviruset - JAG Opinion","og_description":"\u201cDet kommer kr\u00e4vas att det tas tuffa beslut\u201d. I den nya prioriteringsordningen utg\u00e5s det fr\u00e5n att patienter som normalt sett skulle ha f\u00e5tt intensivv\u00e5rd inte kommer att f\u00e5 det. \u2013 Jag k\u00e4nner mig inte trygg. Jag b\u00e4var f\u00f6r att Tim ska beh\u00f6va sjukhusv\u00e5rd med anledning av coronaepidemin och att de kommer g\u00f6ra en prioritering d\u00e4r","og_url":"https:\/\/jag.se\/opinion\/efter-ambulansfarden-till-sjukhuset-fragade-akutlakaren-om-tims-liv-var-vart-att-radda-nu-ar-foraldrarna-livradda-for-vilka-prioriteringar-som-kommer-att-goras-om-tim-skulle-bli-smittad-av-coronaviru\/","og_site_name":"JAG Opinion","article_published_time":"2020-04-26T10:15:18+00:00","article_modified_time":"2022-03-18T15:43:17+00:00","og_image":[{"width":815,"height":959,"url":"https:\/\/jag.se\/wp-content\/uploads\/sites\/3\/2020\/04\/Tim-S-till-artikel-e1587905033189-1.jpg","type":"image\/jpeg"}],"author":"Alexander Alexandrov","twitter_card":"summary_large_image","twitter_misc":{"Skriven av":"Alexander Alexandrov","Ber\u00e4knad l\u00e4stid":"4 minuter"},"schema":{"@context":"https:\/\/schema.org","@graph":[{"@type":"WebPage","@id":"https:\/\/jag.se\/opinion\/efter-ambulansfarden-till-sjukhuset-fragade-akutlakaren-om-tims-liv-var-vart-att-radda-nu-ar-foraldrarna-livradda-for-vilka-prioriteringar-som-kommer-att-goras-om-tim-skulle-bli-smittad-av-coronaviru\/","url":"https:\/\/jag.se\/opinion\/efter-ambulansfarden-till-sjukhuset-fragade-akutlakaren-om-tims-liv-var-vart-att-radda-nu-ar-foraldrarna-livradda-for-vilka-prioriteringar-som-kommer-att-goras-om-tim-skulle-bli-smittad-av-coronaviru\/","name":"Efter ambulansf\u00e4rden till sjukhuset fr\u00e5gade akutl\u00e4karen om Tims liv var v\u00e4rt att r\u00e4dda. Nu \u00e4r f\u00f6r\u00e4ldrarna livr\u00e4dda f\u00f6r vilka prioriteringar som kommer att g\u00f6ras om Tim skulle bli smittad av coronaviruset - JAG Opinion","isPartOf":{"@id":"https:\/\/jag.se\/opinion\/#website"},"datePublished":"2020-04-26T10:15:18+00:00","dateModified":"2022-03-18T15:43:17+00:00","author":{"@id":"https:\/\/jag.se\/opinion\/#\/schema\/person\/42ca7c4b556b837c35d83ffe97aa92c0"},"breadcrumb":{"@id":"https:\/\/jag.se\/opinion\/efter-ambulansfarden-till-sjukhuset-fragade-akutlakaren-om-tims-liv-var-vart-att-radda-nu-ar-foraldrarna-livradda-for-vilka-prioriteringar-som-kommer-att-goras-om-tim-skulle-bli-smittad-av-coronaviru\/#breadcrumb"},"inLanguage":"sv-SE","potentialAction":[{"@type":"ReadAction","target":["https:\/\/jag.se\/opinion\/efter-ambulansfarden-till-sjukhuset-fragade-akutlakaren-om-tims-liv-var-vart-att-radda-nu-ar-foraldrarna-livradda-for-vilka-prioriteringar-som-kommer-att-goras-om-tim-skulle-bli-smittad-av-coronaviru\/"]}]},{"@type":"BreadcrumbList","@id":"https:\/\/jag.se\/opinion\/efter-ambulansfarden-till-sjukhuset-fragade-akutlakaren-om-tims-liv-var-vart-att-radda-nu-ar-foraldrarna-livradda-for-vilka-prioriteringar-som-kommer-att-goras-om-tim-skulle-bli-smittad-av-coronaviru\/#breadcrumb","itemListElement":[{"@type":"ListItem","position":1,"name":"JAG start","item":"https:\/\/jag.se"},{"@type":"ListItem","position":2,"name":"Riksf\u00f6reningen JAG","item":"https:\/\/jag.se\/opinion\/"},{"@type":"ListItem","position":3,"name":"Efter ambulansf\u00e4rden till sjukhuset fr\u00e5gade akutl\u00e4karen om Tims liv var v\u00e4rt att r\u00e4dda. Nu \u00e4r f\u00f6r\u00e4ldrarna livr\u00e4dda f\u00f6r vilka prioriteringar som kommer att g\u00f6ras om Tim skulle bli smittad av coronaviruset"}]},{"@type":"WebSite","@id":"https:\/\/jag.se\/opinion\/#website","url":"https:\/\/jag.se\/opinion\/","name":"JAG Opinion","description":"","potentialAction":[{"@type":"SearchAction","target":{"@type":"EntryPoint","urlTemplate":"https:\/\/jag.se\/opinion\/?s={search_term_string}"},"query-input":"required name=search_term_string"}],"inLanguage":"sv-SE"},{"@type":"Person","@id":"https:\/\/jag.se\/opinion\/#\/schema\/person\/42ca7c4b556b837c35d83ffe97aa92c0","name":"Alexander Alexandrov","image":{"@type":"ImageObject","inLanguage":"sv-SE","@id":"https:\/\/jag.se\/opinion\/#\/schema\/person\/image\/","url":"https:\/\/secure.gravatar.com\/avatar\/39974ed46e3cb66fe6760e4c288a2722aff8b0a328a2802a65dd6f31fe323990?s=96&d=mm&r=g","contentUrl":"https:\/\/secure.gravatar.com\/avatar\/39974ed46e3cb66fe6760e4c288a2722aff8b0a328a2802a65dd6f31fe323990?s=96&d=mm&r=g","caption":"Alexander Alexandrov"},"sameAs":["https:\/\/jag.se"]}]}},"_links":{"self":[{"href":"https:\/\/jag.se\/opinion\/wp-json\/wp\/v2\/posts\/2247","targetHints":{"allow":["GET"]}}],"collection":[{"href":"https:\/\/jag.se\/opinion\/wp-json\/wp\/v2\/posts"}],"about":[{"href":"https:\/\/jag.se\/opinion\/wp-json\/wp\/v2\/types\/post"}],"author":[{"embeddable":true,"href":"https:\/\/jag.se\/opinion\/wp-json\/wp\/v2\/users\/1"}],"replies":[{"embeddable":true,"href":"https:\/\/jag.se\/opinion\/wp-json\/wp\/v2\/comments?post=2247"}],"version-history":[{"count":1,"href":"https:\/\/jag.se\/opinion\/wp-json\/wp\/v2\/posts\/2247\/revisions"}],"predecessor-version":[{"id":2399,"href":"https:\/\/jag.se\/opinion\/wp-json\/wp\/v2\/posts\/2247\/revisions\/2399"}],"wp:featuredmedia":[{"embeddable":true,"href":"https:\/\/jag.se\/opinion\/wp-json\/wp\/v2\/media\/2398"}],"wp:attachment":[{"href":"https:\/\/jag.se\/opinion\/wp-json\/wp\/v2\/media?parent=2247"}],"wp:term":[{"taxonomy":"category","embeddable":true,"href":"https:\/\/jag.se\/opinion\/wp-json\/wp\/v2\/categories?post=2247"},{"taxonomy":"post_tag","embeddable":true,"href":"https:\/\/jag.se\/opinion\/wp-json\/wp\/v2\/tags?post=2247"}],"curies":[{"name":"wp","href":"https:\/\/api.w.org\/{rel}","templated":true}]}}