{"id":2248,"date":"2020-03-27T10:34:09","date_gmt":"2020-03-27T10:34:09","guid":{"rendered":"https:\/\/jag.se\/opinion\/isolering-helt-omojligt-for-oss-med-assistans\/"},"modified":"2022-03-18T15:43:15","modified_gmt":"2022-03-18T15:43:15","slug":"isolering-helt-omojligt-for-oss-med-assistans","status":"publish","type":"post","link":"https:\/\/jag.se\/opinion\/isolering-helt-omojligt-for-oss-med-assistans\/","title":{"rendered":"\u201dIsolering helt om\u00f6jligt f\u00f6r oss med assistans\u201d"},"content":{"rendered":"<p class=\"c-heading-a -serif\">Debattartikel fr\u00e5n Brukarkooperativet JAG i Dagens Samh\u00e4lle, st\u00e4ller fr\u00e5gor till Sveriges myndigheter. Hur ska vi som \u00e4r beroende av personlig assistans skydda oss och v\u00e5ra assistenter fr\u00e5n smitta och hur ska vi g\u00f6ra om vi eller de blir sjuka? Kommer vi med sv\u00e5ra funktionsneds\u00e4ttningar ens att kunna r\u00e4kna med hj\u00e4lp fr\u00e5n sjukv\u00e5rden i ett krisl\u00e4ge?<\/p>\n<p><a href=\"https:\/\/dagenssamhalle.se\/debatt\/isolering-helt-omojligt-oss-med-assistans-32051\">H\u00e4r kan du l\u00e4sa Brukarkooperativet JAGs debattartikel i Dagens Samh\u00e4lle.<\/a><\/p>\n<p>Inl\u00e4gget <a rel=\"nofollow\" href=\"https:\/\/jag.se\/opinion\/isolering-helt-omojligt-for-oss-med-assistans\/\">\u201dIsolering helt om\u00f6jligt f\u00f6r oss med assistans\u201d<\/a> d\u00f6k f\u00f6rst upp p\u00e5 <a rel=\"nofollow\" href=\"https:\/\/jag.se\/opinion\">Riksf\u00f6reningen JAG<\/a>.<\/p>\n","protected":false},"excerpt":{"rendered":"<p>Debattartikel fr\u00e5n Brukarkooperativet JAG i Dagens Samh\u00e4lle, st\u00e4ller fr\u00e5gor till Sveriges myndigheter. Hur ska vi som \u00e4r beroende av personlig assistans skydda oss och v\u00e5ra assistenter fr\u00e5n smitta och hur ska vi g\u00f6ra om vi eller de blir sjuka? Kommer vi med sv\u00e5ra funktionsneds\u00e4ttningar ens att kunna r\u00e4kna med hj\u00e4lp fr\u00e5n sjukv\u00e5rden i ett krisl\u00e4ge?<\/p>\n","protected":false},"author":1,"featured_media":2396,"comment_status":"closed","ping_status":"open","sticky":false,"template":"","format":"standard","meta":{"footnotes":""},"categories":[1],"tags":[],"class_list":["post-2248","post","type-post","status-publish","format-standard","has-post-thumbnail","hentry","category-uncategorized"],"acf":[],"yoast_head":"<!-- This site is optimized with the Yoast SEO plugin v21.3 - https:\/\/yoast.com\/wordpress\/plugins\/seo\/ -->\n<title>\u201dIsolering helt om\u00f6jligt f\u00f6r oss med assistans\u201d - JAG Opinion<\/title>\n<meta name=\"robots\" content=\"index, follow, max-snippet:-1, max-image-preview:large, max-video-preview:-1\" \/>\n<link rel=\"canonical\" href=\"https:\/\/jag.se\/opinion\/isolering-helt-omojligt-for-oss-med-assistans\/\" \/>\n<meta property=\"og:locale\" content=\"sv_SE\" \/>\n<meta property=\"og:type\" content=\"article\" \/>\n<meta property=\"og:title\" content=\"\u201dIsolering helt om\u00f6jligt f\u00f6r oss med assistans\u201d - JAG Opinion\" \/>\n<meta property=\"og:description\" content=\"Debattartikel fr\u00e5n Brukarkooperativet JAG i Dagens Samh\u00e4lle, st\u00e4ller fr\u00e5gor till Sveriges myndigheter. Hur ska vi som \u00e4r beroende av personlig assistans skydda oss och v\u00e5ra assistenter fr\u00e5n smitta och hur ska vi g\u00f6ra om vi eller de blir sjuka? Kommer vi med sv\u00e5ra funktionsneds\u00e4ttningar ens att kunna r\u00e4kna med hj\u00e4lp fr\u00e5n sjukv\u00e5rden i ett krisl\u00e4ge?\" \/>\n<meta property=\"og:url\" content=\"https:\/\/jag.se\/opinion\/isolering-helt-omojligt-for-oss-med-assistans\/\" \/>\n<meta property=\"og:site_name\" content=\"JAG Opinion\" \/>\n<meta property=\"article:published_time\" content=\"2020-03-27T10:34:09+00:00\" \/>\n<meta property=\"article:modified_time\" content=\"2022-03-18T15:43:15+00:00\" \/>\n<meta property=\"og:image\" content=\"https:\/\/jag.se\/wp-content\/uploads\/sites\/3\/2020\/03\/deltagare-JAG_foto-linnea-bengtsson-2041-1.jpg\" \/>\n\t<meta property=\"og:image:width\" content=\"800\" \/>\n\t<meta property=\"og:image:height\" content=\"534\" \/>\n\t<meta property=\"og:image:type\" content=\"image\/jpeg\" \/>\n<meta name=\"author\" content=\"Alexander Alexandrov\" \/>\n<meta name=\"twitter:card\" content=\"summary_large_image\" \/>\n<meta name=\"twitter:label1\" content=\"Skriven av\" \/>\n\t<meta name=\"twitter:data1\" content=\"Alexander Alexandrov\" \/>\n\t<meta name=\"twitter:label2\" content=\"Ber\u00e4knad l\u00e4stid\" \/>\n\t<meta name=\"twitter:data2\" content=\"1 minut\" \/>\n<script type=\"application\/ld+json\" class=\"yoast-schema-graph\">{\"@context\":\"https:\/\/schema.org\",\"@graph\":[{\"@type\":\"WebPage\",\"@id\":\"https:\/\/jag.se\/opinion\/isolering-helt-omojligt-for-oss-med-assistans\/\",\"url\":\"https:\/\/jag.se\/opinion\/isolering-helt-omojligt-for-oss-med-assistans\/\",\"name\":\"\u201dIsolering helt om\u00f6jligt f\u00f6r oss med assistans\u201d - JAG Opinion\",\"isPartOf\":{\"@id\":\"https:\/\/jag.se\/opinion\/#website\"},\"datePublished\":\"2020-03-27T10:34:09+00:00\",\"dateModified\":\"2022-03-18T15:43:15+00:00\",\"author\":{\"@id\":\"https:\/\/jag.se\/opinion\/#\/schema\/person\/42ca7c4b556b837c35d83ffe97aa92c0\"},\"breadcrumb\":{\"@id\":\"https:\/\/jag.se\/opinion\/isolering-helt-omojligt-for-oss-med-assistans\/#breadcrumb\"},\"inLanguage\":\"sv-SE\",\"potentialAction\":[{\"@type\":\"ReadAction\",\"target\":[\"https:\/\/jag.se\/opinion\/isolering-helt-omojligt-for-oss-med-assistans\/\"]}]},{\"@type\":\"BreadcrumbList\",\"@id\":\"https:\/\/jag.se\/opinion\/isolering-helt-omojligt-for-oss-med-assistans\/#breadcrumb\",\"itemListElement\":[{\"@type\":\"ListItem\",\"position\":1,\"name\":\"JAG start\",\"item\":\"https:\/\/jag.se\"},{\"@type\":\"ListItem\",\"position\":2,\"name\":\"Riksf\u00f6reningen JAG\",\"item\":\"https:\/\/jag.se\/opinion\/\"},{\"@type\":\"ListItem\",\"position\":3,\"name\":\"\u201dIsolering helt om\u00f6jligt f\u00f6r oss med assistans\u201d\"}]},{\"@type\":\"WebSite\",\"@id\":\"https:\/\/jag.se\/opinion\/#website\",\"url\":\"https:\/\/jag.se\/opinion\/\",\"name\":\"JAG Opinion\",\"description\":\"\",\"potentialAction\":[{\"@type\":\"SearchAction\",\"target\":{\"@type\":\"EntryPoint\",\"urlTemplate\":\"https:\/\/jag.se\/opinion\/?s={search_term_string}\"},\"query-input\":\"required name=search_term_string\"}],\"inLanguage\":\"sv-SE\"},{\"@type\":\"Person\",\"@id\":\"https:\/\/jag.se\/opinion\/#\/schema\/person\/42ca7c4b556b837c35d83ffe97aa92c0\",\"name\":\"Alexander Alexandrov\",\"image\":{\"@type\":\"ImageObject\",\"inLanguage\":\"sv-SE\",\"@id\":\"https:\/\/jag.se\/opinion\/#\/schema\/person\/image\/\",\"url\":\"https:\/\/secure.gravatar.com\/avatar\/39974ed46e3cb66fe6760e4c288a2722aff8b0a328a2802a65dd6f31fe323990?s=96&d=mm&r=g\",\"contentUrl\":\"https:\/\/secure.gravatar.com\/avatar\/39974ed46e3cb66fe6760e4c288a2722aff8b0a328a2802a65dd6f31fe323990?s=96&d=mm&r=g\",\"caption\":\"Alexander Alexandrov\"},\"sameAs\":[\"https:\/\/jag.se\"]}]}<\/script>\n<!-- \/ Yoast SEO plugin. -->","yoast_head_json":{"title":"\u201dIsolering helt om\u00f6jligt f\u00f6r oss med assistans\u201d - JAG Opinion","robots":{"index":"index","follow":"follow","max-snippet":"max-snippet:-1","max-image-preview":"max-image-preview:large","max-video-preview":"max-video-preview:-1"},"canonical":"https:\/\/jag.se\/opinion\/isolering-helt-omojligt-for-oss-med-assistans\/","og_locale":"sv_SE","og_type":"article","og_title":"\u201dIsolering helt om\u00f6jligt f\u00f6r oss med assistans\u201d - JAG Opinion","og_description":"Debattartikel fr\u00e5n Brukarkooperativet JAG i Dagens Samh\u00e4lle, st\u00e4ller fr\u00e5gor till Sveriges myndigheter. Hur ska vi som \u00e4r beroende av personlig assistans skydda oss och v\u00e5ra assistenter fr\u00e5n smitta och hur ska vi g\u00f6ra om vi eller de blir sjuka? Kommer vi med sv\u00e5ra funktionsneds\u00e4ttningar ens att kunna r\u00e4kna med hj\u00e4lp fr\u00e5n sjukv\u00e5rden i ett krisl\u00e4ge?","og_url":"https:\/\/jag.se\/opinion\/isolering-helt-omojligt-for-oss-med-assistans\/","og_site_name":"JAG Opinion","article_published_time":"2020-03-27T10:34:09+00:00","article_modified_time":"2022-03-18T15:43:15+00:00","og_image":[{"width":800,"height":534,"url":"https:\/\/jag.se\/wp-content\/uploads\/sites\/3\/2020\/03\/deltagare-JAG_foto-linnea-bengtsson-2041-1.jpg","type":"image\/jpeg"}],"author":"Alexander Alexandrov","twitter_card":"summary_large_image","twitter_misc":{"Skriven av":"Alexander Alexandrov","Ber\u00e4knad l\u00e4stid":"1 minut"},"schema":{"@context":"https:\/\/schema.org","@graph":[{"@type":"WebPage","@id":"https:\/\/jag.se\/opinion\/isolering-helt-omojligt-for-oss-med-assistans\/","url":"https:\/\/jag.se\/opinion\/isolering-helt-omojligt-for-oss-med-assistans\/","name":"\u201dIsolering helt om\u00f6jligt f\u00f6r oss med assistans\u201d - JAG Opinion","isPartOf":{"@id":"https:\/\/jag.se\/opinion\/#website"},"datePublished":"2020-03-27T10:34:09+00:00","dateModified":"2022-03-18T15:43:15+00:00","author":{"@id":"https:\/\/jag.se\/opinion\/#\/schema\/person\/42ca7c4b556b837c35d83ffe97aa92c0"},"breadcrumb":{"@id":"https:\/\/jag.se\/opinion\/isolering-helt-omojligt-for-oss-med-assistans\/#breadcrumb"},"inLanguage":"sv-SE","potentialAction":[{"@type":"ReadAction","target":["https:\/\/jag.se\/opinion\/isolering-helt-omojligt-for-oss-med-assistans\/"]}]},{"@type":"BreadcrumbList","@id":"https:\/\/jag.se\/opinion\/isolering-helt-omojligt-for-oss-med-assistans\/#breadcrumb","itemListElement":[{"@type":"ListItem","position":1,"name":"JAG start","item":"https:\/\/jag.se"},{"@type":"ListItem","position":2,"name":"Riksf\u00f6reningen JAG","item":"https:\/\/jag.se\/opinion\/"},{"@type":"ListItem","position":3,"name":"\u201dIsolering helt om\u00f6jligt f\u00f6r oss med assistans\u201d"}]},{"@type":"WebSite","@id":"https:\/\/jag.se\/opinion\/#website","url":"https:\/\/jag.se\/opinion\/","name":"JAG Opinion","description":"","potentialAction":[{"@type":"SearchAction","target":{"@type":"EntryPoint","urlTemplate":"https:\/\/jag.se\/opinion\/?s={search_term_string}"},"query-input":"required name=search_term_string"}],"inLanguage":"sv-SE"},{"@type":"Person","@id":"https:\/\/jag.se\/opinion\/#\/schema\/person\/42ca7c4b556b837c35d83ffe97aa92c0","name":"Alexander Alexandrov","image":{"@type":"ImageObject","inLanguage":"sv-SE","@id":"https:\/\/jag.se\/opinion\/#\/schema\/person\/image\/","url":"https:\/\/secure.gravatar.com\/avatar\/39974ed46e3cb66fe6760e4c288a2722aff8b0a328a2802a65dd6f31fe323990?s=96&d=mm&r=g","contentUrl":"https:\/\/secure.gravatar.com\/avatar\/39974ed46e3cb66fe6760e4c288a2722aff8b0a328a2802a65dd6f31fe323990?s=96&d=mm&r=g","caption":"Alexander Alexandrov"},"sameAs":["https:\/\/jag.se"]}]}},"_links":{"self":[{"href":"https:\/\/jag.se\/opinion\/wp-json\/wp\/v2\/posts\/2248","targetHints":{"allow":["GET"]}}],"collection":[{"href":"https:\/\/jag.se\/opinion\/wp-json\/wp\/v2\/posts"}],"about":[{"href":"https:\/\/jag.se\/opinion\/wp-json\/wp\/v2\/types\/post"}],"author":[{"embeddable":true,"href":"https:\/\/jag.se\/opinion\/wp-json\/wp\/v2\/users\/1"}],"replies":[{"embeddable":true,"href":"https:\/\/jag.se\/opinion\/wp-json\/wp\/v2\/comments?post=2248"}],"version-history":[{"count":1,"href":"https:\/\/jag.se\/opinion\/wp-json\/wp\/v2\/posts\/2248\/revisions"}],"predecessor-version":[{"id":2397,"href":"https:\/\/jag.se\/opinion\/wp-json\/wp\/v2\/posts\/2248\/revisions\/2397"}],"wp:featuredmedia":[{"embeddable":true,"href":"https:\/\/jag.se\/opinion\/wp-json\/wp\/v2\/media\/2396"}],"wp:attachment":[{"href":"https:\/\/jag.se\/opinion\/wp-json\/wp\/v2\/media?parent=2248"}],"wp:term":[{"taxonomy":"category","embeddable":true,"href":"https:\/\/jag.se\/opinion\/wp-json\/wp\/v2\/categories?post=2248"},{"taxonomy":"post_tag","embeddable":true,"href":"https:\/\/jag.se\/opinion\/wp-json\/wp\/v2\/tags?post=2248"}],"curies":[{"name":"wp","href":"https:\/\/api.w.org\/{rel}","templated":true}]}}