{"id":2249,"date":"2020-03-22T14:46:09","date_gmt":"2020-03-22T14:46:09","guid":{"rendered":"https:\/\/jag.se\/opinion\/sa-paverkas-arsmotena-i-riksforeningen-jag-och-lansforeningarna-av-coronaviruset\/"},"modified":"2022-03-18T15:43:14","modified_gmt":"2022-03-18T15:43:14","slug":"sa-paverkas-arsmotena-i-riksforeningen-jag-och-lansforeningarna-av-coronaviruset","status":"publish","type":"post","link":"https:\/\/jag.se\/opinion\/sa-paverkas-arsmotena-i-riksforeningen-jag-och-lansforeningarna-av-coronaviruset\/","title":{"rendered":"S\u00e5 p\u00e5verkas \u00e5rsm\u00f6tena i Riksf\u00f6reningen JAG och l\u00e4nsf\u00f6reningarna av coronaviruset"},"content":{"rendered":"<p><a href=\"https:\/\/jag-se-dev.azurewebsites.net\/wp-content\/uploads\/sites\/3\/2020\/03\/\u00c5rsm\u00f6te-VG-Foto-B-T.jpg\"><img decoding=\"async\" loading=\"lazy\" class=\"size-medium wp-image-191165 alignright\" src=\"https:\/\/jag-se-dev.azurewebsites.net\/wp-content\/uploads\/sites\/3\/2020\/03\/\u00c5rsm\u00f6te-VG-Foto-B-T-225x300.jpg\" alt=\"M\u00e5nga personer sitter vid olika bord\" width=\"225\" height=\"300\" \/><\/a><\/p>\n<p><strong>\u00c5rsm\u00f6tet i Riksf\u00f6reningen JAG<\/strong> kommer webbs\u00e4ndas den 9\/5. Formul\u00e4r f\u00f6r f\u00f6rtidsr\u00f6stning kommer skickas ut i slutet av april. F\u00f6r att ha r\u00f6str\u00e4tt ska du vara fullv\u00e4rdig medlem och ha betalt medlemsavgift mellan 6\/5 2019 och 6\/5 2020. Handlingar f\u00f6r Riksf\u00f6reningen JAGs \u00e5rsm\u00f6te <a href=\"https:\/\/jag.se\/opinion\/arsmote\/\" target=\"_blank\" rel=\"noopener noreferrer\">finns publicerade H\u00c4R p\u00e5 riksf\u00f6reningens hemsida<\/a>. H\u00e4r kommer \u00e4ven s\u00e4ndningsl\u00e4nken till Riksf\u00f6reningen JAGs \u00e5rsm\u00f6te l\u00e4ggas ut n\u00e5gra dagar f\u00f6re m\u00f6tet.<\/p>\n<p>F\u00f6reningen JAG V\u00e4stra G\u00f6taland genomf\u00f6rde sitt \u00e5rsm\u00f6te p\u00e5 sin nya tr\u00e4ffpunkt i Tibro. N\u00e5gra medlemmar deltog \u00e4ven via videol\u00e4nk fr\u00e5n tr\u00e4ffpunkten i Uddevalla.<\/p>\n<p>M\u00f6tesordf\u00f6rande var Lasse Tullberg. Styrelsen omvaldes i sin helhet, likas\u00e5 Simon Storm som ordf\u00f6rande.<\/p>\n<p>\u2013 Det blev ett annorlunda m\u00f6te \u00e4n planerat men vi \u00e4r glada att vi kunnat genomf\u00f6ra det, h\u00e4lsar Helene och Rigmor Jonsson.<\/p>\n<p>\u00c4ven<strong> F\u00f6reningen JAG Dalarna, F\u00f6reningen JAG Sydost<\/strong>, <strong>F\u00f6reningen JAG V\u00e4sternorrland, F\u00f6reningen JAG \u00d6sterg\u00f6tland<\/strong> och <strong>F\u00f6reningen JAG V\u00e4rmland<\/strong> har genomf\u00f6rt sina \u00e5rsm\u00f6ten.<\/p>\n<p><strong>F\u00f6reningen JAG Sk\u00e5ne<\/strong> genomf\u00f6rde sitt \u00e5rsm\u00f6te digitalt den 18\/4.<\/p>\n<p><strong>F\u00f6reningen JAG Norrbotten<\/strong>,<strong> F\u00f6reningen JAG Uppsala, F\u00f6reningen JAG Stockholm <\/strong>och\u00a0<strong>F\u00f6reningen JAG Gotland<\/strong>\u00a0skjuter p\u00e5 sina \u00e5rsm\u00f6ten. Inga nya datum \u00e4r best\u00e4mda.<\/p>\n<p>\/artikeln uppdaterad 2020-04-25<\/p>\n<p>Inl\u00e4gget <a rel=\"nofollow\" href=\"https:\/\/jag.se\/opinion\/sa-paverkas-arsmotena-i-riksforeningen-jag-och-lansforeningarna-av-coronaviruset\/\">S\u00e5 p\u00e5verkas \u00e5rsm\u00f6tena i Riksf\u00f6reningen JAG och l\u00e4nsf\u00f6reningarna av coronaviruset<\/a> d\u00f6k f\u00f6rst upp p\u00e5 <a rel=\"nofollow\" href=\"https:\/\/jag.se\/opinion\">Riksf\u00f6reningen JAG<\/a>.<\/p>\n","protected":false},"excerpt":{"rendered":"<p>\u00c5rsm\u00f6tet i Riksf\u00f6reningen JAG kommer webbs\u00e4ndas den 9\/5. Formul\u00e4r f\u00f6r f\u00f6rtidsr\u00f6stning kommer skickas ut i slutet av april. F\u00f6r att ha r\u00f6str\u00e4tt ska du vara fullv\u00e4rdig medlem och ha betalt medlemsavgift mellan 6\/5 2019 och 6\/5 2020. Handlingar f\u00f6r Riksf\u00f6reningen JAGs \u00e5rsm\u00f6te finns publicerade H\u00c4R p\u00e5 riksf\u00f6reningens hemsida. H\u00e4r kommer \u00e4ven s\u00e4ndningsl\u00e4nken till Riksf\u00f6reningen JAGs<\/p>\n","protected":false},"author":1,"featured_media":2394,"comment_status":"closed","ping_status":"open","sticky":false,"template":"","format":"standard","meta":{"footnotes":""},"categories":[1],"tags":[],"class_list":["post-2249","post","type-post","status-publish","format-standard","has-post-thumbnail","hentry","category-uncategorized"],"acf":[],"yoast_head":"<!-- This site is optimized with the Yoast SEO plugin v21.3 - https:\/\/yoast.com\/wordpress\/plugins\/seo\/ -->\n<title>S\u00e5 p\u00e5verkas \u00e5rsm\u00f6tena i Riksf\u00f6reningen JAG och l\u00e4nsf\u00f6reningarna av coronaviruset - JAG Opinion<\/title>\n<meta name=\"robots\" content=\"index, follow, max-snippet:-1, max-image-preview:large, max-video-preview:-1\" \/>\n<link rel=\"canonical\" href=\"https:\/\/jag.se\/opinion\/sa-paverkas-arsmotena-i-riksforeningen-jag-och-lansforeningarna-av-coronaviruset\/\" \/>\n<meta property=\"og:locale\" content=\"sv_SE\" \/>\n<meta property=\"og:type\" content=\"article\" \/>\n<meta property=\"og:title\" content=\"S\u00e5 p\u00e5verkas \u00e5rsm\u00f6tena i Riksf\u00f6reningen JAG och l\u00e4nsf\u00f6reningarna av coronaviruset - JAG Opinion\" \/>\n<meta property=\"og:description\" content=\"\u00c5rsm\u00f6tet i Riksf\u00f6reningen JAG kommer webbs\u00e4ndas den 9\/5. Formul\u00e4r f\u00f6r f\u00f6rtidsr\u00f6stning kommer skickas ut i slutet av april. F\u00f6r att ha r\u00f6str\u00e4tt ska du vara fullv\u00e4rdig medlem och ha betalt medlemsavgift mellan 6\/5 2019 och 6\/5 2020. Handlingar f\u00f6r Riksf\u00f6reningen JAGs \u00e5rsm\u00f6te finns publicerade H\u00c4R p\u00e5 riksf\u00f6reningens hemsida. H\u00e4r kommer \u00e4ven s\u00e4ndningsl\u00e4nken till Riksf\u00f6reningen JAGs\" \/>\n<meta property=\"og:url\" content=\"https:\/\/jag.se\/opinion\/sa-paverkas-arsmotena-i-riksforeningen-jag-och-lansforeningarna-av-coronaviruset\/\" \/>\n<meta property=\"og:site_name\" content=\"JAG Opinion\" \/>\n<meta property=\"article:published_time\" content=\"2020-03-22T14:46:09+00:00\" \/>\n<meta property=\"article:modified_time\" content=\"2022-03-18T15:43:14+00:00\" \/>\n<meta property=\"og:image\" content=\"https:\/\/jag.se\/wp-content\/uploads\/sites\/3\/2020\/03\/Arsmote-VG-Foto-B-T-1.jpg\" \/>\n\t<meta property=\"og:image:width\" content=\"720\" \/>\n\t<meta property=\"og:image:height\" content=\"960\" \/>\n\t<meta property=\"og:image:type\" content=\"image\/jpeg\" \/>\n<meta name=\"author\" content=\"Alexander Alexandrov\" \/>\n<meta name=\"twitter:card\" content=\"summary_large_image\" \/>\n<meta name=\"twitter:label1\" content=\"Skriven av\" \/>\n\t<meta name=\"twitter:data1\" content=\"Alexander Alexandrov\" \/>\n\t<meta name=\"twitter:label2\" content=\"Ber\u00e4knad l\u00e4stid\" \/>\n\t<meta name=\"twitter:data2\" content=\"1 minut\" \/>\n<script type=\"application\/ld+json\" class=\"yoast-schema-graph\">{\"@context\":\"https:\/\/schema.org\",\"@graph\":[{\"@type\":\"WebPage\",\"@id\":\"https:\/\/jag.se\/opinion\/sa-paverkas-arsmotena-i-riksforeningen-jag-och-lansforeningarna-av-coronaviruset\/\",\"url\":\"https:\/\/jag.se\/opinion\/sa-paverkas-arsmotena-i-riksforeningen-jag-och-lansforeningarna-av-coronaviruset\/\",\"name\":\"S\u00e5 p\u00e5verkas \u00e5rsm\u00f6tena i Riksf\u00f6reningen JAG och l\u00e4nsf\u00f6reningarna av coronaviruset - JAG Opinion\",\"isPartOf\":{\"@id\":\"https:\/\/jag.se\/opinion\/#website\"},\"datePublished\":\"2020-03-22T14:46:09+00:00\",\"dateModified\":\"2022-03-18T15:43:14+00:00\",\"author\":{\"@id\":\"https:\/\/jag.se\/opinion\/#\/schema\/person\/42ca7c4b556b837c35d83ffe97aa92c0\"},\"breadcrumb\":{\"@id\":\"https:\/\/jag.se\/opinion\/sa-paverkas-arsmotena-i-riksforeningen-jag-och-lansforeningarna-av-coronaviruset\/#breadcrumb\"},\"inLanguage\":\"sv-SE\",\"potentialAction\":[{\"@type\":\"ReadAction\",\"target\":[\"https:\/\/jag.se\/opinion\/sa-paverkas-arsmotena-i-riksforeningen-jag-och-lansforeningarna-av-coronaviruset\/\"]}]},{\"@type\":\"BreadcrumbList\",\"@id\":\"https:\/\/jag.se\/opinion\/sa-paverkas-arsmotena-i-riksforeningen-jag-och-lansforeningarna-av-coronaviruset\/#breadcrumb\",\"itemListElement\":[{\"@type\":\"ListItem\",\"position\":1,\"name\":\"JAG start\",\"item\":\"https:\/\/jag.se\"},{\"@type\":\"ListItem\",\"position\":2,\"name\":\"Riksf\u00f6reningen JAG\",\"item\":\"https:\/\/jag.se\/opinion\/\"},{\"@type\":\"ListItem\",\"position\":3,\"name\":\"S\u00e5 p\u00e5verkas \u00e5rsm\u00f6tena i Riksf\u00f6reningen JAG och l\u00e4nsf\u00f6reningarna av coronaviruset\"}]},{\"@type\":\"WebSite\",\"@id\":\"https:\/\/jag.se\/opinion\/#website\",\"url\":\"https:\/\/jag.se\/opinion\/\",\"name\":\"JAG Opinion\",\"description\":\"\",\"potentialAction\":[{\"@type\":\"SearchAction\",\"target\":{\"@type\":\"EntryPoint\",\"urlTemplate\":\"https:\/\/jag.se\/opinion\/?s={search_term_string}\"},\"query-input\":\"required name=search_term_string\"}],\"inLanguage\":\"sv-SE\"},{\"@type\":\"Person\",\"@id\":\"https:\/\/jag.se\/opinion\/#\/schema\/person\/42ca7c4b556b837c35d83ffe97aa92c0\",\"name\":\"Alexander Alexandrov\",\"image\":{\"@type\":\"ImageObject\",\"inLanguage\":\"sv-SE\",\"@id\":\"https:\/\/jag.se\/opinion\/#\/schema\/person\/image\/\",\"url\":\"https:\/\/secure.gravatar.com\/avatar\/39974ed46e3cb66fe6760e4c288a2722aff8b0a328a2802a65dd6f31fe323990?s=96&d=mm&r=g\",\"contentUrl\":\"https:\/\/secure.gravatar.com\/avatar\/39974ed46e3cb66fe6760e4c288a2722aff8b0a328a2802a65dd6f31fe323990?s=96&d=mm&r=g\",\"caption\":\"Alexander Alexandrov\"},\"sameAs\":[\"https:\/\/jag.se\"]}]}<\/script>\n<!-- \/ Yoast SEO plugin. -->","yoast_head_json":{"title":"S\u00e5 p\u00e5verkas \u00e5rsm\u00f6tena i Riksf\u00f6reningen JAG och l\u00e4nsf\u00f6reningarna av coronaviruset - JAG Opinion","robots":{"index":"index","follow":"follow","max-snippet":"max-snippet:-1","max-image-preview":"max-image-preview:large","max-video-preview":"max-video-preview:-1"},"canonical":"https:\/\/jag.se\/opinion\/sa-paverkas-arsmotena-i-riksforeningen-jag-och-lansforeningarna-av-coronaviruset\/","og_locale":"sv_SE","og_type":"article","og_title":"S\u00e5 p\u00e5verkas \u00e5rsm\u00f6tena i Riksf\u00f6reningen JAG och l\u00e4nsf\u00f6reningarna av coronaviruset - JAG Opinion","og_description":"\u00c5rsm\u00f6tet i Riksf\u00f6reningen JAG kommer webbs\u00e4ndas den 9\/5. Formul\u00e4r f\u00f6r f\u00f6rtidsr\u00f6stning kommer skickas ut i slutet av april. F\u00f6r att ha r\u00f6str\u00e4tt ska du vara fullv\u00e4rdig medlem och ha betalt medlemsavgift mellan 6\/5 2019 och 6\/5 2020. Handlingar f\u00f6r Riksf\u00f6reningen JAGs \u00e5rsm\u00f6te finns publicerade H\u00c4R p\u00e5 riksf\u00f6reningens hemsida. H\u00e4r kommer \u00e4ven s\u00e4ndningsl\u00e4nken till Riksf\u00f6reningen JAGs","og_url":"https:\/\/jag.se\/opinion\/sa-paverkas-arsmotena-i-riksforeningen-jag-och-lansforeningarna-av-coronaviruset\/","og_site_name":"JAG Opinion","article_published_time":"2020-03-22T14:46:09+00:00","article_modified_time":"2022-03-18T15:43:14+00:00","og_image":[{"width":720,"height":960,"url":"https:\/\/jag.se\/wp-content\/uploads\/sites\/3\/2020\/03\/Arsmote-VG-Foto-B-T-1.jpg","type":"image\/jpeg"}],"author":"Alexander Alexandrov","twitter_card":"summary_large_image","twitter_misc":{"Skriven av":"Alexander Alexandrov","Ber\u00e4knad l\u00e4stid":"1 minut"},"schema":{"@context":"https:\/\/schema.org","@graph":[{"@type":"WebPage","@id":"https:\/\/jag.se\/opinion\/sa-paverkas-arsmotena-i-riksforeningen-jag-och-lansforeningarna-av-coronaviruset\/","url":"https:\/\/jag.se\/opinion\/sa-paverkas-arsmotena-i-riksforeningen-jag-och-lansforeningarna-av-coronaviruset\/","name":"S\u00e5 p\u00e5verkas \u00e5rsm\u00f6tena i Riksf\u00f6reningen JAG och l\u00e4nsf\u00f6reningarna av coronaviruset - JAG Opinion","isPartOf":{"@id":"https:\/\/jag.se\/opinion\/#website"},"datePublished":"2020-03-22T14:46:09+00:00","dateModified":"2022-03-18T15:43:14+00:00","author":{"@id":"https:\/\/jag.se\/opinion\/#\/schema\/person\/42ca7c4b556b837c35d83ffe97aa92c0"},"breadcrumb":{"@id":"https:\/\/jag.se\/opinion\/sa-paverkas-arsmotena-i-riksforeningen-jag-och-lansforeningarna-av-coronaviruset\/#breadcrumb"},"inLanguage":"sv-SE","potentialAction":[{"@type":"ReadAction","target":["https:\/\/jag.se\/opinion\/sa-paverkas-arsmotena-i-riksforeningen-jag-och-lansforeningarna-av-coronaviruset\/"]}]},{"@type":"BreadcrumbList","@id":"https:\/\/jag.se\/opinion\/sa-paverkas-arsmotena-i-riksforeningen-jag-och-lansforeningarna-av-coronaviruset\/#breadcrumb","itemListElement":[{"@type":"ListItem","position":1,"name":"JAG start","item":"https:\/\/jag.se"},{"@type":"ListItem","position":2,"name":"Riksf\u00f6reningen JAG","item":"https:\/\/jag.se\/opinion\/"},{"@type":"ListItem","position":3,"name":"S\u00e5 p\u00e5verkas \u00e5rsm\u00f6tena i Riksf\u00f6reningen JAG och l\u00e4nsf\u00f6reningarna av coronaviruset"}]},{"@type":"WebSite","@id":"https:\/\/jag.se\/opinion\/#website","url":"https:\/\/jag.se\/opinion\/","name":"JAG Opinion","description":"","potentialAction":[{"@type":"SearchAction","target":{"@type":"EntryPoint","urlTemplate":"https:\/\/jag.se\/opinion\/?s={search_term_string}"},"query-input":"required name=search_term_string"}],"inLanguage":"sv-SE"},{"@type":"Person","@id":"https:\/\/jag.se\/opinion\/#\/schema\/person\/42ca7c4b556b837c35d83ffe97aa92c0","name":"Alexander Alexandrov","image":{"@type":"ImageObject","inLanguage":"sv-SE","@id":"https:\/\/jag.se\/opinion\/#\/schema\/person\/image\/","url":"https:\/\/secure.gravatar.com\/avatar\/39974ed46e3cb66fe6760e4c288a2722aff8b0a328a2802a65dd6f31fe323990?s=96&d=mm&r=g","contentUrl":"https:\/\/secure.gravatar.com\/avatar\/39974ed46e3cb66fe6760e4c288a2722aff8b0a328a2802a65dd6f31fe323990?s=96&d=mm&r=g","caption":"Alexander Alexandrov"},"sameAs":["https:\/\/jag.se"]}]}},"_links":{"self":[{"href":"https:\/\/jag.se\/opinion\/wp-json\/wp\/v2\/posts\/2249","targetHints":{"allow":["GET"]}}],"collection":[{"href":"https:\/\/jag.se\/opinion\/wp-json\/wp\/v2\/posts"}],"about":[{"href":"https:\/\/jag.se\/opinion\/wp-json\/wp\/v2\/types\/post"}],"author":[{"embeddable":true,"href":"https:\/\/jag.se\/opinion\/wp-json\/wp\/v2\/users\/1"}],"replies":[{"embeddable":true,"href":"https:\/\/jag.se\/opinion\/wp-json\/wp\/v2\/comments?post=2249"}],"version-history":[{"count":1,"href":"https:\/\/jag.se\/opinion\/wp-json\/wp\/v2\/posts\/2249\/revisions"}],"predecessor-version":[{"id":2395,"href":"https:\/\/jag.se\/opinion\/wp-json\/wp\/v2\/posts\/2249\/revisions\/2395"}],"wp:featuredmedia":[{"embeddable":true,"href":"https:\/\/jag.se\/opinion\/wp-json\/wp\/v2\/media\/2394"}],"wp:attachment":[{"href":"https:\/\/jag.se\/opinion\/wp-json\/wp\/v2\/media?parent=2249"}],"wp:term":[{"taxonomy":"category","embeddable":true,"href":"https:\/\/jag.se\/opinion\/wp-json\/wp\/v2\/categories?post=2249"},{"taxonomy":"post_tag","embeddable":true,"href":"https:\/\/jag.se\/opinion\/wp-json\/wp\/v2\/tags?post=2249"}],"curies":[{"name":"wp","href":"https:\/\/api.w.org\/{rel}","templated":true}]}}