{"id":2251,"date":"2020-03-21T09:22:17","date_gmt":"2020-03-21T09:22:17","guid":{"rendered":"https:\/\/jag.se\/opinion\/i-coronans-spar-nya-riktlinjer-for-prioriteringar-i-sjukvarden\/"},"modified":"2022-03-18T15:43:11","modified_gmt":"2022-03-18T15:43:11","slug":"i-coronans-spar-nya-riktlinjer-for-prioriteringar-i-sjukvarden","status":"publish","type":"post","link":"https:\/\/jag.se\/opinion\/i-coronans-spar-nya-riktlinjer-for-prioriteringar-i-sjukvarden\/","title":{"rendered":"I coronans sp\u00e5r: Nya riktlinjer f\u00f6r prioriteringar i sjukv\u00e5rden"},"content":{"rendered":"<p>Socialstyrelsen h\u00e5ller just nu p\u00e5 att ta fram\u00a0riktlinjer f\u00f6r hur v\u00e5rden ska prioritera om m\u00e5nga blir sv\u00e5rt sjuka av coronaviruset och intensivv\u00e5rdsplatserna inte r\u00e4cker till alla.<\/p>\n<p>Det finns inget publicerat \u00e4n men vi bevakar f\u00f6rst\u00e5s fr\u00e5gan noga och kommer att g\u00f6ra allt som st\u00e5r i v\u00e5r makt\u00a0f\u00f6r att inte JAGs medlemmar ska diskrimineras eller v\u00e4ljas bort.<\/p>\n<p><a href=\"https:\/\/www.expressen.se\/nyheter\/filosofer-tar-fram-riktlinjer-for-att-prioritera-patienter\/\" target=\"_blank\" rel=\"noopener noreferrer\">Artikel i Expressen<\/a><\/p>\n<p>Inl\u00e4gget <a rel=\"nofollow\" href=\"https:\/\/jag.se\/opinion\/i-coronans-spar-nya-riktlinjer-for-prioriteringar-i-sjukvarden\/\">I coronans sp\u00e5r: Nya riktlinjer f\u00f6r prioriteringar i sjukv\u00e5rden<\/a> d\u00f6k f\u00f6rst upp p\u00e5 <a rel=\"nofollow\" href=\"https:\/\/jag.se\/opinion\">Riksf\u00f6reningen JAG<\/a>.<\/p>\n","protected":false},"excerpt":{"rendered":"<p>Socialstyrelsen h\u00e5ller just nu p\u00e5 att ta fram\u00a0riktlinjer f\u00f6r hur v\u00e5rden ska prioritera om m\u00e5nga blir sv\u00e5rt sjuka av coronaviruset och intensivv\u00e5rdsplatserna inte r\u00e4cker till alla. Det finns inget publicerat \u00e4n men vi bevakar f\u00f6rst\u00e5s fr\u00e5gan noga och kommer att g\u00f6ra allt som st\u00e5r i v\u00e5r makt\u00a0f\u00f6r att inte JAGs medlemmar ska diskrimineras eller v\u00e4ljas<\/p>\n","protected":false},"author":1,"featured_media":2390,"comment_status":"closed","ping_status":"open","sticky":false,"template":"","format":"standard","meta":{"footnotes":""},"categories":[1],"tags":[],"class_list":["post-2251","post","type-post","status-publish","format-standard","has-post-thumbnail","hentry","category-uncategorized"],"acf":[],"yoast_head":"<!-- This site is optimized with the Yoast SEO plugin v21.3 - https:\/\/yoast.com\/wordpress\/plugins\/seo\/ -->\n<title>I coronans sp\u00e5r: Nya riktlinjer f\u00f6r prioriteringar i sjukv\u00e5rden - JAG Opinion<\/title>\n<meta name=\"robots\" content=\"index, follow, max-snippet:-1, max-image-preview:large, max-video-preview:-1\" \/>\n<link rel=\"canonical\" href=\"https:\/\/jag.se\/opinion\/i-coronans-spar-nya-riktlinjer-for-prioriteringar-i-sjukvarden\/\" \/>\n<meta property=\"og:locale\" content=\"sv_SE\" \/>\n<meta property=\"og:type\" content=\"article\" \/>\n<meta property=\"og:title\" content=\"I coronans sp\u00e5r: Nya riktlinjer f\u00f6r prioriteringar i sjukv\u00e5rden - JAG Opinion\" \/>\n<meta property=\"og:description\" content=\"Socialstyrelsen h\u00e5ller just nu p\u00e5 att ta fram\u00a0riktlinjer f\u00f6r hur v\u00e5rden ska prioritera om m\u00e5nga blir sv\u00e5rt sjuka av coronaviruset och intensivv\u00e5rdsplatserna inte r\u00e4cker till alla. Det finns inget publicerat \u00e4n men vi bevakar f\u00f6rst\u00e5s fr\u00e5gan noga och kommer att g\u00f6ra allt som st\u00e5r i v\u00e5r makt\u00a0f\u00f6r att inte JAGs medlemmar ska diskrimineras eller v\u00e4ljas\" \/>\n<meta property=\"og:url\" content=\"https:\/\/jag.se\/opinion\/i-coronans-spar-nya-riktlinjer-for-prioriteringar-i-sjukvarden\/\" \/>\n<meta property=\"og:site_name\" content=\"JAG Opinion\" \/>\n<meta property=\"article:published_time\" content=\"2020-03-21T09:22:17+00:00\" \/>\n<meta property=\"article:modified_time\" content=\"2022-03-18T15:43:11+00:00\" \/>\n<meta property=\"og:image\" content=\"https:\/\/jag.se\/wp-content\/uploads\/sites\/3\/2020\/03\/sjuk-3.jpg\" \/>\n\t<meta property=\"og:image:width\" content=\"1181\" \/>\n\t<meta property=\"og:image:height\" content=\"1181\" \/>\n\t<meta property=\"og:image:type\" content=\"image\/jpeg\" \/>\n<meta name=\"author\" content=\"Alexander Alexandrov\" \/>\n<meta name=\"twitter:card\" content=\"summary_large_image\" \/>\n<meta name=\"twitter:label1\" content=\"Skriven av\" \/>\n\t<meta name=\"twitter:data1\" content=\"Alexander Alexandrov\" \/>\n<script type=\"application\/ld+json\" class=\"yoast-schema-graph\">{\"@context\":\"https:\/\/schema.org\",\"@graph\":[{\"@type\":\"WebPage\",\"@id\":\"https:\/\/jag.se\/opinion\/i-coronans-spar-nya-riktlinjer-for-prioriteringar-i-sjukvarden\/\",\"url\":\"https:\/\/jag.se\/opinion\/i-coronans-spar-nya-riktlinjer-for-prioriteringar-i-sjukvarden\/\",\"name\":\"I coronans sp\u00e5r: Nya riktlinjer f\u00f6r prioriteringar i sjukv\u00e5rden - JAG Opinion\",\"isPartOf\":{\"@id\":\"https:\/\/jag.se\/opinion\/#website\"},\"datePublished\":\"2020-03-21T09:22:17+00:00\",\"dateModified\":\"2022-03-18T15:43:11+00:00\",\"author\":{\"@id\":\"https:\/\/jag.se\/opinion\/#\/schema\/person\/90dd15a2a47e0c05d666bd8dcc143c05\"},\"breadcrumb\":{\"@id\":\"https:\/\/jag.se\/opinion\/i-coronans-spar-nya-riktlinjer-for-prioriteringar-i-sjukvarden\/#breadcrumb\"},\"inLanguage\":\"sv-SE\",\"potentialAction\":[{\"@type\":\"ReadAction\",\"target\":[\"https:\/\/jag.se\/opinion\/i-coronans-spar-nya-riktlinjer-for-prioriteringar-i-sjukvarden\/\"]}]},{\"@type\":\"BreadcrumbList\",\"@id\":\"https:\/\/jag.se\/opinion\/i-coronans-spar-nya-riktlinjer-for-prioriteringar-i-sjukvarden\/#breadcrumb\",\"itemListElement\":[{\"@type\":\"ListItem\",\"position\":1,\"name\":\"JAG start\",\"item\":\"https:\/\/jag.se\"},{\"@type\":\"ListItem\",\"position\":2,\"name\":\"Riksf\u00f6reningen JAG\",\"item\":\"https:\/\/jag.se\/opinion\/\"},{\"@type\":\"ListItem\",\"position\":3,\"name\":\"I coronans sp\u00e5r: Nya riktlinjer f\u00f6r prioriteringar i sjukv\u00e5rden\"}]},{\"@type\":\"WebSite\",\"@id\":\"https:\/\/jag.se\/opinion\/#website\",\"url\":\"https:\/\/jag.se\/opinion\/\",\"name\":\"JAG Opinion\",\"description\":\"\",\"potentialAction\":[{\"@type\":\"SearchAction\",\"target\":{\"@type\":\"EntryPoint\",\"urlTemplate\":\"https:\/\/jag.se\/opinion\/?s={search_term_string}\"},\"query-input\":\"required name=search_term_string\"}],\"inLanguage\":\"sv-SE\"},{\"@type\":\"Person\",\"@id\":\"https:\/\/jag.se\/opinion\/#\/schema\/person\/90dd15a2a47e0c05d666bd8dcc143c05\",\"name\":\"Alexander Alexandrov\",\"image\":{\"@type\":\"ImageObject\",\"inLanguage\":\"sv-SE\",\"@id\":\"https:\/\/jag.se\/opinion\/#\/schema\/person\/image\/\",\"url\":\"https:\/\/secure.gravatar.com\/avatar\/39974ed46e3cb66fe6760e4c288a2722aff8b0a328a2802a65dd6f31fe323990?s=96&d=mm&r=g\",\"contentUrl\":\"https:\/\/secure.gravatar.com\/avatar\/39974ed46e3cb66fe6760e4c288a2722aff8b0a328a2802a65dd6f31fe323990?s=96&d=mm&r=g\",\"caption\":\"Alexander Alexandrov\"},\"sameAs\":[\"https:\/\/jag.se\"]}]}<\/script>\n<!-- \/ Yoast SEO plugin. -->","yoast_head_json":{"title":"I coronans sp\u00e5r: Nya riktlinjer f\u00f6r prioriteringar i sjukv\u00e5rden - JAG Opinion","robots":{"index":"index","follow":"follow","max-snippet":"max-snippet:-1","max-image-preview":"max-image-preview:large","max-video-preview":"max-video-preview:-1"},"canonical":"https:\/\/jag.se\/opinion\/i-coronans-spar-nya-riktlinjer-for-prioriteringar-i-sjukvarden\/","og_locale":"sv_SE","og_type":"article","og_title":"I coronans sp\u00e5r: Nya riktlinjer f\u00f6r prioriteringar i sjukv\u00e5rden - JAG Opinion","og_description":"Socialstyrelsen h\u00e5ller just nu p\u00e5 att ta fram\u00a0riktlinjer f\u00f6r hur v\u00e5rden ska prioritera om m\u00e5nga blir sv\u00e5rt sjuka av coronaviruset och intensivv\u00e5rdsplatserna inte r\u00e4cker till alla. Det finns inget publicerat \u00e4n men vi bevakar f\u00f6rst\u00e5s fr\u00e5gan noga och kommer att g\u00f6ra allt som st\u00e5r i v\u00e5r makt\u00a0f\u00f6r att inte JAGs medlemmar ska diskrimineras eller v\u00e4ljas","og_url":"https:\/\/jag.se\/opinion\/i-coronans-spar-nya-riktlinjer-for-prioriteringar-i-sjukvarden\/","og_site_name":"JAG Opinion","article_published_time":"2020-03-21T09:22:17+00:00","article_modified_time":"2022-03-18T15:43:11+00:00","og_image":[{"width":1181,"height":1181,"url":"https:\/\/jag.se\/wp-content\/uploads\/sites\/3\/2020\/03\/sjuk-3.jpg","type":"image\/jpeg"}],"author":"Alexander Alexandrov","twitter_card":"summary_large_image","twitter_misc":{"Skriven av":"Alexander Alexandrov"},"schema":{"@context":"https:\/\/schema.org","@graph":[{"@type":"WebPage","@id":"https:\/\/jag.se\/opinion\/i-coronans-spar-nya-riktlinjer-for-prioriteringar-i-sjukvarden\/","url":"https:\/\/jag.se\/opinion\/i-coronans-spar-nya-riktlinjer-for-prioriteringar-i-sjukvarden\/","name":"I coronans sp\u00e5r: Nya riktlinjer f\u00f6r prioriteringar i sjukv\u00e5rden - JAG Opinion","isPartOf":{"@id":"https:\/\/jag.se\/opinion\/#website"},"datePublished":"2020-03-21T09:22:17+00:00","dateModified":"2022-03-18T15:43:11+00:00","author":{"@id":"https:\/\/jag.se\/opinion\/#\/schema\/person\/90dd15a2a47e0c05d666bd8dcc143c05"},"breadcrumb":{"@id":"https:\/\/jag.se\/opinion\/i-coronans-spar-nya-riktlinjer-for-prioriteringar-i-sjukvarden\/#breadcrumb"},"inLanguage":"sv-SE","potentialAction":[{"@type":"ReadAction","target":["https:\/\/jag.se\/opinion\/i-coronans-spar-nya-riktlinjer-for-prioriteringar-i-sjukvarden\/"]}]},{"@type":"BreadcrumbList","@id":"https:\/\/jag.se\/opinion\/i-coronans-spar-nya-riktlinjer-for-prioriteringar-i-sjukvarden\/#breadcrumb","itemListElement":[{"@type":"ListItem","position":1,"name":"JAG start","item":"https:\/\/jag.se"},{"@type":"ListItem","position":2,"name":"Riksf\u00f6reningen JAG","item":"https:\/\/jag.se\/opinion\/"},{"@type":"ListItem","position":3,"name":"I coronans sp\u00e5r: Nya riktlinjer f\u00f6r prioriteringar i sjukv\u00e5rden"}]},{"@type":"WebSite","@id":"https:\/\/jag.se\/opinion\/#website","url":"https:\/\/jag.se\/opinion\/","name":"JAG Opinion","description":"","potentialAction":[{"@type":"SearchAction","target":{"@type":"EntryPoint","urlTemplate":"https:\/\/jag.se\/opinion\/?s={search_term_string}"},"query-input":"required name=search_term_string"}],"inLanguage":"sv-SE"},{"@type":"Person","@id":"https:\/\/jag.se\/opinion\/#\/schema\/person\/90dd15a2a47e0c05d666bd8dcc143c05","name":"Alexander Alexandrov","image":{"@type":"ImageObject","inLanguage":"sv-SE","@id":"https:\/\/jag.se\/opinion\/#\/schema\/person\/image\/","url":"https:\/\/secure.gravatar.com\/avatar\/39974ed46e3cb66fe6760e4c288a2722aff8b0a328a2802a65dd6f31fe323990?s=96&d=mm&r=g","contentUrl":"https:\/\/secure.gravatar.com\/avatar\/39974ed46e3cb66fe6760e4c288a2722aff8b0a328a2802a65dd6f31fe323990?s=96&d=mm&r=g","caption":"Alexander Alexandrov"},"sameAs":["https:\/\/jag.se"]}]}},"_links":{"self":[{"href":"https:\/\/jag.se\/opinion\/wp-json\/wp\/v2\/posts\/2251","targetHints":{"allow":["GET"]}}],"collection":[{"href":"https:\/\/jag.se\/opinion\/wp-json\/wp\/v2\/posts"}],"about":[{"href":"https:\/\/jag.se\/opinion\/wp-json\/wp\/v2\/types\/post"}],"author":[{"embeddable":true,"href":"https:\/\/jag.se\/opinion\/wp-json\/wp\/v2\/users\/1"}],"replies":[{"embeddable":true,"href":"https:\/\/jag.se\/opinion\/wp-json\/wp\/v2\/comments?post=2251"}],"version-history":[{"count":1,"href":"https:\/\/jag.se\/opinion\/wp-json\/wp\/v2\/posts\/2251\/revisions"}],"predecessor-version":[{"id":2391,"href":"https:\/\/jag.se\/opinion\/wp-json\/wp\/v2\/posts\/2251\/revisions\/2391"}],"wp:featuredmedia":[{"embeddable":true,"href":"https:\/\/jag.se\/opinion\/wp-json\/wp\/v2\/media\/2390"}],"wp:attachment":[{"href":"https:\/\/jag.se\/opinion\/wp-json\/wp\/v2\/media?parent=2251"}],"wp:term":[{"taxonomy":"category","embeddable":true,"href":"https:\/\/jag.se\/opinion\/wp-json\/wp\/v2\/categories?post=2251"},{"taxonomy":"post_tag","embeddable":true,"href":"https:\/\/jag.se\/opinion\/wp-json\/wp\/v2\/tags?post=2251"}],"curies":[{"name":"wp","href":"https:\/\/api.w.org\/{rel}","templated":true}]}}