{"id":2252,"date":"2020-03-17T14:31:40","date_gmt":"2020-03-17T14:31:40","guid":{"rendered":"https:\/\/jag.se\/opinion\/installda-aktiviteter-och-andra-forandringar-med-anledning-av-corona-viruset\/"},"modified":"2022-03-18T15:43:10","modified_gmt":"2022-03-18T15:43:10","slug":"installda-aktiviteter-och-andra-forandringar-med-anledning-av-corona-viruset","status":"publish","type":"post","link":"https:\/\/jag.se\/opinion\/installda-aktiviteter-och-andra-forandringar-med-anledning-av-corona-viruset\/","title":{"rendered":"Inst\u00e4llda aktiviteter och andra f\u00f6r\u00e4ndringar med anledning av corona-viruset"},"content":{"rendered":"<p><a href=\"https:\/\/jag-se-dev.azurewebsites.net\/wp-content\/uploads\/sites\/3\/2020\/03\/sjuk.jpg\"><img decoding=\"async\" loading=\"lazy\" class=\"alignnone size-medium wp-image-191099\" src=\"https:\/\/jag-se-dev.azurewebsites.net\/wp-content\/uploads\/sites\/3\/2020\/03\/sjuk-300x300.jpg\" alt=\"Pictogrambild \"sjuk\".\" width=\"300\" height=\"300\" \/><\/a><\/p>\n<p>Med anledning av den \u00f6kade risken f\u00f6r smittspridning arbetar m\u00e5nga kanslimedarbetare fr\u00e5n och med denna vecka p\u00e5 distans.<\/p>\n<p>Kansliet i Stockholm \u00e4r bemannat p\u00e5 kontorstid men vi ers\u00e4tter s\u00e5 m\u00e5nga fysiska m\u00f6ten vi kan med <strong>video- eller telefonm\u00f6ten<\/strong>. Under en begr\u00e4nsad tid kommer det allts\u00e5 inte g\u00e5 att spontanbes\u00f6ka kansliets anst\u00e4llda utan att f\u00f6rst kontakta oss p\u00e5 annat s\u00e4tt. N\u00e4r det g\u00e4ller tillg\u00e4nglighet via telefon och mejl och annan service har vi\u00a0samma h\u00f6ga ambitionsniv\u00e5 som\u00a0vanligt.<\/p>\n<p>Samma f\u00f6r\u00e4ndring g\u00e4ller deltagarna p\u00e5 JAG-center, kansliets dagliga verksamhet. Vi kommer inte att ha n\u00e5gra aktiviteter p\u00e5 plats i lokalerna. Det g\u00e4ller \u00e4ven Uppdrags JAGs \u00f6ppna redaktion. F\u00f6r er som deltar i Vi vill Bidra ges information om lokala och individuella \u00e5tg\u00e4rder fr\u00e5n respektive handledare.<\/p>\n<p><strong>Musikcirkeln<\/strong>\u00a0p\u00e5 JAGs kansli i Stockholm \u00e4r inst\u00e4lld 18\/3 och 24\/3.<\/p>\n<p><strong>F\u00f6reningen JAG Stockholms l\u00e4n<\/strong>\u00a0skjuter p\u00e5 sitt \u00e5rsm\u00f6te fram till den 18\/4.<\/p>\n<p>\u00c5rsm\u00f6tet i\u00a0<strong>F\u00f6reningen JAG V\u00e4stra G\u00f6taland<\/strong>\u00a0l\u00f6rdag 21\/3 kommer genomf\u00f6ras p\u00e5 tr\u00e4ffpunkten i Tibro och \u00e4ven s\u00e4ndas p\u00e5 tr\u00e4ffpunkten i Uddevalla.\u00a0\u00c5rsm\u00f6tet startar kl 13.00 och ber\u00e4knas ta ca 1 timme. Den planerade underh\u00e5llningen \u00e4r inst\u00e4lld.<\/p>\n<p><strong>F\u00f6reningen JAG Gotland<\/strong> och <strong>F\u00f6reningen JAG Norrbotten<\/strong> har b\u00e5da beslutat att st\u00e4lla in sina \u00e5rsm\u00f6ten tills vidare.<\/p>\n<p><strong>Riksf\u00f6reningen JAGs och Brukarkooperativet JAGs<\/strong>\u00a0\u00e5rsm\u00f6ten\u00a0\u00e4r kvar p\u00e5 planerade\u00a0datum 9\/5 och 10\/5.<\/p>\n<p>\u201d<strong>Skapa musik p\u00e5 Ipad<\/strong>\u201d med Cilla Colt den 18\/4 kommer troligtvis skjutas upp. Inget nytt datum \u00e4r best\u00e4mt.<\/p>\n<p>Inl\u00e4gget <a rel=\"nofollow\" href=\"https:\/\/jag.se\/opinion\/forandringar-under-en-begransad-tid-med-anledning-av-corona-viruset\/\">Inst\u00e4llda aktiviteter och andra f\u00f6r\u00e4ndringar med anledning av corona-viruset<\/a> d\u00f6k f\u00f6rst upp p\u00e5 <a rel=\"nofollow\" href=\"https:\/\/jag.se\/opinion\">Riksf\u00f6reningen JAG<\/a>.<\/p>\n","protected":false},"excerpt":{"rendered":"<p>Med anledning av den \u00f6kade risken f\u00f6r smittspridning arbetar m\u00e5nga kanslimedarbetare fr\u00e5n och med denna vecka p\u00e5 distans. Kansliet i Stockholm \u00e4r bemannat p\u00e5 kontorstid men vi ers\u00e4tter s\u00e5 m\u00e5nga fysiska m\u00f6ten vi kan med video- eller telefonm\u00f6ten. Under en begr\u00e4nsad tid kommer det allts\u00e5 inte g\u00e5 att spontanbes\u00f6ka kansliets anst\u00e4llda utan att f\u00f6rst kontakta<\/p>\n","protected":false},"author":1,"featured_media":2388,"comment_status":"closed","ping_status":"open","sticky":false,"template":"","format":"standard","meta":{"footnotes":""},"categories":[1],"tags":[],"class_list":["post-2252","post","type-post","status-publish","format-standard","has-post-thumbnail","hentry","category-uncategorized"],"acf":[],"yoast_head":"<!-- This site is optimized with the Yoast SEO plugin v21.3 - https:\/\/yoast.com\/wordpress\/plugins\/seo\/ -->\n<title>Inst\u00e4llda aktiviteter och andra f\u00f6r\u00e4ndringar med anledning av corona-viruset - JAG Opinion<\/title>\n<meta name=\"robots\" content=\"index, follow, max-snippet:-1, max-image-preview:large, max-video-preview:-1\" \/>\n<link rel=\"canonical\" href=\"https:\/\/jag.se\/opinion\/installda-aktiviteter-och-andra-forandringar-med-anledning-av-corona-viruset\/\" \/>\n<meta property=\"og:locale\" content=\"sv_SE\" \/>\n<meta property=\"og:type\" content=\"article\" \/>\n<meta property=\"og:title\" content=\"Inst\u00e4llda aktiviteter och andra f\u00f6r\u00e4ndringar med anledning av corona-viruset - JAG Opinion\" \/>\n<meta property=\"og:description\" content=\"Med anledning av den \u00f6kade risken f\u00f6r smittspridning arbetar m\u00e5nga kanslimedarbetare fr\u00e5n och med denna vecka p\u00e5 distans. Kansliet i Stockholm \u00e4r bemannat p\u00e5 kontorstid men vi ers\u00e4tter s\u00e5 m\u00e5nga fysiska m\u00f6ten vi kan med video- eller telefonm\u00f6ten. Under en begr\u00e4nsad tid kommer det allts\u00e5 inte g\u00e5 att spontanbes\u00f6ka kansliets anst\u00e4llda utan att f\u00f6rst kontakta\" \/>\n<meta property=\"og:url\" content=\"https:\/\/jag.se\/opinion\/installda-aktiviteter-och-andra-forandringar-med-anledning-av-corona-viruset\/\" \/>\n<meta property=\"og:site_name\" content=\"JAG Opinion\" \/>\n<meta property=\"article:published_time\" content=\"2020-03-17T14:31:40+00:00\" \/>\n<meta property=\"article:modified_time\" content=\"2022-03-18T15:43:10+00:00\" \/>\n<meta property=\"og:image\" content=\"https:\/\/jag.se\/wp-content\/uploads\/sites\/3\/2020\/03\/sjuk-2.jpg\" \/>\n\t<meta property=\"og:image:width\" content=\"1181\" \/>\n\t<meta property=\"og:image:height\" content=\"1181\" \/>\n\t<meta property=\"og:image:type\" content=\"image\/jpeg\" \/>\n<meta name=\"author\" content=\"Alexander Alexandrov\" \/>\n<meta name=\"twitter:card\" content=\"summary_large_image\" \/>\n<meta name=\"twitter:label1\" content=\"Skriven av\" \/>\n\t<meta name=\"twitter:data1\" content=\"Alexander Alexandrov\" \/>\n\t<meta name=\"twitter:label2\" content=\"Ber\u00e4knad l\u00e4stid\" \/>\n\t<meta name=\"twitter:data2\" content=\"1 minut\" \/>\n<script type=\"application\/ld+json\" class=\"yoast-schema-graph\">{\"@context\":\"https:\/\/schema.org\",\"@graph\":[{\"@type\":\"WebPage\",\"@id\":\"https:\/\/jag.se\/opinion\/installda-aktiviteter-och-andra-forandringar-med-anledning-av-corona-viruset\/\",\"url\":\"https:\/\/jag.se\/opinion\/installda-aktiviteter-och-andra-forandringar-med-anledning-av-corona-viruset\/\",\"name\":\"Inst\u00e4llda aktiviteter och andra f\u00f6r\u00e4ndringar med anledning av corona-viruset - JAG Opinion\",\"isPartOf\":{\"@id\":\"https:\/\/jag.se\/opinion\/#website\"},\"datePublished\":\"2020-03-17T14:31:40+00:00\",\"dateModified\":\"2022-03-18T15:43:10+00:00\",\"author\":{\"@id\":\"https:\/\/jag.se\/opinion\/#\/schema\/person\/42ca7c4b556b837c35d83ffe97aa92c0\"},\"breadcrumb\":{\"@id\":\"https:\/\/jag.se\/opinion\/installda-aktiviteter-och-andra-forandringar-med-anledning-av-corona-viruset\/#breadcrumb\"},\"inLanguage\":\"sv-SE\",\"potentialAction\":[{\"@type\":\"ReadAction\",\"target\":[\"https:\/\/jag.se\/opinion\/installda-aktiviteter-och-andra-forandringar-med-anledning-av-corona-viruset\/\"]}]},{\"@type\":\"BreadcrumbList\",\"@id\":\"https:\/\/jag.se\/opinion\/installda-aktiviteter-och-andra-forandringar-med-anledning-av-corona-viruset\/#breadcrumb\",\"itemListElement\":[{\"@type\":\"ListItem\",\"position\":1,\"name\":\"JAG start\",\"item\":\"https:\/\/jag.se\"},{\"@type\":\"ListItem\",\"position\":2,\"name\":\"Riksf\u00f6reningen JAG\",\"item\":\"https:\/\/jag.se\/opinion\/\"},{\"@type\":\"ListItem\",\"position\":3,\"name\":\"Inst\u00e4llda aktiviteter och andra f\u00f6r\u00e4ndringar med anledning av corona-viruset\"}]},{\"@type\":\"WebSite\",\"@id\":\"https:\/\/jag.se\/opinion\/#website\",\"url\":\"https:\/\/jag.se\/opinion\/\",\"name\":\"JAG Opinion\",\"description\":\"\",\"potentialAction\":[{\"@type\":\"SearchAction\",\"target\":{\"@type\":\"EntryPoint\",\"urlTemplate\":\"https:\/\/jag.se\/opinion\/?s={search_term_string}\"},\"query-input\":\"required name=search_term_string\"}],\"inLanguage\":\"sv-SE\"},{\"@type\":\"Person\",\"@id\":\"https:\/\/jag.se\/opinion\/#\/schema\/person\/42ca7c4b556b837c35d83ffe97aa92c0\",\"name\":\"Alexander Alexandrov\",\"image\":{\"@type\":\"ImageObject\",\"inLanguage\":\"sv-SE\",\"@id\":\"https:\/\/jag.se\/opinion\/#\/schema\/person\/image\/\",\"url\":\"https:\/\/secure.gravatar.com\/avatar\/39974ed46e3cb66fe6760e4c288a2722aff8b0a328a2802a65dd6f31fe323990?s=96&d=mm&r=g\",\"contentUrl\":\"https:\/\/secure.gravatar.com\/avatar\/39974ed46e3cb66fe6760e4c288a2722aff8b0a328a2802a65dd6f31fe323990?s=96&d=mm&r=g\",\"caption\":\"Alexander Alexandrov\"},\"sameAs\":[\"https:\/\/jag.se\"]}]}<\/script>\n<!-- \/ Yoast SEO plugin. -->","yoast_head_json":{"title":"Inst\u00e4llda aktiviteter och andra f\u00f6r\u00e4ndringar med anledning av corona-viruset - JAG Opinion","robots":{"index":"index","follow":"follow","max-snippet":"max-snippet:-1","max-image-preview":"max-image-preview:large","max-video-preview":"max-video-preview:-1"},"canonical":"https:\/\/jag.se\/opinion\/installda-aktiviteter-och-andra-forandringar-med-anledning-av-corona-viruset\/","og_locale":"sv_SE","og_type":"article","og_title":"Inst\u00e4llda aktiviteter och andra f\u00f6r\u00e4ndringar med anledning av corona-viruset - JAG Opinion","og_description":"Med anledning av den \u00f6kade risken f\u00f6r smittspridning arbetar m\u00e5nga kanslimedarbetare fr\u00e5n och med denna vecka p\u00e5 distans. Kansliet i Stockholm \u00e4r bemannat p\u00e5 kontorstid men vi ers\u00e4tter s\u00e5 m\u00e5nga fysiska m\u00f6ten vi kan med video- eller telefonm\u00f6ten. Under en begr\u00e4nsad tid kommer det allts\u00e5 inte g\u00e5 att spontanbes\u00f6ka kansliets anst\u00e4llda utan att f\u00f6rst kontakta","og_url":"https:\/\/jag.se\/opinion\/installda-aktiviteter-och-andra-forandringar-med-anledning-av-corona-viruset\/","og_site_name":"JAG Opinion","article_published_time":"2020-03-17T14:31:40+00:00","article_modified_time":"2022-03-18T15:43:10+00:00","og_image":[{"width":1181,"height":1181,"url":"https:\/\/jag.se\/wp-content\/uploads\/sites\/3\/2020\/03\/sjuk-2.jpg","type":"image\/jpeg"}],"author":"Alexander Alexandrov","twitter_card":"summary_large_image","twitter_misc":{"Skriven av":"Alexander Alexandrov","Ber\u00e4knad l\u00e4stid":"1 minut"},"schema":{"@context":"https:\/\/schema.org","@graph":[{"@type":"WebPage","@id":"https:\/\/jag.se\/opinion\/installda-aktiviteter-och-andra-forandringar-med-anledning-av-corona-viruset\/","url":"https:\/\/jag.se\/opinion\/installda-aktiviteter-och-andra-forandringar-med-anledning-av-corona-viruset\/","name":"Inst\u00e4llda aktiviteter och andra f\u00f6r\u00e4ndringar med anledning av corona-viruset - JAG Opinion","isPartOf":{"@id":"https:\/\/jag.se\/opinion\/#website"},"datePublished":"2020-03-17T14:31:40+00:00","dateModified":"2022-03-18T15:43:10+00:00","author":{"@id":"https:\/\/jag.se\/opinion\/#\/schema\/person\/42ca7c4b556b837c35d83ffe97aa92c0"},"breadcrumb":{"@id":"https:\/\/jag.se\/opinion\/installda-aktiviteter-och-andra-forandringar-med-anledning-av-corona-viruset\/#breadcrumb"},"inLanguage":"sv-SE","potentialAction":[{"@type":"ReadAction","target":["https:\/\/jag.se\/opinion\/installda-aktiviteter-och-andra-forandringar-med-anledning-av-corona-viruset\/"]}]},{"@type":"BreadcrumbList","@id":"https:\/\/jag.se\/opinion\/installda-aktiviteter-och-andra-forandringar-med-anledning-av-corona-viruset\/#breadcrumb","itemListElement":[{"@type":"ListItem","position":1,"name":"JAG start","item":"https:\/\/jag.se"},{"@type":"ListItem","position":2,"name":"Riksf\u00f6reningen JAG","item":"https:\/\/jag.se\/opinion\/"},{"@type":"ListItem","position":3,"name":"Inst\u00e4llda aktiviteter och andra f\u00f6r\u00e4ndringar med anledning av corona-viruset"}]},{"@type":"WebSite","@id":"https:\/\/jag.se\/opinion\/#website","url":"https:\/\/jag.se\/opinion\/","name":"JAG Opinion","description":"","potentialAction":[{"@type":"SearchAction","target":{"@type":"EntryPoint","urlTemplate":"https:\/\/jag.se\/opinion\/?s={search_term_string}"},"query-input":"required name=search_term_string"}],"inLanguage":"sv-SE"},{"@type":"Person","@id":"https:\/\/jag.se\/opinion\/#\/schema\/person\/42ca7c4b556b837c35d83ffe97aa92c0","name":"Alexander Alexandrov","image":{"@type":"ImageObject","inLanguage":"sv-SE","@id":"https:\/\/jag.se\/opinion\/#\/schema\/person\/image\/","url":"https:\/\/secure.gravatar.com\/avatar\/39974ed46e3cb66fe6760e4c288a2722aff8b0a328a2802a65dd6f31fe323990?s=96&d=mm&r=g","contentUrl":"https:\/\/secure.gravatar.com\/avatar\/39974ed46e3cb66fe6760e4c288a2722aff8b0a328a2802a65dd6f31fe323990?s=96&d=mm&r=g","caption":"Alexander Alexandrov"},"sameAs":["https:\/\/jag.se"]}]}},"_links":{"self":[{"href":"https:\/\/jag.se\/opinion\/wp-json\/wp\/v2\/posts\/2252","targetHints":{"allow":["GET"]}}],"collection":[{"href":"https:\/\/jag.se\/opinion\/wp-json\/wp\/v2\/posts"}],"about":[{"href":"https:\/\/jag.se\/opinion\/wp-json\/wp\/v2\/types\/post"}],"author":[{"embeddable":true,"href":"https:\/\/jag.se\/opinion\/wp-json\/wp\/v2\/users\/1"}],"replies":[{"embeddable":true,"href":"https:\/\/jag.se\/opinion\/wp-json\/wp\/v2\/comments?post=2252"}],"version-history":[{"count":1,"href":"https:\/\/jag.se\/opinion\/wp-json\/wp\/v2\/posts\/2252\/revisions"}],"predecessor-version":[{"id":2389,"href":"https:\/\/jag.se\/opinion\/wp-json\/wp\/v2\/posts\/2252\/revisions\/2389"}],"wp:featuredmedia":[{"embeddable":true,"href":"https:\/\/jag.se\/opinion\/wp-json\/wp\/v2\/media\/2388"}],"wp:attachment":[{"href":"https:\/\/jag.se\/opinion\/wp-json\/wp\/v2\/media?parent=2252"}],"wp:term":[{"taxonomy":"category","embeddable":true,"href":"https:\/\/jag.se\/opinion\/wp-json\/wp\/v2\/categories?post=2252"},{"taxonomy":"post_tag","embeddable":true,"href":"https:\/\/jag.se\/opinion\/wp-json\/wp\/v2\/tags?post=2252"}],"curies":[{"name":"wp","href":"https:\/\/api.w.org\/{rel}","templated":true}]}}