{"id":2255,"date":"2020-02-11T08:46:04","date_gmt":"2020-02-11T08:46:04","guid":{"rendered":"https:\/\/jag.se\/opinion\/riksforeningen-jag-ar-hoppfull-infor-utredning-om-starkt-ratt-till-personlig-assistans\/"},"modified":"2022-03-18T15:43:03","modified_gmt":"2022-03-18T15:43:03","slug":"riksforeningen-jag-ar-hoppfull-infor-utredning-om-starkt-ratt-till-personlig-assistans","status":"publish","type":"post","link":"https:\/\/jag.se\/opinion\/riksforeningen-jag-ar-hoppfull-infor-utredning-om-starkt-ratt-till-personlig-assistans\/","title":{"rendered":"Riksf\u00f6reningen JAG \u00e4r hoppfull inf\u00f6r utredning om st\u00e4rkt r\u00e4tt till personlig assistans."},"content":{"rendered":"<p>Riksf\u00f6reningen JAG \u00e4r hoppfull inf\u00f6r den utredning som regeringen nu har tillsatt f\u00f6r att st\u00e4rka r\u00e4tten till personlig assistans. Utredaren ska se \u00f6ver omr\u00e5dena tillsyn, egenv\u00e5rd och f\u00f6r\u00e4ldraansvar.<img decoding=\"async\" loading=\"lazy\" class=\"alignright size-medium wp-image-190819\" src=\"https:\/\/jag-se-dev.azurewebsites.net\/wp-content\/uploads\/sites\/3\/2020\/02\/assistans-300x215.jpg\" alt=\"\" width=\"300\" height=\"215\" \/><\/p>\n<p>Mycket f\u00e5 personer beviljas idag personlig assistans f\u00f6r tillsyn kopplat till de grundl\u00e4ggande behoven. F\u00f6rs\u00e4kringskassans och kommunernas bed\u00f6mningar har gradvis blivit<\/p>\n<p>mer restriktiva, delvis beroende p\u00e5 hur de har valt att tolka olika r\u00e4ttsfall. Men tillsynsbegreppet har smalnats av l\u00e5ngt mer \u00e4n vad som kan motiveras av r\u00e4ttspraxis, s\u00e5 det kan inte uteslutas att till\u00e4mpningen f\u00f6ljer en allm\u00e4n str\u00e4van att inskr\u00e4nka assistansr\u00e4tten. Klart \u00e4r att m\u00e5nga personer med ett tydligt och kvalificerat st\u00f6dbehov har drabbats av att mista eller nekas personlig assistans av detta sk\u00e4l. Riksf\u00f6reningen JAG finner det oacceptabelt, d\u00e5 personlig assistans f\u00f6r dessa personer faktiskt \u00e4r den enda \u00e4ndam\u00e5lsenliga insatsen. Vi h\u00e5ller d\u00e4rf\u00f6r med om att det finns sk<\/p>\n<p>\u00e4l att utreda hur personer med omfattande funktionsneds\u00e4ttningar kan f\u00e5 en st\u00e4rkt r\u00e4tt till personlig assistans vid behov av hj\u00e4lp med tillsyn. Vi hoppas nu p\u00e5 en grundlig genomlysning av olika slags tillsynsbehov, en hj\u00e4lp som m\u00e5nga g\u00e5nger \u00e4r minst lika viktig som rent praktisk hj\u00e4lp f\u00f6r att klara sina behov och ha en bra tillvaro. D\u00e4r ing\u00e5r t.ex. tillsyn p\u00e5 grund av epilepsi eller andra medicinska sk\u00e4l (inklusive ingripanden), \u201dtillsyn av \u00f6vervakande karakt\u00e4r\u201d f\u00f6r att f\u00f6rebygga och hindra att en person skadar sig sj\u00e4lv och andra (inklusive ingripanden) och kvalificerade aktiverings- och motiveringsinsatser som kan vara avg\u00f6rande f\u00f6r en persons m\u00f6jlighet att f\u00e5 sina grundl\u00e4ggande och andra behov tillgodosedda i vardagen.<\/p>\n<p>Personlig assistans f\u00f6r egenv\u00e5rdsuppgifter ska ocks\u00e5 utredas. H\u00e4r st\u00e4ller vi oss tveksamma till direktivens problematiserande av utf\u00f6rande av egenv\u00e5rd med assistans. V<\/p>\n<p>i delar inte bilden av oreda och otrygghet i egenv\u00e5rdsuppgifter i assistansen. Inte heller delar vi bilden av att regelverket eller ansvarsf\u00f6rh\u00e5llandena i sig skulle vara otydliga. Olika akt\u00f6rers okunskap och os\u00e4kerhet om vad som g\u00e4ller b\u00f6r \u00e5tg\u00e4rdas genom tillf\u00f6rande av kunskap. Som vi ser det \u00e4r det ist\u00e4llet F\u00f6rs\u00e4kringskassans och kommunernas inst\u00e4llning till \u201dv\u00e5rdrelaterade\u201d uppgifter som \u00e4r problemet, eftersom denna inst\u00e4llning p\u00e5verkar assistansr\u00e4tten f\u00f6r enskilda. I Socialstyrelsens regelverk beskrivs klart och tydligt hur legitimerad v\u00e5rdpersonal ska g\u00f6ra egenv\u00e5rdsbed\u00f6mningen utifr\u00e5n den enskildes m\u00f6jlighet att kunna sk\u00f6ta uppgiften sj\u00e4lv med hj\u00e4lp av anh\u00f6riga eller personliga assistenter. D\u00e4r sl\u00e5s ocks\u00e5 fast att bed\u00f6md egenv\u00e5rd inte utg\u00f6r sjukv\u00e5rd. Detta har betydelse f\u00f6r r\u00e4tten till assistansers\u00e4ttning, eftersom assistansers\u00e4ttning kan beviljas f\u00f6r egenv\u00e5rdsuppgifter men inte f\u00f6r sjukv\u00e5rdsuppgifter (som sjukv\u00e5rdshuvudmannen ska st\u00e5 f\u00f6r).<\/p>\n<p>Att f\u00e5 sk\u00f6ta egenv\u00e5rdsuppgifter sj\u00e4lv med assistans p\u00e5 samma s\u00e4tt som personer utan funktionsneds\u00e4ttning borde vara sj\u00e4lvklart. Det handlar om att f\u00e5 ha ett fritt och \u201dvanligt\u201d liv ist\u00e4llet f\u00f6r att behandlas som ett v\u00e5rdobjekt livet igenom.<\/p>\n<p>Liksom n\u00e4r det g\u00e4ller tillsynsbehoven har F\u00f6rs\u00e4kringskassans till\u00e4mpning dock sk\u00e4rpts de senaste \u00e5ren. Oavsett v\u00e5rdens bed\u00f6mningar har kassan p\u00e5 egen hand h\u00e4nf\u00f6rt alla m\u00f6jliga behov till sjukv\u00e5rdsomr\u00e5det, s\u00e5 att tiden r\u00e4knas bort fr\u00e5n det grundl\u00e4ggande assistansbehovet. Det har lett till att barn och vuxna med omfattande och kvalificerade behov har nekats eller helt f\u00f6rlorat sin assistansers\u00e4ttning. Situationen f\u00f6r barn i behov av hj\u00e4lp med bland annat andning och sondm\u00e5ltider och som nekas assistans har lyfts i media.<\/p>\n<p>M\u00e5nga av medlemmarna i JAG har stor erfarenhet av att sk\u00f6ta egenv\u00e5rdsuppgifter med personlig assistans, och vet att det kan ske med trygghet och kvalitet. Det \u00e4r ju i sj\u00e4lva verket s\u00e5 att all kvalificerad personlig assistans inneh\u00e5ller uppgifter av viss sv\u00e5righetsgrad som \u00a0kr\u00e4ver noggrannhet och stort ansvar. Det kan exempelvis vara nog s\u00e5 livsviktigt att f\u00e5 hj\u00e4lp att \u00e4ta genom munnen p\u00e5 exakt r\u00e4tt s\u00e4tt. Enligt v\u00e5r erfarenhet g\u00e5r det utm\u00e4rkt att ordna assistans av h\u00f6g s\u00e4kerhet och kvalitet, om en rekryterar bra assistenter, ger dem ordentlig praktisk introduktion och teoretiska kunskaper, har rutiner och ger assistenterna l\u00f6pande st\u00f6d i arbetet. Det \u00e4r m\u00e5nga uppgifter i v\u00e5r assistans som \u00e4r av en h\u00f6g sv\u00e5righetsgrad \u2013 inte bara egenv\u00e5rdsuppgifterna! Hos en assistansanordnare med otillr\u00e4cklig kunskap, kvalitetsfokus, ordning och reda \u00f6kar f\u00f6rst\u00e5s risken f\u00f6r brister i olika delar av assistansen. Att s\u00e5dana brister skulle f\u00f6r<\/p>\n<p>ekomma i s\u00e4rskilt h\u00f6g grad p\u00e5 just egenv\u00e5rdsomr\u00e5det \u00e4r tydligen \u00e4nd\u00e5 inget som visar sig i IVOs tillsynsverksamhet.<\/p>\n<p>Riksf\u00f6reningen JAG ser inte behov av \u00e4ndrade egenv\u00e5rdsregler, men hoppas att utredningen ska klarg\u00f6ra de riktlinjer som finns och f\u00f6resl\u00e5 ett f\u00f6rtydligande av att egenv\u00e5rdsuppgifter \u00e4r assistansgrundande p\u00e5 samma s\u00e4tt som andra privata behov i vardagen.<\/p>\n<p>M\u00e5nga barn med omfattande funktionsneds\u00e4ttningar har otillr\u00e4cklig assistanstid eller st\u00e5r helt utan assistans p\u00e5 grund av F\u00f6rs\u00e4kringskassans och kommunernas<\/p>\n<p>bed\u00f6mningar av f\u00f6r\u00e4ldraansvaret. Enligt g\u00e4llande funktionshinderpolitiska principer ska f\u00f6r\u00e4ldrar till barn med funktionsneds\u00e4ttning inte \u00e5l\u00e4ggas ett st\u00f6rre praktiskt ansvar f\u00f6r omv\u00e5rdnaden av sina barn \u00e4n f\u00f6r\u00e4ldrar till barn utan funktionsneds\u00e4ttning. Vid assistansbed\u00f6mningar bed\u00f6ms f\u00f6r\u00e4ldrarnas ansvar dock som regel vara mycket omfattande. Dessutom g\u00f6rs bed\u00f6mningarna m\u00e5nga g\u00e5nger schablonm\u00e4ssigt, ist\u00e4llet f\u00f6r att utg\u00e5 fr\u00e5n barnets och familjens individuella situation. Ett annat problem \u00e4r att tidsavdrag f\u00f6r f\u00f6r\u00e4ldraansvar g\u00f6rs redan vid pr\u00f6vningen av de grundl\u00e4ggande behoven, vilket leder till att det blir sv\u00e5rt eller rentav om\u00f6jligt f\u00f6r mindre barn att n\u00e5 \u00f6ver tr\u00f6skeln f\u00f6r r\u00e4tt till assistans. Fr\u00e5n JAGs sida skulle vi vilja se en \u00e5terg\u00e5ng till tidigare handl\u00e4ggningsprocess d\u00e5 avdrag f\u00f6r f\u00f6r\u00e4ldraansvaret gjordes som sista led, fr\u00e5n det sammanr\u00e4knade totala assistansbehovet. En \u00f6versyn av till\u00e4mpningen i syfte att n\u00e5 en rimlig och r\u00e4ttss\u00e4ker bed\u00f6mning av f\u00f6r\u00e4ldraansvaret i relation till assistansbehovet \u00e4r d\u00e4rf\u00f6r v\u00e4lkommen.<\/p>\n<p>Inl\u00e4gget <a rel=\"nofollow\" href=\"https:\/\/jag.se\/opinion\/190818-2\/\">Riksf\u00f6reningen JAG \u00e4r hoppfull inf\u00f6r utredning om st\u00e4rkt r\u00e4tt till personlig assistans.<\/a> d\u00f6k f\u00f6rst upp p\u00e5 <a rel=\"nofollow\" href=\"https:\/\/jag.se\/opinion\">Riksf\u00f6reningen JAG<\/a>.<\/p>\n","protected":false},"excerpt":{"rendered":"<p>Riksf\u00f6reningen JAG \u00e4r hoppfull inf\u00f6r den utredning som regeringen nu har tillsatt f\u00f6r att st\u00e4rka r\u00e4tten till personlig assistans. Utredaren ska se \u00f6ver omr\u00e5dena tillsyn, egenv\u00e5rd och f\u00f6r\u00e4ldraansvar. Mycket f\u00e5 personer beviljas idag personlig assistans f\u00f6r tillsyn kopplat till de grundl\u00e4ggande behoven. F\u00f6rs\u00e4kringskassans och kommunernas bed\u00f6mningar har gradvis blivit mer restriktiva, delvis beroende p\u00e5 hur<\/p>\n","protected":false},"author":1,"featured_media":2382,"comment_status":"closed","ping_status":"open","sticky":false,"template":"","format":"standard","meta":{"footnotes":""},"categories":[1],"tags":[],"class_list":["post-2255","post","type-post","status-publish","format-standard","has-post-thumbnail","hentry","category-uncategorized"],"acf":[],"yoast_head":"<!-- This site is optimized with the Yoast SEO plugin v21.3 - https:\/\/yoast.com\/wordpress\/plugins\/seo\/ -->\n<title>Riksf\u00f6reningen JAG \u00e4r hoppfull inf\u00f6r utredning om st\u00e4rkt r\u00e4tt till personlig assistans. - JAG Opinion<\/title>\n<meta name=\"robots\" content=\"index, follow, max-snippet:-1, max-image-preview:large, max-video-preview:-1\" \/>\n<link rel=\"canonical\" href=\"https:\/\/jag.se\/opinion\/riksforeningen-jag-ar-hoppfull-infor-utredning-om-starkt-ratt-till-personlig-assistans\/\" \/>\n<meta property=\"og:locale\" content=\"sv_SE\" \/>\n<meta property=\"og:type\" content=\"article\" \/>\n<meta property=\"og:title\" content=\"Riksf\u00f6reningen JAG \u00e4r hoppfull inf\u00f6r utredning om st\u00e4rkt r\u00e4tt till personlig assistans. - JAG Opinion\" \/>\n<meta property=\"og:description\" content=\"Riksf\u00f6reningen JAG \u00e4r hoppfull inf\u00f6r den utredning som regeringen nu har tillsatt f\u00f6r att st\u00e4rka r\u00e4tten till personlig assistans. Utredaren ska se \u00f6ver omr\u00e5dena tillsyn, egenv\u00e5rd och f\u00f6r\u00e4ldraansvar. Mycket f\u00e5 personer beviljas idag personlig assistans f\u00f6r tillsyn kopplat till de grundl\u00e4ggande behoven. F\u00f6rs\u00e4kringskassans och kommunernas bed\u00f6mningar har gradvis blivit mer restriktiva, delvis beroende p\u00e5 hur\" \/>\n<meta property=\"og:url\" content=\"https:\/\/jag.se\/opinion\/riksforeningen-jag-ar-hoppfull-infor-utredning-om-starkt-ratt-till-personlig-assistans\/\" \/>\n<meta property=\"og:site_name\" content=\"JAG Opinion\" \/>\n<meta property=\"article:published_time\" content=\"2020-02-11T08:46:04+00:00\" \/>\n<meta property=\"article:modified_time\" content=\"2022-03-18T15:43:03+00:00\" \/>\n<meta property=\"og:image\" content=\"https:\/\/jag.se\/wp-content\/uploads\/sites\/3\/2020\/02\/assistans-1.jpg\" \/>\n\t<meta property=\"og:image:width\" content=\"850\" \/>\n\t<meta property=\"og:image:height\" content=\"610\" \/>\n\t<meta property=\"og:image:type\" content=\"image\/jpeg\" \/>\n<meta name=\"author\" content=\"Alexander Alexandrov\" \/>\n<meta name=\"twitter:card\" content=\"summary_large_image\" \/>\n<meta name=\"twitter:label1\" content=\"Skriven av\" \/>\n\t<meta name=\"twitter:data1\" content=\"Alexander Alexandrov\" \/>\n\t<meta name=\"twitter:label2\" content=\"Ber\u00e4knad l\u00e4stid\" \/>\n\t<meta name=\"twitter:data2\" content=\"6 minuter\" \/>\n<script type=\"application\/ld+json\" class=\"yoast-schema-graph\">{\"@context\":\"https:\/\/schema.org\",\"@graph\":[{\"@type\":\"WebPage\",\"@id\":\"https:\/\/jag.se\/opinion\/riksforeningen-jag-ar-hoppfull-infor-utredning-om-starkt-ratt-till-personlig-assistans\/\",\"url\":\"https:\/\/jag.se\/opinion\/riksforeningen-jag-ar-hoppfull-infor-utredning-om-starkt-ratt-till-personlig-assistans\/\",\"name\":\"Riksf\u00f6reningen JAG \u00e4r hoppfull inf\u00f6r utredning om st\u00e4rkt r\u00e4tt till personlig assistans. - JAG Opinion\",\"isPartOf\":{\"@id\":\"https:\/\/jag.se\/opinion\/#website\"},\"datePublished\":\"2020-02-11T08:46:04+00:00\",\"dateModified\":\"2022-03-18T15:43:03+00:00\",\"author\":{\"@id\":\"https:\/\/jag.se\/opinion\/#\/schema\/person\/42ca7c4b556b837c35d83ffe97aa92c0\"},\"breadcrumb\":{\"@id\":\"https:\/\/jag.se\/opinion\/riksforeningen-jag-ar-hoppfull-infor-utredning-om-starkt-ratt-till-personlig-assistans\/#breadcrumb\"},\"inLanguage\":\"sv-SE\",\"potentialAction\":[{\"@type\":\"ReadAction\",\"target\":[\"https:\/\/jag.se\/opinion\/riksforeningen-jag-ar-hoppfull-infor-utredning-om-starkt-ratt-till-personlig-assistans\/\"]}]},{\"@type\":\"BreadcrumbList\",\"@id\":\"https:\/\/jag.se\/opinion\/riksforeningen-jag-ar-hoppfull-infor-utredning-om-starkt-ratt-till-personlig-assistans\/#breadcrumb\",\"itemListElement\":[{\"@type\":\"ListItem\",\"position\":1,\"name\":\"JAG start\",\"item\":\"https:\/\/jag.se\"},{\"@type\":\"ListItem\",\"position\":2,\"name\":\"Riksf\u00f6reningen JAG\",\"item\":\"https:\/\/jag.se\/opinion\/\"},{\"@type\":\"ListItem\",\"position\":3,\"name\":\"Riksf\u00f6reningen JAG \u00e4r hoppfull inf\u00f6r utredning om st\u00e4rkt r\u00e4tt till personlig assistans.\"}]},{\"@type\":\"WebSite\",\"@id\":\"https:\/\/jag.se\/opinion\/#website\",\"url\":\"https:\/\/jag.se\/opinion\/\",\"name\":\"JAG Opinion\",\"description\":\"\",\"potentialAction\":[{\"@type\":\"SearchAction\",\"target\":{\"@type\":\"EntryPoint\",\"urlTemplate\":\"https:\/\/jag.se\/opinion\/?s={search_term_string}\"},\"query-input\":\"required name=search_term_string\"}],\"inLanguage\":\"sv-SE\"},{\"@type\":\"Person\",\"@id\":\"https:\/\/jag.se\/opinion\/#\/schema\/person\/42ca7c4b556b837c35d83ffe97aa92c0\",\"name\":\"Alexander Alexandrov\",\"image\":{\"@type\":\"ImageObject\",\"inLanguage\":\"sv-SE\",\"@id\":\"https:\/\/jag.se\/opinion\/#\/schema\/person\/image\/\",\"url\":\"https:\/\/secure.gravatar.com\/avatar\/39974ed46e3cb66fe6760e4c288a2722aff8b0a328a2802a65dd6f31fe323990?s=96&d=mm&r=g\",\"contentUrl\":\"https:\/\/secure.gravatar.com\/avatar\/39974ed46e3cb66fe6760e4c288a2722aff8b0a328a2802a65dd6f31fe323990?s=96&d=mm&r=g\",\"caption\":\"Alexander Alexandrov\"},\"sameAs\":[\"https:\/\/jag.se\"]}]}<\/script>\n<!-- \/ Yoast SEO plugin. -->","yoast_head_json":{"title":"Riksf\u00f6reningen JAG \u00e4r hoppfull inf\u00f6r utredning om st\u00e4rkt r\u00e4tt till personlig assistans. - JAG Opinion","robots":{"index":"index","follow":"follow","max-snippet":"max-snippet:-1","max-image-preview":"max-image-preview:large","max-video-preview":"max-video-preview:-1"},"canonical":"https:\/\/jag.se\/opinion\/riksforeningen-jag-ar-hoppfull-infor-utredning-om-starkt-ratt-till-personlig-assistans\/","og_locale":"sv_SE","og_type":"article","og_title":"Riksf\u00f6reningen JAG \u00e4r hoppfull inf\u00f6r utredning om st\u00e4rkt r\u00e4tt till personlig assistans. - JAG Opinion","og_description":"Riksf\u00f6reningen JAG \u00e4r hoppfull inf\u00f6r den utredning som regeringen nu har tillsatt f\u00f6r att st\u00e4rka r\u00e4tten till personlig assistans. Utredaren ska se \u00f6ver omr\u00e5dena tillsyn, egenv\u00e5rd och f\u00f6r\u00e4ldraansvar. Mycket f\u00e5 personer beviljas idag personlig assistans f\u00f6r tillsyn kopplat till de grundl\u00e4ggande behoven. F\u00f6rs\u00e4kringskassans och kommunernas bed\u00f6mningar har gradvis blivit mer restriktiva, delvis beroende p\u00e5 hur","og_url":"https:\/\/jag.se\/opinion\/riksforeningen-jag-ar-hoppfull-infor-utredning-om-starkt-ratt-till-personlig-assistans\/","og_site_name":"JAG Opinion","article_published_time":"2020-02-11T08:46:04+00:00","article_modified_time":"2022-03-18T15:43:03+00:00","og_image":[{"width":850,"height":610,"url":"https:\/\/jag.se\/wp-content\/uploads\/sites\/3\/2020\/02\/assistans-1.jpg","type":"image\/jpeg"}],"author":"Alexander Alexandrov","twitter_card":"summary_large_image","twitter_misc":{"Skriven av":"Alexander Alexandrov","Ber\u00e4knad l\u00e4stid":"6 minuter"},"schema":{"@context":"https:\/\/schema.org","@graph":[{"@type":"WebPage","@id":"https:\/\/jag.se\/opinion\/riksforeningen-jag-ar-hoppfull-infor-utredning-om-starkt-ratt-till-personlig-assistans\/","url":"https:\/\/jag.se\/opinion\/riksforeningen-jag-ar-hoppfull-infor-utredning-om-starkt-ratt-till-personlig-assistans\/","name":"Riksf\u00f6reningen JAG \u00e4r hoppfull inf\u00f6r utredning om st\u00e4rkt r\u00e4tt till personlig assistans. - JAG Opinion","isPartOf":{"@id":"https:\/\/jag.se\/opinion\/#website"},"datePublished":"2020-02-11T08:46:04+00:00","dateModified":"2022-03-18T15:43:03+00:00","author":{"@id":"https:\/\/jag.se\/opinion\/#\/schema\/person\/42ca7c4b556b837c35d83ffe97aa92c0"},"breadcrumb":{"@id":"https:\/\/jag.se\/opinion\/riksforeningen-jag-ar-hoppfull-infor-utredning-om-starkt-ratt-till-personlig-assistans\/#breadcrumb"},"inLanguage":"sv-SE","potentialAction":[{"@type":"ReadAction","target":["https:\/\/jag.se\/opinion\/riksforeningen-jag-ar-hoppfull-infor-utredning-om-starkt-ratt-till-personlig-assistans\/"]}]},{"@type":"BreadcrumbList","@id":"https:\/\/jag.se\/opinion\/riksforeningen-jag-ar-hoppfull-infor-utredning-om-starkt-ratt-till-personlig-assistans\/#breadcrumb","itemListElement":[{"@type":"ListItem","position":1,"name":"JAG start","item":"https:\/\/jag.se"},{"@type":"ListItem","position":2,"name":"Riksf\u00f6reningen JAG","item":"https:\/\/jag.se\/opinion\/"},{"@type":"ListItem","position":3,"name":"Riksf\u00f6reningen JAG \u00e4r hoppfull inf\u00f6r utredning om st\u00e4rkt r\u00e4tt till personlig assistans."}]},{"@type":"WebSite","@id":"https:\/\/jag.se\/opinion\/#website","url":"https:\/\/jag.se\/opinion\/","name":"JAG Opinion","description":"","potentialAction":[{"@type":"SearchAction","target":{"@type":"EntryPoint","urlTemplate":"https:\/\/jag.se\/opinion\/?s={search_term_string}"},"query-input":"required name=search_term_string"}],"inLanguage":"sv-SE"},{"@type":"Person","@id":"https:\/\/jag.se\/opinion\/#\/schema\/person\/42ca7c4b556b837c35d83ffe97aa92c0","name":"Alexander Alexandrov","image":{"@type":"ImageObject","inLanguage":"sv-SE","@id":"https:\/\/jag.se\/opinion\/#\/schema\/person\/image\/","url":"https:\/\/secure.gravatar.com\/avatar\/39974ed46e3cb66fe6760e4c288a2722aff8b0a328a2802a65dd6f31fe323990?s=96&d=mm&r=g","contentUrl":"https:\/\/secure.gravatar.com\/avatar\/39974ed46e3cb66fe6760e4c288a2722aff8b0a328a2802a65dd6f31fe323990?s=96&d=mm&r=g","caption":"Alexander Alexandrov"},"sameAs":["https:\/\/jag.se"]}]}},"_links":{"self":[{"href":"https:\/\/jag.se\/opinion\/wp-json\/wp\/v2\/posts\/2255","targetHints":{"allow":["GET"]}}],"collection":[{"href":"https:\/\/jag.se\/opinion\/wp-json\/wp\/v2\/posts"}],"about":[{"href":"https:\/\/jag.se\/opinion\/wp-json\/wp\/v2\/types\/post"}],"author":[{"embeddable":true,"href":"https:\/\/jag.se\/opinion\/wp-json\/wp\/v2\/users\/1"}],"replies":[{"embeddable":true,"href":"https:\/\/jag.se\/opinion\/wp-json\/wp\/v2\/comments?post=2255"}],"version-history":[{"count":1,"href":"https:\/\/jag.se\/opinion\/wp-json\/wp\/v2\/posts\/2255\/revisions"}],"predecessor-version":[{"id":2383,"href":"https:\/\/jag.se\/opinion\/wp-json\/wp\/v2\/posts\/2255\/revisions\/2383"}],"wp:featuredmedia":[{"embeddable":true,"href":"https:\/\/jag.se\/opinion\/wp-json\/wp\/v2\/media\/2382"}],"wp:attachment":[{"href":"https:\/\/jag.se\/opinion\/wp-json\/wp\/v2\/media?parent=2255"}],"wp:term":[{"taxonomy":"category","embeddable":true,"href":"https:\/\/jag.se\/opinion\/wp-json\/wp\/v2\/categories?post=2255"},{"taxonomy":"post_tag","embeddable":true,"href":"https:\/\/jag.se\/opinion\/wp-json\/wp\/v2\/tags?post=2255"}],"curies":[{"name":"wp","href":"https:\/\/api.w.org\/{rel}","templated":true}]}}