{"id":2256,"date":"2020-01-31T15:21:06","date_gmt":"2020-01-31T15:21:06","guid":{"rendered":"https:\/\/jag.se\/opinion\/nytt-lagforslag-fran-regeringen-kring-andning-och-sondatning\/"},"modified":"2022-03-18T15:43:02","modified_gmt":"2022-03-18T15:43:02","slug":"nytt-lagforslag-fran-regeringen-kring-andning-och-sondatning","status":"publish","type":"post","link":"https:\/\/jag.se\/opinion\/nytt-lagforslag-fran-regeringen-kring-andning-och-sondatning\/","title":{"rendered":"Nytt lagf\u00f6rslag fr\u00e5n regeringen kring andning och sond\u00e4tning"},"content":{"rendered":"<p>Regeringen har i dag l\u00e4mnat ett f\u00f6rslag till ny lag om andning och sond\u00e4tning till Lagr\u00e5det. Gl\u00e4djande nog konstaterar regeringen att assistans med andning och sond\u00e4tning \u00e4r kritiska f\u00f6r en persons \u00f6verlevnad och att ingen som har behov av detta och omfattas av personkretsen enligt LSS ska g\u00e5 miste om r\u00e4tten till personlig assistans eller assistansers\u00e4ttning p\u00e5 grund av att hj\u00e4lpbehovet delas upp i olika delar. Den nya lagen, som planeras att inf\u00f6ras 1 juli i \u00e5r, inneb\u00e4r d\u00e4rf\u00f6r att alla moment kring andning och sond\u00e4tning kommer vara assistansgrundande. I vilken utstr\u00e4ckning st\u00f6det med andning eller sond\u00e4tning \u00e4r av privat eller integritetsk\u00e4nslig karakt\u00e4r spelar allts\u00e5 ingen roll.<\/p>\n<p>\u2013 Vi \u00e4r glada att regeringen tog v\u00e5r och andras kritik p\u00e5 allvar och tog bort skrivningarna om integritetsk\u00e4nsligheten. Praxis p\u00e5 omr\u00e5det g\u00e4ller ju \u00e4nd\u00e5, men det h\u00e4r f\u00f6rslaget f\u00f6rst\u00e4rker den \u00e5tminstone inte, s\u00e4ger Cecilia Blanck, verksamhetsansvarig p\u00e5 Riksf\u00f6reningen JAG.<\/p>\n<p>I lagr\u00e5dsremissen f\u00f6resl\u00e5s ocks\u00e5 att det ska bortses fr\u00e5n ett eventuellt f\u00f6r\u00e4ldraansvar vid bed\u00f6mningen av barns r\u00e4tt till personlig assistans i samtliga dessa situationer.<\/p>\n<p>Lag\u00e4ndringen medf\u00f6r att m\u00e5nga barn med stora behov som tidigare nekats eller f\u00e5tt avslag p\u00e5 ans\u00f6kan om personlig assistans \u00e4ntligen f\u00e5r chans att v\u00e4xa upp i sin familj.<\/p>\n<p>D\u00e4remot \u00e4r det dock fortfarande stora grupper som st\u00e5r kvar utan r\u00e4tt till den assistans de beh\u00f6ver, till exempel barn och vuxna som m\u00e5ste ha st\u00e4ndig tillsyn p\u00e5 grund av epilepsi, och personer med stora behov av motiverings- och aktiveringsinsatser.<\/p>\n<p>\u2013 Vi blir dock bekymrade \u00f6ver f\u00f6rslagets uppdelning i olika villkor mellan barn och vuxna n\u00e4r det g\u00e4ller r\u00e4tten till assistans i verksamheter. V\u00e5r oro \u00e4r att det riskerar att bli \u00e4nnu sv\u00e5rare f\u00f6r personer med stora behov att beviljas assistans i daglig verksamhet. Det \u00e4r redan idag ett stort problem och m\u00e5nga hindras d\u00e4rigenom fr\u00e5n att delta i en verksamhet som egentligen \u00e4r en r\u00e4ttighet, s\u00e4ger Cecilia Blanck.<\/p>\n<p><a href=\"https:\/\/www.regeringen.se\/pressmeddelanden\/2020\/01\/regeringen-vill-utoka-ratten-till-personlig-assistans\/\" target=\"_blank\" rel=\"noopener noreferrer\">L\u00e4s mer p\u00e5 regeringens webbplats<\/a><\/p>\n<p>Inl\u00e4gget <a rel=\"nofollow\" href=\"https:\/\/jag.se\/opinion\/nytt-lagforslag-fran-regeringen-kring-andning-och-sondatning\/\">Nytt lagf\u00f6rslag fr\u00e5n regeringen kring andning och sond\u00e4tning<\/a> d\u00f6k f\u00f6rst upp p\u00e5 <a rel=\"nofollow\" href=\"https:\/\/jag.se\/opinion\">Riksf\u00f6reningen JAG<\/a>.<\/p>\n","protected":false},"excerpt":{"rendered":"<p>Regeringen har i dag l\u00e4mnat ett f\u00f6rslag till ny lag om andning och sond\u00e4tning till Lagr\u00e5det. Gl\u00e4djande nog konstaterar regeringen att assistans med andning och sond\u00e4tning \u00e4r kritiska f\u00f6r en persons \u00f6verlevnad och att ingen som har behov av detta och omfattas av personkretsen enligt LSS ska g\u00e5 miste om r\u00e4tten till personlig assistans eller<\/p>\n","protected":false},"author":1,"featured_media":2380,"comment_status":"closed","ping_status":"open","sticky":false,"template":"","format":"standard","meta":{"footnotes":""},"categories":[1],"tags":[],"class_list":["post-2256","post","type-post","status-publish","format-standard","has-post-thumbnail","hentry","category-uncategorized"],"acf":[],"yoast_head":"<!-- This site is optimized with the Yoast SEO plugin v21.3 - https:\/\/yoast.com\/wordpress\/plugins\/seo\/ -->\n<title>Nytt lagf\u00f6rslag fr\u00e5n regeringen kring andning och sond\u00e4tning - JAG Opinion<\/title>\n<meta name=\"robots\" content=\"index, follow, max-snippet:-1, max-image-preview:large, max-video-preview:-1\" \/>\n<link rel=\"canonical\" href=\"https:\/\/jag.se\/opinion\/nytt-lagforslag-fran-regeringen-kring-andning-och-sondatning\/\" \/>\n<meta property=\"og:locale\" content=\"sv_SE\" \/>\n<meta property=\"og:type\" content=\"article\" \/>\n<meta property=\"og:title\" content=\"Nytt lagf\u00f6rslag fr\u00e5n regeringen kring andning och sond\u00e4tning - JAG Opinion\" \/>\n<meta property=\"og:description\" content=\"Regeringen har i dag l\u00e4mnat ett f\u00f6rslag till ny lag om andning och sond\u00e4tning till Lagr\u00e5det. Gl\u00e4djande nog konstaterar regeringen att assistans med andning och sond\u00e4tning \u00e4r kritiska f\u00f6r en persons \u00f6verlevnad och att ingen som har behov av detta och omfattas av personkretsen enligt LSS ska g\u00e5 miste om r\u00e4tten till personlig assistans eller\" \/>\n<meta property=\"og:url\" content=\"https:\/\/jag.se\/opinion\/nytt-lagforslag-fran-regeringen-kring-andning-och-sondatning\/\" \/>\n<meta property=\"og:site_name\" content=\"JAG Opinion\" \/>\n<meta property=\"article:published_time\" content=\"2020-01-31T15:21:06+00:00\" \/>\n<meta property=\"article:modified_time\" content=\"2022-03-18T15:43:02+00:00\" \/>\n<meta property=\"og:image\" content=\"https:\/\/jag.se\/wp-content\/uploads\/sites\/3\/2020\/01\/spruta-1.jpg\" \/>\n\t<meta property=\"og:image:width\" content=\"370\" \/>\n\t<meta property=\"og:image:height\" content=\"277\" \/>\n\t<meta property=\"og:image:type\" content=\"image\/jpeg\" \/>\n<meta name=\"author\" content=\"Alexander Alexandrov\" \/>\n<meta name=\"twitter:card\" content=\"summary_large_image\" \/>\n<meta name=\"twitter:label1\" content=\"Skriven av\" \/>\n\t<meta name=\"twitter:data1\" content=\"Alexander Alexandrov\" \/>\n\t<meta name=\"twitter:label2\" content=\"Ber\u00e4knad l\u00e4stid\" \/>\n\t<meta name=\"twitter:data2\" content=\"2 minuter\" \/>\n<script type=\"application\/ld+json\" class=\"yoast-schema-graph\">{\"@context\":\"https:\/\/schema.org\",\"@graph\":[{\"@type\":\"WebPage\",\"@id\":\"https:\/\/jag.se\/opinion\/nytt-lagforslag-fran-regeringen-kring-andning-och-sondatning\/\",\"url\":\"https:\/\/jag.se\/opinion\/nytt-lagforslag-fran-regeringen-kring-andning-och-sondatning\/\",\"name\":\"Nytt lagf\u00f6rslag fr\u00e5n regeringen kring andning och sond\u00e4tning - JAG Opinion\",\"isPartOf\":{\"@id\":\"https:\/\/jag.se\/opinion\/#website\"},\"datePublished\":\"2020-01-31T15:21:06+00:00\",\"dateModified\":\"2022-03-18T15:43:02+00:00\",\"author\":{\"@id\":\"https:\/\/jag.se\/opinion\/#\/schema\/person\/42ca7c4b556b837c35d83ffe97aa92c0\"},\"breadcrumb\":{\"@id\":\"https:\/\/jag.se\/opinion\/nytt-lagforslag-fran-regeringen-kring-andning-och-sondatning\/#breadcrumb\"},\"inLanguage\":\"sv-SE\",\"potentialAction\":[{\"@type\":\"ReadAction\",\"target\":[\"https:\/\/jag.se\/opinion\/nytt-lagforslag-fran-regeringen-kring-andning-och-sondatning\/\"]}]},{\"@type\":\"BreadcrumbList\",\"@id\":\"https:\/\/jag.se\/opinion\/nytt-lagforslag-fran-regeringen-kring-andning-och-sondatning\/#breadcrumb\",\"itemListElement\":[{\"@type\":\"ListItem\",\"position\":1,\"name\":\"JAG start\",\"item\":\"https:\/\/jag.se\"},{\"@type\":\"ListItem\",\"position\":2,\"name\":\"Riksf\u00f6reningen JAG\",\"item\":\"https:\/\/jag.se\/opinion\/\"},{\"@type\":\"ListItem\",\"position\":3,\"name\":\"Nytt lagf\u00f6rslag fr\u00e5n regeringen kring andning och sond\u00e4tning\"}]},{\"@type\":\"WebSite\",\"@id\":\"https:\/\/jag.se\/opinion\/#website\",\"url\":\"https:\/\/jag.se\/opinion\/\",\"name\":\"JAG Opinion\",\"description\":\"\",\"potentialAction\":[{\"@type\":\"SearchAction\",\"target\":{\"@type\":\"EntryPoint\",\"urlTemplate\":\"https:\/\/jag.se\/opinion\/?s={search_term_string}\"},\"query-input\":\"required name=search_term_string\"}],\"inLanguage\":\"sv-SE\"},{\"@type\":\"Person\",\"@id\":\"https:\/\/jag.se\/opinion\/#\/schema\/person\/42ca7c4b556b837c35d83ffe97aa92c0\",\"name\":\"Alexander Alexandrov\",\"image\":{\"@type\":\"ImageObject\",\"inLanguage\":\"sv-SE\",\"@id\":\"https:\/\/jag.se\/opinion\/#\/schema\/person\/image\/\",\"url\":\"https:\/\/secure.gravatar.com\/avatar\/39974ed46e3cb66fe6760e4c288a2722aff8b0a328a2802a65dd6f31fe323990?s=96&d=mm&r=g\",\"contentUrl\":\"https:\/\/secure.gravatar.com\/avatar\/39974ed46e3cb66fe6760e4c288a2722aff8b0a328a2802a65dd6f31fe323990?s=96&d=mm&r=g\",\"caption\":\"Alexander Alexandrov\"},\"sameAs\":[\"https:\/\/jag.se\"]}]}<\/script>\n<!-- \/ Yoast SEO plugin. -->","yoast_head_json":{"title":"Nytt lagf\u00f6rslag fr\u00e5n regeringen kring andning och sond\u00e4tning - JAG Opinion","robots":{"index":"index","follow":"follow","max-snippet":"max-snippet:-1","max-image-preview":"max-image-preview:large","max-video-preview":"max-video-preview:-1"},"canonical":"https:\/\/jag.se\/opinion\/nytt-lagforslag-fran-regeringen-kring-andning-och-sondatning\/","og_locale":"sv_SE","og_type":"article","og_title":"Nytt lagf\u00f6rslag fr\u00e5n regeringen kring andning och sond\u00e4tning - JAG Opinion","og_description":"Regeringen har i dag l\u00e4mnat ett f\u00f6rslag till ny lag om andning och sond\u00e4tning till Lagr\u00e5det. Gl\u00e4djande nog konstaterar regeringen att assistans med andning och sond\u00e4tning \u00e4r kritiska f\u00f6r en persons \u00f6verlevnad och att ingen som har behov av detta och omfattas av personkretsen enligt LSS ska g\u00e5 miste om r\u00e4tten till personlig assistans eller","og_url":"https:\/\/jag.se\/opinion\/nytt-lagforslag-fran-regeringen-kring-andning-och-sondatning\/","og_site_name":"JAG Opinion","article_published_time":"2020-01-31T15:21:06+00:00","article_modified_time":"2022-03-18T15:43:02+00:00","og_image":[{"width":370,"height":277,"url":"https:\/\/jag.se\/wp-content\/uploads\/sites\/3\/2020\/01\/spruta-1.jpg","type":"image\/jpeg"}],"author":"Alexander Alexandrov","twitter_card":"summary_large_image","twitter_misc":{"Skriven av":"Alexander Alexandrov","Ber\u00e4knad l\u00e4stid":"2 minuter"},"schema":{"@context":"https:\/\/schema.org","@graph":[{"@type":"WebPage","@id":"https:\/\/jag.se\/opinion\/nytt-lagforslag-fran-regeringen-kring-andning-och-sondatning\/","url":"https:\/\/jag.se\/opinion\/nytt-lagforslag-fran-regeringen-kring-andning-och-sondatning\/","name":"Nytt lagf\u00f6rslag fr\u00e5n regeringen kring andning och sond\u00e4tning - JAG Opinion","isPartOf":{"@id":"https:\/\/jag.se\/opinion\/#website"},"datePublished":"2020-01-31T15:21:06+00:00","dateModified":"2022-03-18T15:43:02+00:00","author":{"@id":"https:\/\/jag.se\/opinion\/#\/schema\/person\/42ca7c4b556b837c35d83ffe97aa92c0"},"breadcrumb":{"@id":"https:\/\/jag.se\/opinion\/nytt-lagforslag-fran-regeringen-kring-andning-och-sondatning\/#breadcrumb"},"inLanguage":"sv-SE","potentialAction":[{"@type":"ReadAction","target":["https:\/\/jag.se\/opinion\/nytt-lagforslag-fran-regeringen-kring-andning-och-sondatning\/"]}]},{"@type":"BreadcrumbList","@id":"https:\/\/jag.se\/opinion\/nytt-lagforslag-fran-regeringen-kring-andning-och-sondatning\/#breadcrumb","itemListElement":[{"@type":"ListItem","position":1,"name":"JAG start","item":"https:\/\/jag.se"},{"@type":"ListItem","position":2,"name":"Riksf\u00f6reningen JAG","item":"https:\/\/jag.se\/opinion\/"},{"@type":"ListItem","position":3,"name":"Nytt lagf\u00f6rslag fr\u00e5n regeringen kring andning och sond\u00e4tning"}]},{"@type":"WebSite","@id":"https:\/\/jag.se\/opinion\/#website","url":"https:\/\/jag.se\/opinion\/","name":"JAG Opinion","description":"","potentialAction":[{"@type":"SearchAction","target":{"@type":"EntryPoint","urlTemplate":"https:\/\/jag.se\/opinion\/?s={search_term_string}"},"query-input":"required name=search_term_string"}],"inLanguage":"sv-SE"},{"@type":"Person","@id":"https:\/\/jag.se\/opinion\/#\/schema\/person\/42ca7c4b556b837c35d83ffe97aa92c0","name":"Alexander Alexandrov","image":{"@type":"ImageObject","inLanguage":"sv-SE","@id":"https:\/\/jag.se\/opinion\/#\/schema\/person\/image\/","url":"https:\/\/secure.gravatar.com\/avatar\/39974ed46e3cb66fe6760e4c288a2722aff8b0a328a2802a65dd6f31fe323990?s=96&d=mm&r=g","contentUrl":"https:\/\/secure.gravatar.com\/avatar\/39974ed46e3cb66fe6760e4c288a2722aff8b0a328a2802a65dd6f31fe323990?s=96&d=mm&r=g","caption":"Alexander Alexandrov"},"sameAs":["https:\/\/jag.se"]}]}},"_links":{"self":[{"href":"https:\/\/jag.se\/opinion\/wp-json\/wp\/v2\/posts\/2256","targetHints":{"allow":["GET"]}}],"collection":[{"href":"https:\/\/jag.se\/opinion\/wp-json\/wp\/v2\/posts"}],"about":[{"href":"https:\/\/jag.se\/opinion\/wp-json\/wp\/v2\/types\/post"}],"author":[{"embeddable":true,"href":"https:\/\/jag.se\/opinion\/wp-json\/wp\/v2\/users\/1"}],"replies":[{"embeddable":true,"href":"https:\/\/jag.se\/opinion\/wp-json\/wp\/v2\/comments?post=2256"}],"version-history":[{"count":1,"href":"https:\/\/jag.se\/opinion\/wp-json\/wp\/v2\/posts\/2256\/revisions"}],"predecessor-version":[{"id":2381,"href":"https:\/\/jag.se\/opinion\/wp-json\/wp\/v2\/posts\/2256\/revisions\/2381"}],"wp:featuredmedia":[{"embeddable":true,"href":"https:\/\/jag.se\/opinion\/wp-json\/wp\/v2\/media\/2380"}],"wp:attachment":[{"href":"https:\/\/jag.se\/opinion\/wp-json\/wp\/v2\/media?parent=2256"}],"wp:term":[{"taxonomy":"category","embeddable":true,"href":"https:\/\/jag.se\/opinion\/wp-json\/wp\/v2\/categories?post=2256"},{"taxonomy":"post_tag","embeddable":true,"href":"https:\/\/jag.se\/opinion\/wp-json\/wp\/v2\/tags?post=2256"}],"curies":[{"name":"wp","href":"https:\/\/api.w.org\/{rel}","templated":true}]}}